{"id":47453,"date":"2025-04-23T20:27:11","date_gmt":"2025-04-23T20:27:11","guid":{"rendered":"https:\/\/www.europesays.com\/fr\/47453\/"},"modified":"2025-04-23T20:27:11","modified_gmt":"2025-04-23T20:27:11","slug":"luca-ramon-et-le-tours-vb-vont-y-aller-tous-a-150-dans-leur-demi-finale-face-a-montpellier","status":"publish","type":"post","link":"https:\/\/www.europesays.com\/fr\/47453\/","title":{"rendered":"Luca Ramon et le Tours VB vont \u00ab\u00a0y aller tous \u00e0 150 %\u00a0\u00bb dans leur demi-finale face \u00e0 Montpellier"},"content":{"rendered":"<p>Ce mardi apr\u00e8s-midi, apr\u00e8s l\u2019entra\u00eenement conclu par un speech au ton offensif de Marcelo Fronckowiak \u00e0 ses joueurs, Luca Ramon a pris soin de s\u2019\u00e9tirer, longuement. Et puis, il a pris quelques minutes pour \u00e9voquer cette demi-finale qui attend le TVB, \u00e0 partir de ce vendredi 25\u00a0avril 2025, contre Montpellier. Plus solide que jamais, le meilleur libero de MSL \u2013 qui dit de lui-m\u00eame\u00a0qu\u2019il \u00ab\u00a0a grandi dans le jeu mais aussi dans la vie\u00a0\u00bb \u2013 est bien d\u00e9cid\u00e9 \u00e0 disputer une nouvelle finale du championnat, et \u00e0 d\u00e9crocher cette fois le titre. \u00ab\u00a0Favoris, pas favoris, je m\u2019en fous. C\u2019est le meilleur qui gagnera.\u00a0\u00bb Le ton est donn\u00e9.<\/p>\n<p class=\"interview\">Vous voil\u00e0 en demi-finale face au 1er\u00a0de la phase r\u00e9guli\u00e8re, qui vous a battus trois fois cette saison\u2026<\/p>\n<p>\u00ab\u00a0C\u2019est vrai qu\u2019on ne part pas avec l\u2019avantage psychologique. On a perdu trois fois, forc\u00e9ment ils doivent avoir de bons souvenirs de jouer contre nous (sourire). Mais je ne pars pas d\u00e9faitiste, au contraire. L\u2019ann\u00e9e derni\u00e8re, personne ne nous voyait en finale, on y est all\u00e9 quand m\u00eame. On est sur une bonne dynamique. En deux matchs, beaucoup de choses peuvent se passer, cela peut aller tr\u00e8s vite. Ils ont l\u2019avantage sur le premier parce qu\u2019ils jouent chez eux. Mais justement, si on arrive \u00e0 les faire d\u00e9jouer, qu\u2019on revient ici avec une victoire, la pression peut \u00eatre sur eux et cela peut \u00eatre un gros tournant. \u00c0 voir\u2026\u00a0\u00bb<\/p>\n<p class=\"interview\">Avez-vous suivi leur quart face \u00e0 Cannes, qui les a battus au match 1 et pouss\u00e9s au tie-break au match 4\u00a0?<\/p>\n<p>\u00ab\u00a0Ils se sont fait peur. Apr\u00e8s, Cannes \u00e9tait une \u00e9quipe pas facile \u00e0 jouer, vraiment combattante, qui ne l\u00e2chait rien en d\u00e9fense, avec un \u00e9tat d\u2019esprit irr\u00e9prochable. Des \u00e9quipes tr\u00e8s physiques, qui mettent une grosse pression au service-block, qui d\u00e9fendent, tr\u00e8s techniques, cela leur va peut-\u00eatre un peu moins \u00e0 Montpellier.\u00a0\u00bb<\/p>\n<p class=\"interview\">Des cl\u00e9s que vous avez aussi\u00a0?<\/p>\n<p>\u00ab\u00a0Oui, c\u2019est aussi notre point fort le service-block-d\u00e9fense. Il va falloir qu\u2019on soit patient. On sait qu\u2019ils auront une grosse dimension physique. \u00c0 nous d\u2019\u00eatre plus intelligent, de rallonger les points, les \u00e9nerver un peu avec un gros esprit d\u2019\u00e9quipe.\u00a0Il va falloir que le jeu sans ballon soit parfait, \u00eatre hyper focus, et \u00e0 tous les points parce que m\u00eame le premier peut \u00eatre super important. Cela va \u00eatre un gros fight. C\u2019est une \u00e9quipe qui a du caract\u00e8re, cela peut chambrer. Il va falloir leur montrer qu\u2019on est pr\u00eat au combat d\u00e8s l\u2019\u00e9chauffement. M\u00eame si on ne fait que 4e\u00a0de la phase r\u00e9guli\u00e8re, m\u00eame si on a eu des difficult\u00e9s, m\u00eame si les gens ne nous voient peut-\u00eatre pas favoris contre Montpellier, la demi-finale, on va la jouer pour la gagner. On va aller en finale, et on la jouera aussi pour la gagner. Le TVB est cr\u00e9\u00e9 pour gagner des titres et il le fait depuis des ann\u00e9es. Nous aussi, on a envie d\u2019y mettre notre patte. On va mettre toute l\u2019\u00e9nergie qu\u2019il nous reste dans ces derniers matchs. On est tous en forme, il n\u2019y a pas de gal\u00e8re. On va y aller tous \u00e0 150\u00a0%\u00a0\u00bb<\/p>\n<p class=\"interview\">Et s\u2019il y a un gar\u00e7on en forme, c\u2019est vous\u00a0! Vrai chef de la ligne arri\u00e8re, d\u00e9sign\u00e9 meilleur libero de MSL\u00a0: comment appr\u00e9ciez-vous votre saison\u00a0?<\/p>\n<p>\u00ab\u00a0Je l\u2019appr\u00e9cie, mais j\u2019en veux plus. Je suis content de ma saison, je pense que j\u2019ai grandi dans ma t\u00eate, en termes de maturit\u00e9 dans le jeu \u00e9galement. J\u2019ai pris un peu plus d\u2019importance que l\u2019an pass\u00e9 o\u00f9 le groupe \u00e9tait plus exp\u00e9riment\u00e9 aussi. M\u00eame si un titre individuel fait toujours plaisir, le vrai objectif, il est l\u00e0, on est en train de le jouer.\u00a0\u00bb<\/p>\n<p><img alt=\"Patron de la ligne arri\u00e8re, Luca Ramon s\u2019est impos\u00e9, cette saison, comme l\u2019un des leaders tourangeaux.\" loading=\"lazy\" width=\"980\" height=\"573\" decoding=\"async\" data-nimg=\"1\" class=\"img-responsive spinner-show\" style=\"color:transparent;background-size:cover;background-position:50% 50%;background-repeat:no-repeat;background-image:url(&quot;data:image\/svg+xml;charset=utf-8,%3Csvg xmlns=\" http:=\"\" viewbox=\"0 0 980 573\" id=\"b\" color-interpolation-filters=\"sRGB\" stddeviation=\"20\" values=\"1 0 0 0 0 0 1 0 0 0 0 0 1 0 0 0 0 0 100 -1\" result=\"s\" x=\"0\" y=\"0\" operator=\"out\" in=\"s\" in2=\"SourceGraphic\" preserveaspectratio=\"none\" href=\"https:\/\/images.lanouvellerepublique.fr\/image\/upload\/t_88w\/f_auto\/680908d74dac6c663b8b4622.jpg\"   src=\"https:\/\/www.europesays.com\/fr\/wp-content\/uploads\/2025\/04\/680908d74dac6c663b8b4622.jpg\"\/><\/p>\n<p style=\"background-color:#F2F2F2;padding:5px;margin-top:0px;margin-bottom:10px\">Patron de la ligne arri\u00e8re, Luca Ramon s\u2019est impos\u00e9, cette saison, comme l\u2019un des leaders tourangeaux.<br \/> \u00a9 (Photo archives NR, Julien Pruvost)<\/p>\n<p class=\"interview\">Poitiers, le club de vos d\u00e9buts professionnels, a cr\u00e9\u00e9 la surprise en sortant Tourcoing en quarts. Une finale Tours-Poitiers est donc possible\u2026<\/p>\n<p>\u00ab\u00a0Il y a eu une grosse hype\u00a0\u00e0 Poitiers avec l\u2019arriv\u00e9e d\u2019Earvin et malgr\u00e9 son d\u00e9part, ils sont rest\u00e9s plut\u00f4t solides. L\u2019arriv\u00e9e du pointu (Mujanovic) fait \u00e9norm\u00e9ment de bien. Je suis vraiment content pour le club, j\u2019esp\u00e8re que leur ascension va continuer. Apr\u00e8s, Tours-Poitiers, c\u2019est peut-\u00eatre la finale la moins attendue. Mais pourquoi pas, ce serait fou\u00a0! Ce serait une finale r\u00eav\u00e9e\u2026 Cela me rappellerait de tr\u00e8s beaux souvenirs quand j\u2019\u00e9tais petit et que je venais voir des matchs. Cela rappellerait aussi beaucoup de souvenirs aux fans poitevins et tourangeaux. J\u2019ai du mal \u00e0 mettre un pronostic sur Chaumont-Poitiers. Chaumont a une super \u00e9quipe, mais bonne chance \u00e0 eux\u00a0: jouer \u00e0 Lawson-Body, c\u2019est vraiment chaud quand on est adversaire, on ne s\u2019entend pas, cela fait mal \u00e0 la t\u00eate. Esp\u00e9rons d\u00e9j\u00e0 que nous, nous soyons en finale.\u00a0\u00bb<\/p>\n<p>Match 1\u00a0: Montpellier\u00a0&#8211; Tours, vendredi 25\u00a0avril \u00e0 20\u00a0h.<br \/>Match 2\u00a0: Tours\u00a0&#8211; Montpellier, vendredi 2\u00a0mai \u00e0 20\u00a0h, salle Grenon.<br \/>Match 3 potentiel\u00a0: Montpellier\u00a0&#8211; Tours, lundi 5\u00a0mai.<\/p>\n<p>\u00a0<\/p>\n<p class=\"alireaussi\"><b>&gt; Rejoignez la communaut\u00e9 NR &#8211; Les sports en Touraine sur Facebook.<\/b><\/p>\n<p>Nous avons bloqu\u00e9 l&rsquo;affichage de ce contenu pour respecter vos choix en mati\u00e8re de cookies. En cliquant sur \u00ab\u00a0Accepter\u00a0\u00bb,\u00a0vous acceptez le d\u00e9p\u00f4t de cookies. Vous pouvez modifier vos choix \u00e0 tout moment en vous rendant sur <a class=\"blocSansConsentement_lien__m9THN\" href=\"https:\/\/www.lanouvellerepublique.fr\/politique-de-confidentialite\" rel=\"nofollow noopener\" target=\"_blank\">cette page<\/a>.<\/p>\n<p>Accepter<\/p>\n<p>Un \u00e9t\u00e9 en Bleu<\/p>\n<p>Alors qu\u2019il lui reste un an de contrat au TVB, Luca Ramon aurait pleine l\u00e9gitimit\u00e9 \u00e0 vivre ensuite une exp\u00e9rience hors de France, m\u00eame s\u2019il sait que \u00ab\u00a0le march\u00e9 des liberos est tr\u00e8s compliqu\u00e9 \u00e0 l\u2019\u00e9tranger\u00a0\u00bb (quotas). Mais \u00e0 court terme, il ambitionne surtout d\u2019\u00eatre en \u00e9quipe de France cet \u00e9t\u00e9. \u00ab\u00a0C\u2019est l\u2019objectif, cela l\u2019a \u00e9t\u00e9 toute l\u2019ann\u00e9e dans ma t\u00eate. J\u2019ai rat\u00e9 le coche les deux derni\u00e8res ann\u00e9es \u00e0 cause des blessures. Je n\u2019ai pas envie de le rater une troisi\u00e8me fois.\u00a0\u00bb Ramon qui \u00ab\u00a0esp\u00e8re avoir sa premi\u00e8re s\u00e9lection cet \u00e9t\u00e9\u00a0\u00bb devrait \u00eatre exauc\u00e9 puisque, ce mercredi, Andrea Giani a indiqu\u00e9 que la France disputerait la premi\u00e8re semaine de VNL avec de nombreux jeunes, dont Ramon et \u00ab\u00a0probablement\u00a0\u00bb Pothron.<\/p>\n","protected":false},"excerpt":{"rendered":"Ce mardi apr\u00e8s-midi, apr\u00e8s l\u2019entra\u00eenement conclu par un speech au ton offensif de Marcelo Fronckowiak \u00e0 ses joueurs,&hellip;\n","protected":false},"author":2,"featured_media":47454,"comment_status":"","ping_status":"","sticky":false,"template":"","format":"standard","meta":{"footnotes":""},"categories":[1417],"tags":[1392,1011,27,1387,1655,60,1390,1471,2767,1470,1469],"class_list":{"0":"post-47453","1":"post","2":"type-post","3":"status-publish","4":"format-standard","5":"has-post-thumbnail","7":"category-volley","8":"tag-a-la-une-local","9":"tag-fr","10":"tag-france","11":"tag-indre-et-loire","12":"tag-ligue-a","13":"tag-sports","14":"tag-tours","15":"tag-tours-volley-ball","16":"tag-tvb-37","17":"tag-volley","18":"tag-volleyball"},"share_on_mastodon":{"url":"https:\/\/pubeurope.com\/@fr\/114389165298578387","error":""},"_links":{"self":[{"href":"https:\/\/www.europesays.com\/fr\/wp-json\/wp\/v2\/posts\/47453","targetHints":{"allow":["GET"]}}],"collection":[{"href":"https:\/\/www.europesays.com\/fr\/wp-json\/wp\/v2\/posts"}],"about":[{"href":"https:\/\/www.europesays.com\/fr\/wp-json\/wp\/v2\/types\/post"}],"author":[{"embeddable":true,"href":"https:\/\/www.europesays.com\/fr\/wp-json\/wp\/v2\/users\/2"}],"replies":[{"embeddable":true,"href":"https:\/\/www.europesays.com\/fr\/wp-json\/wp\/v2\/comments?post=47453"}],"version-history":[{"count":0,"href":"https:\/\/www.europesays.com\/fr\/wp-json\/wp\/v2\/posts\/47453\/revisions"}],"wp:featuredmedia":[{"embeddable":true,"href":"https:\/\/www.europesays.com\/fr\/wp-json\/wp\/v2\/media\/47454"}],"wp:attachment":[{"href":"https:\/\/www.europesays.com\/fr\/wp-json\/wp\/v2\/media?parent=47453"}],"wp:term":[{"taxonomy":"category","embeddable":true,"href":"https:\/\/www.europesays.com\/fr\/wp-json\/wp\/v2\/categories?post=47453"},{"taxonomy":"post_tag","embeddable":true,"href":"https:\/\/www.europesays.com\/fr\/wp-json\/wp\/v2\/tags?post=47453"}],"curies":[{"name":"wp","href":"https:\/\/api.w.org\/{rel}","templated":true}]}}