{"id":474534,"date":"2025-10-19T10:00:14","date_gmt":"2025-10-19T10:00:14","guid":{"rendered":"https:\/\/www.europesays.com\/fr\/474534\/"},"modified":"2025-10-19T10:00:14","modified_gmt":"2025-10-19T10:00:14","slug":"bijoux-voles-malfrats-en-fuite-ce-que-lon-sait-du-cambriolage-dont-a-ete-victime-le-musee-du-louvre-a-louverture","status":"publish","type":"post","link":"https:\/\/www.europesays.com\/fr\/474534\/","title":{"rendered":"Bijoux vol\u00e9s, malfrats en fuite\u2026 Ce que l\u2019on sait du cambriolage dont a \u00e9t\u00e9 victime le mus\u00e9e du Louvre \u00e0 l\u2019ouverture"},"content":{"rendered":"<p class=\"paragraph text_align_left lp-f-body-02\">Un vol en plein jour <a href=\"https:\/\/www.leparisien.fr\/culture-loisirs\/musee-du-louvre-la-joconde-est-elle-reellement-mal-presentee-comprendre-la-polemique-en-4-infographies-28-01-2025-TO3FD77Z5RGGTJLNRN5APOYDRI.php#:~:text=Le%20plus%20grand%20mus%C3%A9e%20du,plus%20fr%C3%A9quent%C3%A9%20de%20la%20plan%C3%A8te.\" target=\"_blank\" rel=\"noreferrer nofollow noopener\">dans le mus\u00e9e le plus visit\u00e9 du monde<\/a>. Le <a href=\"https:\/\/www.leparisien.fr\/paris-75\/musee-du-louvre\/\" target=\"_blank\" rel=\"noreferrer nofollow noopener\">Louvre<\/a> <a href=\"https:\/\/www.leparisien.fr\/paris-75\/le-musee-du-louvre-cible-dun-braquage-ce-dimanche-le-site-ferme-au-public-19-10-2025-DQII6PEIVVEDBM5KQMHDSCF6IM.php\" target=\"_blank\" rel=\"noreferrer nofollow noopener\">a \u00e9t\u00e9 cambriol\u00e9 ce dimanche matin \u00e0 \u00ab l\u2019ouverture \u00bb<\/a>, a annonc\u00e9 sur le r\u00e9seau social X la ministre de la Culture Rachida Dati. Selon elle, les \u00ab constations sont en cours \u00bb et il n\u2019y a pas de bless\u00e9. Le mus\u00e9e va rester ferm\u00e9 pour la journ\u00e9e de dimanche.<\/p>\n<blockquote class=\"twitter-tweet\">\n<p lang=\"fr\" dir=\"ltr\">Un braquage a eu lieu ce matin \u00e0 l\u2019ouverture du <a href=\"https:\/\/twitter.com\/MuseeLouvre?ref_src=twsrc%5Etfw\" rel=\"nofollow noopener\" target=\"_blank\">@MuseeLouvre<\/a>. Pas de bless\u00e9s \u00e0 d\u00e9plorer. Je suis sur place aux cot\u00e9s des \u00e9quipes du mus\u00e9e et de la police. Constatations en cours.<\/p>\n<p>\u2014 Rachida Dati \u0646 (@datirachida) <a href=\"https:\/\/twitter.com\/datirachida\/status\/1979828402405404895?ref_src=twsrc%5Etfw\" rel=\"nofollow noopener\" target=\"_blank\">October 19, 2025<\/a><\/p><\/blockquote>\n<p>Que s\u2019est-il pass\u00e9 ?<\/p>\n<p class=\"paragraph text_align_left lp-f-body-02\">Les faits se sont d\u00e9roul\u00e9s vers 9h30 ce dimanche matin au <a href=\"https:\/\/www.leparisien.fr\/paris-75\/le-musee-du-louvre-maintient-sa-frequentation-en-2024-malgre-la-parenthese-jo-06-01-2025-6Z6LNYWQYNHCZPKR6SP5RBSUKU.php\" target=\"_blank\" rel=\"noreferrer nofollow noopener\">Louvre<\/a>. D\u2019apr\u00e8s nos informations, des malfaiteurs, totalement cagoul\u00e9s, sont parvenus \u00e0 acc\u00e9der au b\u00e2timent c\u00f4t\u00e9 quais de Seine. Des travaux y sont en cours. Un monte-charge a \u00e9t\u00e9 utilis\u00e9 pour se rendre directement dans la galerie d\u2019Apollon, qui abrite de nombreux bijoux comme l\u2019explique le <a href=\"https:\/\/www.louvre.fr\/decouvrir\/le-palais\/soleil-or-et-diamants\" target=\"_blank\" rel=\"noreferrer nofollow noopener\">Louvre <\/a>sur son site.<\/p>\n<p class=\"paragraph text_align_left lp-f-body-02\">Les cambrioleurs ont bris\u00e9 plusieurs vitres et deux d\u2019entre eux sont rentr\u00e9s dans le mus\u00e9e. Un troisi\u00e8me est rest\u00e9 en retrait. Ils ont ensuite pris la fuite \u00e0 bord d\u2019un TMax, vers l\u2019autoroute A6.<\/p>\n<p class=\"paragraph text_align_left lp-f-body-02\">\u00ab Le mus\u00e9e du Louvre restera ferm\u00e9 aujourd\u2019hui pour raisons exceptionnelles \u00bb, a confirm\u00e9 le mus\u00e9e sur ses r\u00e9seaux sociaux. Des images <a href=\"https:\/\/x.com\/gregraspoutine\/status\/1979831953546432735\" target=\"_blank\" rel=\"noreferrer nofollow\">sur les r\u00e9seaux sociaux<\/a> montrent que les visiteurs ont \u00e9t\u00e9 \u00e9vacu\u00e9s.<\/p>\n<blockquote class=\"twitter-tweet\">\n<p lang=\"fr\" dir=\"ltr\">\u26a0\ufe0f\ud83c\uddeb\ud83c\uddf7 Le mus\u00e9e du Louvre restera ferm\u00e9 aujourd&rsquo;hui pour raisons exceptionnelles. <br \/>\u2234<br \/>\u26a0\ufe0f\ud83c\udf0d The Mus\u00e9e du Louvre will remain closed today for exceptional reasons. <a href=\"https:\/\/t.co\/bFY1hRaW5k\" rel=\"nofollow\">pic.twitter.com\/bFY1hRaW5k<\/a><\/p>\n<p>\u2014 Mus\u00e9e du Louvre (@MuseeLouvre) <a href=\"https:\/\/twitter.com\/MuseeLouvre\/status\/1979829326112858152?ref_src=twsrc%5Etfw\" rel=\"nofollow noopener\" target=\"_blank\">October 19, 2025<\/a><\/p><\/blockquote>\n<p class=\"paragraph text_align_left lp-f-body-02\">Le ministre de l\u2019Int\u00e9rieur et ancien pr\u00e9fet de police de Paris Laurent Nu\u00f1ez se trouve sur place, tout comme Rachida Dati. Il doit prendre la parole vers midi.<\/p>\n<p>Quels sont les objets d\u00e9rob\u00e9s ?<\/p>\n<p class=\"paragraph text_align_left lp-f-body-02\">D\u2019apr\u00e8s nos informations, neuf pi\u00e8ces de la collection de bijoux de Napol\u00e9on et de l\u2019imp\u00e9ratrice ont \u00e9t\u00e9 vol\u00e9es : collier, brocher, diad\u00e8me\u2026 Ils \u00e9taient expos\u00e9s derri\u00e8re les vitrines Napol\u00e9on et Souverains Fran\u00e7ais.<\/p>\n<p class=\"paragraph text_align_left lp-f-body-02\">Selon une source interne au mus\u00e9e, le plus gros diamant de la collection, le fameux R\u00e9gent de plus de 140 carats, n\u2019a pas \u00e9t\u00e9 subtilis\u00e9. Le montant du pr\u00e9judice n\u2019a, \u00e0 ce stade, pas \u00e9t\u00e9 communiqu\u00e9.<\/p>\n<p><script async src=\"https:\/\/platform.twitter.com\/widgets.js\" charset=\"utf-8\"><\/script><\/p>\n","protected":false},"excerpt":{"rendered":"Un vol en plein jour dans le mus\u00e9e le plus visit\u00e9 du monde. Le Louvre a \u00e9t\u00e9 cambriol\u00e9&hellip;\n","protected":false},"author":2,"featured_media":474535,"comment_status":"","ping_status":"","sticky":false,"template":"","format":"standard","meta":{"footnotes":""},"categories":[1888],"tags":[11,1777,674,118,1011,27,1944,12,626,25],"class_list":{"0":"post-474534","1":"post","2":"type-post","3":"status-publish","4":"format-standard","5":"has-post-thumbnail","7":"category-paris","8":"tag-actualites","9":"tag-eu","10":"tag-europe","11":"tag-faits-divers","12":"tag-fr","13":"tag-france","14":"tag-ma-ville","15":"tag-news","16":"tag-paris","17":"tag-republique-francaise"},"share_on_mastodon":{"url":"https:\/\/pubeurope.com\/@fr\/115400253498880553","error":""},"_links":{"self":[{"href":"https:\/\/www.europesays.com\/fr\/wp-json\/wp\/v2\/posts\/474534","targetHints":{"allow":["GET"]}}],"collection":[{"href":"https:\/\/www.europesays.com\/fr\/wp-json\/wp\/v2\/posts"}],"about":[{"href":"https:\/\/www.europesays.com\/fr\/wp-json\/wp\/v2\/types\/post"}],"author":[{"embeddable":true,"href":"https:\/\/www.europesays.com\/fr\/wp-json\/wp\/v2\/users\/2"}],"replies":[{"embeddable":true,"href":"https:\/\/www.europesays.com\/fr\/wp-json\/wp\/v2\/comments?post=474534"}],"version-history":[{"count":0,"href":"https:\/\/www.europesays.com\/fr\/wp-json\/wp\/v2\/posts\/474534\/revisions"}],"wp:featuredmedia":[{"embeddable":true,"href":"https:\/\/www.europesays.com\/fr\/wp-json\/wp\/v2\/media\/474535"}],"wp:attachment":[{"href":"https:\/\/www.europesays.com\/fr\/wp-json\/wp\/v2\/media?parent=474534"}],"wp:term":[{"taxonomy":"category","embeddable":true,"href":"https:\/\/www.europesays.com\/fr\/wp-json\/wp\/v2\/categories?post=474534"},{"taxonomy":"post_tag","embeddable":true,"href":"https:\/\/www.europesays.com\/fr\/wp-json\/wp\/v2\/tags?post=474534"}],"curies":[{"name":"wp","href":"https:\/\/api.w.org\/{rel}","templated":true}]}}