{"id":474536,"date":"2025-10-19T10:01:19","date_gmt":"2025-10-19T10:01:19","guid":{"rendered":"https:\/\/www.europesays.com\/fr\/474536\/"},"modified":"2025-10-19T10:01:19","modified_gmt":"2025-10-19T10:01:19","slug":"paris-rachida-dati-annonce-un-cambriolage-au-louvre-le-musee-ferme-pour-la-journee","status":"publish","type":"post","link":"https:\/\/www.europesays.com\/fr\/474536\/","title":{"rendered":"Paris. Rachida Dati annonce un cambriolage au Louvre, le mus\u00e9e ferm\u00e9 pour la journ\u00e9e"},"content":{"rendered":"<p>Plusieurs malfaiteurs ont d\u00e9rob\u00e9 dimanche matin des bijoux expos\u00e9s au mus\u00e9e du Louvre \u00e0 Paris, avant de prendre la fuite, a-t-on appris de source proche du dossier. Les faits se sont d\u00e9roul\u00e9s, selon les premiers \u00e9l\u00e9ments de l&rsquo;enqu\u00eate, entre 9h30 et 9h40. Le montant du butin est en cours d&rsquo;\u00e9valuation.<\/p>\n<p>Ce contenu est bloqu\u00e9 car vous n&rsquo;avez pas accept\u00e9 les cookies et autres traceurs.<\/p>\n<p>En cliquant sur \u00ab J\u2019accepte \u00bb, les cookies et autres traceurs seront d\u00e9pos\u00e9s et vous pourrez visualiser les contenus  (<a href=\"\" class=\"consentModule_policy\" target=\"_blank\" title=\"Consulter la politique de protection des donn\u00e9es du fournisseur\">plus d&rsquo;informations<\/a>).<\/p>\n<p>En cliquant sur \u00ab J\u2019accepte tous les cookies \u00bb, vous autorisez des d\u00e9p\u00f4ts de cookies et autres traceurs pour le stockage de vos donn\u00e9es sur nos sites et applications \u00e0 des fins de personnalisation et de ciblage publicitaire.<\/p>\n<p class=\"consentModule_secondaryText\">Vous gardez la possibilit\u00e9 de retirer votre consentement \u00e0 tout moment en consultant notre <a href=\"https:\/\/www.ledauphine.com\/protection-des-donnees\" target=\"_blank\" title=\"Consulter notre politique de protection des donn\u00e9es\" rel=\"nofollow noopener\">politique de protection des donn\u00e9es<\/a>. <br \/>&#13;<br \/>\n            <a href=\"https:\/\/www.ledauphine.com\/faits-divers-justice\/2025\/10\/19\/javascript:Didomi.notice.show()\" class=\"consentModule_cmp\" rel=\"nofollow noopener\" target=\"_blank\">G\u00e9rer mes choix<\/a>&#13;\n        <\/p>\n<p>&#13;<br \/>\n                        J&rsquo;accepte&#13;<br \/>\n            J&rsquo;accepte tous les cookies&#13;\n        <\/p>\n<p>\u00ab Un braquage a eu lieu ce matin \u00e0 l&rsquo;ouverture du Mus\u00e9e du Louvre. Pas de bless\u00e9s \u00e0 d\u00e9plorer. Je suis sur place aux cot\u00e9s des \u00e9quipes du mus\u00e9e et de la police. Constatations en cours \u00bb, a \u00e9crit <a href=\"https:\/\/www.ledauphine.com\/p\/rachida-dati\" target=\"_blank\" rel=\"nofollow noopener\">Rachida Dati<\/a>, la ministre de la Culture sur X.<\/p>\n<p>Mus\u00e9e ferm\u00e9 pour la journ\u00e9e<\/p>\n<p>Les malfaiteurs, dont le nombre n&rsquo;a pas \u00e9t\u00e9 communiqu\u00e9 pour l&rsquo;instant, seraient venus en scooter et ont utilis\u00e9 un monte-charge pour acc\u00e9der \u00e0 la salle qui les int\u00e9ressait. Ils \u00e9taient munis de petites tron\u00e7onneuses, selon une source polici\u00e8re.<\/p>\n<p>Ce contenu est bloqu\u00e9 car vous n&rsquo;avez pas accept\u00e9 les cookies et autres traceurs.<\/p>\n<p>En cliquant sur \u00ab J\u2019accepte \u00bb, les cookies et autres traceurs seront d\u00e9pos\u00e9s et vous pourrez visualiser les contenus  (<a href=\"\" class=\"consentModule_policy\" target=\"_blank\" title=\"Consulter la politique de protection des donn\u00e9es du fournisseur\">plus d&rsquo;informations<\/a>).<\/p>\n<p>En cliquant sur \u00ab J\u2019accepte tous les cookies \u00bb, vous autorisez des d\u00e9p\u00f4ts de cookies et autres traceurs pour le stockage de vos donn\u00e9es sur nos sites et applications \u00e0 des fins de personnalisation et de ciblage publicitaire.<\/p>\n<p class=\"consentModule_secondaryText\">Vous gardez la possibilit\u00e9 de retirer votre consentement \u00e0 tout moment en consultant notre <a href=\"https:\/\/www.ledauphine.com\/protection-des-donnees\" target=\"_blank\" title=\"Consulter notre politique de protection des donn\u00e9es\" rel=\"nofollow noopener\">politique de protection des donn\u00e9es<\/a>. <br \/>&#13;<br \/>\n            <a href=\"https:\/\/www.ledauphine.com\/faits-divers-justice\/2025\/10\/19\/javascript:Didomi.notice.show()\" class=\"consentModule_cmp\" rel=\"nofollow noopener\" target=\"_blank\">G\u00e9rer mes choix<\/a>&#13;\n        <\/p>\n<p>&#13;<br \/>\n                        J&rsquo;accepte&#13;<br \/>\n            J&rsquo;accepte tous les cookies&#13;\n        <\/p>\n<p>\u00ab Le mus\u00e9e du Louvre restera ferm\u00e9 aujourd&rsquo;hui (dimanche) pour raisons exceptionnelles \u00bb, a indiqu\u00e9 pour sa part l&rsquo;institution sur son compte X, un message \u00e9galement diffus\u00e9 en anglais.<\/p>\n<p>Le Louvre est le plus visit\u00e9 au monde avec pr\u00e8s de neuf millions de visiteurs en 2024, dont 80% d&rsquo;\u00e9trangers.<\/p>\n","protected":false},"excerpt":{"rendered":"Plusieurs malfaiteurs ont d\u00e9rob\u00e9 dimanche matin des bijoux expos\u00e9s au mus\u00e9e du Louvre \u00e0 Paris, avant de prendre&hellip;\n","protected":false},"author":2,"featured_media":474537,"comment_status":"","ping_status":"","sticky":false,"template":"","format":"standard","meta":{"footnotes":""},"categories":[1888],"tags":[11,1687,1777,674,274,107,1011,27,329,12,626,25],"class_list":{"0":"post-474536","1":"post","2":"type-post","3":"status-publish","4":"format-standard","5":"has-post-thumbnail","7":"category-paris","8":"tag-actualites","9":"tag-culture-loisirs","10":"tag-eu","11":"tag-europe","12":"tag-faits-divers-justice","13":"tag-fil-info","14":"tag-fr","15":"tag-france","16":"tag-france-monde","17":"tag-news","18":"tag-paris","19":"tag-republique-francaise"},"share_on_mastodon":{"url":"https:\/\/pubeurope.com\/@fr\/115400257664277059","error":""},"_links":{"self":[{"href":"https:\/\/www.europesays.com\/fr\/wp-json\/wp\/v2\/posts\/474536","targetHints":{"allow":["GET"]}}],"collection":[{"href":"https:\/\/www.europesays.com\/fr\/wp-json\/wp\/v2\/posts"}],"about":[{"href":"https:\/\/www.europesays.com\/fr\/wp-json\/wp\/v2\/types\/post"}],"author":[{"embeddable":true,"href":"https:\/\/www.europesays.com\/fr\/wp-json\/wp\/v2\/users\/2"}],"replies":[{"embeddable":true,"href":"https:\/\/www.europesays.com\/fr\/wp-json\/wp\/v2\/comments?post=474536"}],"version-history":[{"count":0,"href":"https:\/\/www.europesays.com\/fr\/wp-json\/wp\/v2\/posts\/474536\/revisions"}],"wp:featuredmedia":[{"embeddable":true,"href":"https:\/\/www.europesays.com\/fr\/wp-json\/wp\/v2\/media\/474537"}],"wp:attachment":[{"href":"https:\/\/www.europesays.com\/fr\/wp-json\/wp\/v2\/media?parent=474536"}],"wp:term":[{"taxonomy":"category","embeddable":true,"href":"https:\/\/www.europesays.com\/fr\/wp-json\/wp\/v2\/categories?post=474536"},{"taxonomy":"post_tag","embeddable":true,"href":"https:\/\/www.europesays.com\/fr\/wp-json\/wp\/v2\/tags?post=474536"}],"curies":[{"name":"wp","href":"https:\/\/api.w.org\/{rel}","templated":true}]}}