{"id":474538,"date":"2025-10-19T10:02:10","date_gmt":"2025-10-19T10:02:10","guid":{"rendered":"https:\/\/www.europesays.com\/fr\/474538\/"},"modified":"2025-10-19T10:02:10","modified_gmt":"2025-10-19T10:02:10","slug":"pour-faire-la-paix-poutine-exige-le-controle-total-de-la-region-de-donetsk","status":"publish","type":"post","link":"https:\/\/www.europesays.com\/fr\/474538\/","title":{"rendered":"Pour faire la paix, Poutine exige le contr\u00f4le total de la r\u00e9gion de Donetsk"},"content":{"rendered":"\n<p>Jeudi 17\u00a0octobre, vingt-quatre heures avant de recevoir Volodymyr Zelensky \u00e0 la Maison-Blanche, Donald Trump parlait au t\u00e9l\u00e9phone avec Vladimir Poutine. Une conversation de plus de deux heures au cours de laquelle, <a class=\"ithalc\" data-ithal=\"lien_externe\" data-ithalc=\"[nav_article]\" target=\"_blank\" href=\"https:\/\/www.washingtonpost.com\/politics\/2025\/10\/18\/putin-trump-donetsk-war-ukraine\/\" rel=\"noopener\">selon le <strong>Washington Post<\/strong><\/a>, le pr\u00e9sident russe aurait exig\u00e9, pour mettre fin \u00e0 la guerre, que Kiev abandonne \u00e0 la Russie la r\u00e9gion de Donetsk, dans l\u2019est du pays.<\/p>\n<p>Une exigence \u201cqui d\u00e9savantagerait consid\u00e9rablement l\u2019Ukraine et pourrait constituer un obstacle \u00e0 la paix\u201d, selon de hauts responsables am\u00e9ricains. En \u00e9change d\u2019un contr\u00f4le total sur Donetsk, Vladimir Poutine \u201ca laiss\u00e9 entendre\u201d qu\u2019il serait pr\u00eat \u00e0 rendre \u00e0 l\u2019Ukraine des territoires partiellement conquis par les forces russes dans les r\u00e9gions de Zaporijia et Kherson, selon les m\u00eames responsables am\u00e9ricains inform\u00e9s du contenu de la conversation.<\/p>\n<p>La Russie et les s\u00e9paratistes qu\u2019elle soutient revendiquent certaines zones du \u201cterritoire clef\u201d que constitue la r\u00e9gion de Donetsk depuis 2014, mais ils n\u2019ont jamais r\u00e9ussi \u00e0 la conqu\u00e9rir enti\u00e8rement par la force, rappelle le Washington Post. Les offensives de l\u2019arm\u00e9e russe ont \u00e9t\u00e9 repouss\u00e9es \u00e0 plusieurs reprises par les forces ukrainiennes \u201cretranch\u00e9es dans une zone qu\u2019elles consid\u00e8rent comme un rempart essentiel contre une avanc\u00e9e rapide de la Russie vers l\u2019ouest en direction de la capitale\u201d.<\/p>\n<p>Des responsables de la Maison-Blanche soulignent qu\u2019il s\u2019agirait d\u2019une revendication territoriale \u201cl\u00e9g\u00e8rement moins ambitieuse\u201d que celle formul\u00e9e en ao\u00fbt, <a href=\"https:\/\/www.courrierinternational.com\/article\/vu-de-moscou-le-sommet-d-anchorage-une-grande-victoire-de-la-diplomatie-russe_234048\" target=\"_blank\" rel=\"noopener\">lors du sommet Trump-Poutine \u00e0 Anchorage<\/a>, et veulent y voir un \u201cprogr\u00e8s\u201d. Il est peu probable que les Ukrainiens voient les choses de cette fa\u00e7on. \u00ab\u00a0Ce serait comme vendre sa jambe droite pour du vent\u00a0\u00bb, commente un diplomate europ\u00e9en.<\/p>\n<p>               Trump optimiste, Poutine inflexible       <\/p>\n<p>Vendredi 18\u00a0octobre, lors de la rencontre Trump-Zelensky \u00e0 Washington, Steve Witkoff, l\u2019envoy\u00e9 sp\u00e9cial de Donald Trump \u2013 et le principal interlocuteur de la Maison-Blanche avec le Kremlin avant la r\u00e9union d\u2019Anchorage \u2013 aurait ainsi fait pression sur la d\u00e9l\u00e9gation ukrainienne pour que l\u2019Ukraine c\u00e8de Donetsk, \u201csoulignant que la r\u00e9gion est majoritairement russophone\u201d. <\/p>\n<p>Ce point est fr\u00e9quemment soulev\u00e9 par le Kremlin et ses partisans, note le journal. Mais de nombreux Ukrainiens, dont Zelensky lui-m\u00eame, \u201cont grandi avec le russe comme langue maternelle sans que ce soit, historiquement, un signe de sympathie envers Moscou\u201d.<\/p>\n<p>Deux semaines avant <a href=\"https:\/\/www.courrierinternational.com\/article\/diplomatie-sommet-trump-poutine-la-presse-officielle-russe-salue-un-coup-de-maitre-du-kremlin_236422\" target=\"_blank\" rel=\"noopener\">une nouvelle rencontre annonc\u00e9e<\/a> entre Vladimir Poutine et Donald Trump en Hongrie, \u201co\u00f9 Poutine sait pouvoir compter sur le soutien du Premier ministre, Viktor Orb\u00e1n\u201d, l\u2019attention port\u00e9e par le pr\u00e9sident russe \u00e0 la r\u00e9gion de Donetsk sugg\u00e8re qu\u2019il \u201cne renonce pas \u00e0 ses anciennes exigences territoriales qui ont enlis\u00e9 le conflit\u201d, commente le Washington Post. Une insistance qui contraste avec l\u2019optimisme affich\u00e9 par Donald Trump quant \u00e0 la conclusion prochaine d\u2019un accord de paix.<\/p>\n","protected":false},"excerpt":{"rendered":"Jeudi 17\u00a0octobre, vingt-quatre heures avant de recevoir Volodymyr Zelensky \u00e0 la Maison-Blanche, Donald Trump parlait au t\u00e9l\u00e9phone avec&hellip;\n","protected":false},"author":2,"featured_media":474539,"comment_status":"","ping_status":"","sticky":false,"template":"","format":"standard","meta":{"footnotes":""},"categories":[1591],"tags":[11,75,674,1887,1892,131,12,1885,1886,132,220,135,134],"class_list":{"0":"post-474538","1":"post","2":"type-post","3":"status-publish","4":"format-standard","5":"has-post-thumbnail","7":"category-russie","8":"tag-actualites","9":"tag-donald-trump","10":"tag-europe","11":"tag-federation-de-russie","12":"tag-gu00e9opolitique","13":"tag-guerre-en-ukraine","14":"tag-news","15":"tag-russia","16":"tag-russian-federation","17":"tag-russie","18":"tag-ukraine","19":"tag-vladimir-poutine","20":"tag-volodymyr-zelensky"},"share_on_mastodon":{"url":"https:\/\/pubeurope.com\/@fr\/115400261663776038","error":""},"_links":{"self":[{"href":"https:\/\/www.europesays.com\/fr\/wp-json\/wp\/v2\/posts\/474538","targetHints":{"allow":["GET"]}}],"collection":[{"href":"https:\/\/www.europesays.com\/fr\/wp-json\/wp\/v2\/posts"}],"about":[{"href":"https:\/\/www.europesays.com\/fr\/wp-json\/wp\/v2\/types\/post"}],"author":[{"embeddable":true,"href":"https:\/\/www.europesays.com\/fr\/wp-json\/wp\/v2\/users\/2"}],"replies":[{"embeddable":true,"href":"https:\/\/www.europesays.com\/fr\/wp-json\/wp\/v2\/comments?post=474538"}],"version-history":[{"count":0,"href":"https:\/\/www.europesays.com\/fr\/wp-json\/wp\/v2\/posts\/474538\/revisions"}],"wp:featuredmedia":[{"embeddable":true,"href":"https:\/\/www.europesays.com\/fr\/wp-json\/wp\/v2\/media\/474539"}],"wp:attachment":[{"href":"https:\/\/www.europesays.com\/fr\/wp-json\/wp\/v2\/media?parent=474538"}],"wp:term":[{"taxonomy":"category","embeddable":true,"href":"https:\/\/www.europesays.com\/fr\/wp-json\/wp\/v2\/categories?post=474538"},{"taxonomy":"post_tag","embeddable":true,"href":"https:\/\/www.europesays.com\/fr\/wp-json\/wp\/v2\/tags?post=474538"}],"curies":[{"name":"wp","href":"https:\/\/api.w.org\/{rel}","templated":true}]}}