{"id":474550,"date":"2025-10-19T10:08:10","date_gmt":"2025-10-19T10:08:10","guid":{"rendered":"https:\/\/www.europesays.com\/fr\/474550\/"},"modified":"2025-10-19T10:08:10","modified_gmt":"2025-10-19T10:08:10","slug":"dix-neuf-pays-de-lue-et-la-norvege-exigent-le-retour-des-afghans-volontairement-ou-de-force","status":"publish","type":"post","link":"https:\/\/www.europesays.com\/fr\/474550\/","title":{"rendered":"Dix-neuf pays de l&rsquo;UE et la Norv\u00e8ge exigent le retour des Afghans volontairement ou de force"},"content":{"rendered":"<p>\n  Par&amp;nbsp<b>Euronews<\/b>\n<\/p>\n<p>\n         Publi\u00e9 le<br \/>\n            18\/10\/2025 &#8211; 15:32 UTC+2\n            <\/p>\n<p>          <img decoding=\"async\" class=\"c-ad__placeholder__logo\" src=\"https:\/\/static.euronews.com\/website\/images\/logos\/logo-euronews-stacked-outlined-72x72-grey-9.svg\" width=\"72\" height=\"72\" alt=\"\" loading=\"lazy\"\/><br \/>\n          PUBLICIT\u00c9<\/p>\n<p>Dans une lettre adress\u00e9e \u00e0 Magnus Brunner, le commissaire aux affaires int\u00e9rieures et \u00e0 la migration, vingt pays de l&rsquo;UE se sont r\u00e9unis pour faire pression sur la Commission europ\u00e9enne afin de trouver des moyens de renvoyer les ressortissants afghans vivant ill\u00e9galement en Europe, soit volontairement, soit par la force, selon la ministre belge de l&rsquo;Asile et de la Migration, Anneleen Van Bossuyt, samedi.<\/p>\n<p>De nombreux pays de l&rsquo;UE affirment que le fait de ne pas pouvoir actuellement expulser les Afghans, m\u00eame ceux condamn\u00e9s pour des crimes, en raison de l&rsquo;absence d&rsquo;un accord de retour formel avec l&rsquo;Afghanistan depuis la prise de pouvoir des talibans en 2021, constitue une menace pour la s\u00e9curit\u00e9 des pays de l&rsquo;UE et \u00ab\u00a0sape la confiance du public dans la politique d&rsquo;asile\u00a0\u00bb.<\/p>\n<p>L&rsquo;initiative, dirig\u00e9e par la ministre belge de l&rsquo;Asile et de la Migration, Anneleen Van Bossuyt, est soutenue par 19 autres pays de l&rsquo;UE : l&rsquo;Autriche, la Belgique, la Bulgarie, Chypre, la R\u00e9publique tch\u00e8que, l&rsquo;Estonie, la Finlande, l&rsquo;Allemagne, la Gr\u00e8ce, la Hongrie, l&rsquo;Irlande, l&rsquo;Italie, la Lituanie, le Luxembourg, Malte, les Pays-Bas, la Norv\u00e8ge, la Pologne, la Slovaquie et la Su\u00e8de.<\/p>\n<p>Ils demandent \u00e0 la Commission europ\u00e9enne de placer le retour des Afghans en t\u00eate de son agenda, y compris de n\u00e9gocier avec le r\u00e9gime taliban pour convenir d&rsquo;une politique de retour.<\/p>\n<p>Van Bossuyt a propos\u00e9 de donner \u00e0 l&rsquo;agence frontali\u00e8re de l&rsquo;UE, Frontex, un r\u00f4le plus important dans l&rsquo;organisation et le soutien des retours volontaires par le biais du programme de r\u00e9int\u00e9gration de l&rsquo;UE. En attendant, pour les retours forc\u00e9s, la lettre sugg\u00e8re que ceux jug\u00e9s dangereux ou criminels devraient \u00eatre prioritaires, par le biais d&rsquo;une mission conjointe en Afghanistan entre la Commission, le SEAE et les \u00c9tats membres souhaitant y participer.<\/p>\n<p>Depuis la chute de Kaboul en 2021, le seul pays \u00e0 reconna\u00eetre les talibans comme le gouvernement l\u00e9gitime de l&rsquo;Afghanistan a \u00e9t\u00e9 la Russie. Malgr\u00e9 cela, l&rsquo;Allemagne, dirig\u00e9e par le gouvernement conservateur de Friedrich Merz, a \u00e9t\u00e9 proche de conclure un accord avec les talibans sur le retour des Afghans, qui forment le deuxi\u00e8me plus grand groupe de demandeurs d&rsquo;asile en Allemagne. En juillet, le gouvernement de Merz a effectu\u00e9 un vol expulsant 81 Afghans et esp\u00e8re que d&rsquo;autres pays europ\u00e9ens suivront.<\/p>\n<p>Cependant, les actions de l&rsquo;Allemagne ont d\u00e9j\u00e0 \u00e9t\u00e9 critiqu\u00e9es par l&rsquo;ONU, car l&rsquo;Afghanistan est toujours sous un \u00ab\u00a0avis de non-retour\u00a0\u00bb, selon Ravina Shamdasani, porte-parole de l&rsquo;agence des Nations Unies pour les r\u00e9fugi\u00e9s.<\/p>\n<p>Par ailleurs, un autre travailleur du Bureau des droits de l&rsquo;homme des Nations Unies (OHCHR), Arafat Jamal, a d\u00e9clar\u00e9 : \u00ab\u00a0Nous avons document\u00e9 des violations continues des droits de l&rsquo;homme en Afghanistan.\u00a0\u00bb<\/p>\n","protected":false},"excerpt":{"rendered":"Par&amp;nbspEuronews Publi\u00e9 le 18\/10\/2025 &#8211; 15:32 UTC+2 PUBLICIT\u00c9 Dans une lettre adress\u00e9e \u00e0 Magnus Brunner, le commissaire aux&hellip;\n","protected":false},"author":2,"featured_media":474551,"comment_status":"","ping_status":"","sticky":false,"template":"","format":"standard","meta":{"footnotes":""},"categories":[1586],"tags":[11,1777,674,1779,1011,27,12,59799,25,597,1778,364],"class_list":{"0":"post-474550","1":"post","2":"type-post","3":"status-publish","4":"format-standard","5":"has-post-thumbnail","7":"category-europe","8":"tag-actualites","9":"tag-eu","10":"tag-europe","11":"tag-european-union","12":"tag-fr","13":"tag-france","14":"tag-news","15":"tag-refugies-afghans","16":"tag-republique-francaise","17":"tag-taliban","18":"tag-ue","19":"tag-union-europeenne"},"share_on_mastodon":{"url":"https:\/\/pubeurope.com\/@fr\/115400285507824343","error":""},"_links":{"self":[{"href":"https:\/\/www.europesays.com\/fr\/wp-json\/wp\/v2\/posts\/474550","targetHints":{"allow":["GET"]}}],"collection":[{"href":"https:\/\/www.europesays.com\/fr\/wp-json\/wp\/v2\/posts"}],"about":[{"href":"https:\/\/www.europesays.com\/fr\/wp-json\/wp\/v2\/types\/post"}],"author":[{"embeddable":true,"href":"https:\/\/www.europesays.com\/fr\/wp-json\/wp\/v2\/users\/2"}],"replies":[{"embeddable":true,"href":"https:\/\/www.europesays.com\/fr\/wp-json\/wp\/v2\/comments?post=474550"}],"version-history":[{"count":0,"href":"https:\/\/www.europesays.com\/fr\/wp-json\/wp\/v2\/posts\/474550\/revisions"}],"wp:featuredmedia":[{"embeddable":true,"href":"https:\/\/www.europesays.com\/fr\/wp-json\/wp\/v2\/media\/474551"}],"wp:attachment":[{"href":"https:\/\/www.europesays.com\/fr\/wp-json\/wp\/v2\/media?parent=474550"}],"wp:term":[{"taxonomy":"category","embeddable":true,"href":"https:\/\/www.europesays.com\/fr\/wp-json\/wp\/v2\/categories?post=474550"},{"taxonomy":"post_tag","embeddable":true,"href":"https:\/\/www.europesays.com\/fr\/wp-json\/wp\/v2\/tags?post=474550"}],"curies":[{"name":"wp","href":"https:\/\/api.w.org\/{rel}","templated":true}]}}