{"id":474554,"date":"2025-10-19T10:10:12","date_gmt":"2025-10-19T10:10:12","guid":{"rendered":"https:\/\/www.europesays.com\/fr\/474554\/"},"modified":"2025-10-19T10:10:12","modified_gmt":"2025-10-19T10:10:12","slug":"le-musee-du-louvre-cible-dun-braquage-ce-dimanche-des-bijoux-derobes","status":"publish","type":"post","link":"https:\/\/www.europesays.com\/fr\/474554\/","title":{"rendered":"Le mus\u00e9e du Louvre cible d\u2019un braquage ce dimanche, des bijoux d\u00e9rob\u00e9s"},"content":{"rendered":"<p class=\"paragraph text_align_left lp-f-body-02\">Le <a href=\"https:\/\/www.leparisien.fr\/paris-75\/musee-du-louvre\/\" target=\"_blank\" rel=\"noreferrer nofollow noopener\">mus\u00e9e du Louvre<\/a> a \u00e9t\u00e9 braqu\u00e9 ce dimanche matin par plusieurs individus qui ont r\u00e9ussi \u00e0 s\u2019\u00e9chapper avec des bijoux. Le site est ferm\u00e9 pour la journ\u00e9e.<\/p>\n<p class=\"paragraph text_align_left lp-f-body-02\">Selon les premiers \u00e9l\u00e9ments de l\u2019enqu\u00eate, les malfaiteurs, enti\u00e8rement cagoul\u00e9s, ont acc\u00e9d\u00e9 au b\u00e2timent c\u00f4t\u00e9 quais de Seine, o\u00f9 se d\u00e9roulent des travaux. Ils ont emprunt\u00e9 un monte-charge pour acc\u00e9der directement \u00e0 la salle vis\u00e9e, dans la galerie d\u2019Apollon.<\/p>\n<p class=\"paragraph text_align_left lp-f-body-02\">Apr\u00e8s avoir bris\u00e9 des vitres, deux hommes ont p\u00e9n\u00e9tr\u00e9 \u00e0 l\u2019int\u00e9rieur, alors qu\u2019un troisi\u00e8me restait post\u00e9 dehors. Les voleurs ont rafl\u00e9 neuf pi\u00e8ces de la collection de bijoux de Napol\u00e9on et de l\u2019imp\u00e9ratrice : collier, broche, diad\u00e8me\u2026 Ils \u00e9taient plac\u00e9s dans les vitrines Napol\u00e9on et Souverains Fran\u00e7ais.<\/p>\n<p class=\"paragraph text_align_left lp-f-body-02\">Selon une source interne au Louvre, le fameux R\u00e9gent, le plus gros diamant de la collection pesant plus de 140 carats, n\u2019a pas \u00e9t\u00e9 subtilis\u00e9. Le pr\u00e9judice reste \u00e0 \u00e9valuer.<\/p>\n<p class=\"paragraph text_align_left lp-f-body-02\">L\u2019une question qui se pose \u00e0 l\u2019heure actuelle est de savoir si les bijoux ont d\u2019ores et d\u00e9j\u00e0 \u00e9t\u00e9 fondus pour en revendre l\u2019or comme ce fut tr\u00e8s certainement le cas il y a un mois avec les <a href=\"https:\/\/www.leparisien.fr\/faits-divers\/paris-plusieurs-pepites-dor-derobees-au-museum-dhistoire-naturelle-600-000-euros-de-prejudice-16-09-2025-XLP2EX7PHJDOVKVIKH4ZR5ZUSU.php\" target=\"_blank\" rel=\"noreferrer nofollow noopener\">p\u00e9pites d\u2019or d\u00e9rob\u00e9es au Museum d\u2019histoire naturelle<\/a>.<\/p>\n<p class=\"paragraph text_align_left lp-f-body-02\">Il n\u2019y a pas de bless\u00e9s \u00e0 d\u00e9plorer, a indiqu\u00e9 la ministre de la Culture Rachida Dati.<\/p>\n<blockquote class=\"twitter-tweet\">\n<p lang=\"fr\" dir=\"ltr\">Un braquage a eu lieu ce matin \u00e0 l\u2019ouverture du <a href=\"https:\/\/twitter.com\/MuseeLouvre?ref_src=twsrc%5Etfw\" rel=\"nofollow noopener\" target=\"_blank\">@MuseeLouvre<\/a>. Pas de bless\u00e9s \u00e0 d\u00e9plorer. Je suis sur place aux cot\u00e9s des \u00e9quipes du mus\u00e9e et de la police. Constatations en cours.<\/p>\n<p>\u2014 Rachida Dati \u0646 (@datirachida) <a href=\"https:\/\/twitter.com\/datirachida\/status\/1979828402405404895?ref_src=twsrc%5Etfw\" rel=\"nofollow noopener\" target=\"_blank\">October 19, 2025<\/a><\/p><\/blockquote>\n<p class=\"paragraph text_align_left lp-f-body-02\">D\u2019apr\u00e8s nos informations, les malfaiteurs ont pris la fuite sur un TMax, en direction de l\u2019autoroute A6.<\/p>\n<p class=\"paragraph text_align_left lp-f-body-02\">Si tout le monde est sain et sauf, des t\u00e9moignages de personnes qui ont assist\u00e9 \u00e0 la sc\u00e8ne d\u00e9crivent une panique g\u00e9n\u00e9rale des visiteurs. \u00ab La police courait pr\u00e8s de la pyramide et tentait d\u2019entrer dans le Louvre par les portes lat\u00e9rales vitr\u00e9es, mais elles \u00e9taient verrouill\u00e9es et impossibles \u00e0 ouvrir \u00bb, d\u00e9crit Kacie, une internaute qui se trouvait \u00e0 l\u2019ext\u00e9rieur du mus\u00e9e. \u00ab \u00c0 l\u2019int\u00e9rieur, tout le monde courait et frappait aux portes vitr\u00e9es pour sortir, mais en vain. La police et la gendarmerie sont arriv\u00e9es \u00bb, poursuit-elle.<\/p>\n<blockquote class=\"twitter-tweet\">\n<p lang=\"en\" dir=\"ltr\">Hello. I was outside. Police were running near pyramid and trying to enter the Louvre from glass side doors but they were locked and they could not enter. Everyone inside was running and banging on glass doors to get out, but could not open. Police and military police arrived.<\/p>\n<p>\u2014 KC (@kaci_calladetti) <a href=\"https:\/\/twitter.com\/kaci_calladetti\/status\/1979835979516223789?ref_src=twsrc%5Etfw\" rel=\"nofollow noopener\" target=\"_blank\">October 19, 2025<\/a><\/p><\/blockquote>\n<p>Une galerie qui renferme les collections les plus pr\u00e9cieuses<\/p>\n<p class=\"paragraph text_align_left lp-f-body-02\">Le mus\u00e9e du Louvre, le plus fr\u00e9quent\u00e9 du monde avec plus de <a href=\"https:\/\/www.leparisien.fr\/culture-loisirs\/musee-du-louvre-la-joconde-est-elle-reellement-mal-presentee-comprendre-la-polemique-en-4-infographies-28-01-2025-TO3FD77Z5RGGTJLNRN5APOYDRI.php#:~:text=Le%20plus%20grand%20mus%C3%A9e%20du,plus%20fr%C3%A9quent%C3%A9%20de%20la%20plan%C3%A8te.\" target=\"_blank\" rel=\"noreferrer nofollow noopener\">9 millions de personnes par an<\/a>, a d\u00e9clar\u00e9 sur X que le site resterait ferm\u00e9 ce dimanche \u00ab pour raisons exceptionnelles \u00bb.<\/p>\n<blockquote class=\"twitter-tweet\">\n<p lang=\"fr\" dir=\"ltr\">\u26a0\ufe0f\ud83c\uddeb\ud83c\uddf7 Le mus\u00e9e du Louvre restera ferm\u00e9 aujourd&rsquo;hui pour raisons exceptionnelles. <br \/>\u2234<br \/>\u26a0\ufe0f\ud83c\udf0d The Mus\u00e9e du Louvre will remain closed today for exceptional reasons. <a href=\"https:\/\/t.co\/bFY1hRaW5k\" rel=\"nofollow\">pic.twitter.com\/bFY1hRaW5k<\/a><\/p>\n<p>\u2014 Mus\u00e9e du Louvre (@MuseeLouvre) <a href=\"https:\/\/twitter.com\/MuseeLouvre\/status\/1979829326112858152?ref_src=twsrc%5Etfw\" rel=\"nofollow noopener\" target=\"_blank\">October 19, 2025<\/a><\/p><\/blockquote>\n<p class=\"paragraph text_align_left lp-f-body-02\">La galerie d\u2019Apollon, lieu embl\u00e9matique du mus\u00e9e et du palais du Louvre, renferme une partie des collections historiques les plus pr\u00e9cieuses du mus\u00e9e. Elle a rouvert officiellement ses portes au public le 15 janvier 2020, \u00e0 l\u2019issue de travaux et de r\u00e9am\u00e9nagements mus\u00e9ographiques conduits par le mus\u00e9e.<\/p>\n<p class=\"paragraph text_align_left lp-f-body-02\">Le ministre de l\u2019Int\u00e9rieur et ancien pr\u00e9fet de police de Paris, Laurent Nu\u00f1ez, s\u2019exprimera ce midi pour donner les premiers \u00e9l\u00e9ments de l\u2019enqu\u00eate.<\/p>\n<p><script async src=\"https:\/\/platform.twitter.com\/widgets.js\" charset=\"utf-8\"><\/script><\/p>\n","protected":false},"excerpt":{"rendered":"Le mus\u00e9e du Louvre a \u00e9t\u00e9 braqu\u00e9 ce dimanche matin par plusieurs individus qui ont r\u00e9ussi \u00e0 s\u2019\u00e9chapper&hellip;\n","protected":false},"author":2,"featured_media":474555,"comment_status":"","ping_status":"","sticky":false,"template":"","format":"standard","meta":{"footnotes":""},"categories":[2],"tags":[11,118,1011,27,1944,12,626,25],"class_list":{"0":"post-474554","1":"post","2":"type-post","3":"status-publish","4":"format-standard","5":"has-post-thumbnail","7":"category-actualites","8":"tag-actualites","9":"tag-faits-divers","10":"tag-fr","11":"tag-france","12":"tag-ma-ville","13":"tag-news","14":"tag-paris","15":"tag-republique-francaise"},"share_on_mastodon":{"url":"https:\/\/pubeurope.com\/@fr\/115400292853707934","error":""},"_links":{"self":[{"href":"https:\/\/www.europesays.com\/fr\/wp-json\/wp\/v2\/posts\/474554","targetHints":{"allow":["GET"]}}],"collection":[{"href":"https:\/\/www.europesays.com\/fr\/wp-json\/wp\/v2\/posts"}],"about":[{"href":"https:\/\/www.europesays.com\/fr\/wp-json\/wp\/v2\/types\/post"}],"author":[{"embeddable":true,"href":"https:\/\/www.europesays.com\/fr\/wp-json\/wp\/v2\/users\/2"}],"replies":[{"embeddable":true,"href":"https:\/\/www.europesays.com\/fr\/wp-json\/wp\/v2\/comments?post=474554"}],"version-history":[{"count":0,"href":"https:\/\/www.europesays.com\/fr\/wp-json\/wp\/v2\/posts\/474554\/revisions"}],"wp:featuredmedia":[{"embeddable":true,"href":"https:\/\/www.europesays.com\/fr\/wp-json\/wp\/v2\/media\/474555"}],"wp:attachment":[{"href":"https:\/\/www.europesays.com\/fr\/wp-json\/wp\/v2\/media?parent=474554"}],"wp:term":[{"taxonomy":"category","embeddable":true,"href":"https:\/\/www.europesays.com\/fr\/wp-json\/wp\/v2\/categories?post=474554"},{"taxonomy":"post_tag","embeddable":true,"href":"https:\/\/www.europesays.com\/fr\/wp-json\/wp\/v2\/tags?post=474554"}],"curies":[{"name":"wp","href":"https:\/\/api.w.org\/{rel}","templated":true}]}}