{"id":474562,"date":"2025-10-19T10:17:18","date_gmt":"2025-10-19T10:17:18","guid":{"rendered":"https:\/\/www.europesays.com\/fr\/474562\/"},"modified":"2025-10-19T10:17:18","modified_gmt":"2025-10-19T10:17:18","slug":"pecco-bagnaia-prefere-sa-chute-a-finir-encore-dernier","status":"publish","type":"post","link":"https:\/\/www.europesays.com\/fr\/474562\/","title":{"rendered":"Pecco Bagnaia pr\u00e9f\u00e8re sa chute \u00e0 \u00ab\u00a0finir encore dernier\u00a0\u00bb"},"content":{"rendered":"<p>Le bilan est une nouvelle fois tr\u00e8s mauvais pour <a href=\"https:\/\/fr.motorsport.com\/driver\/pecco-bagnaia\/109394\/\" target=\"_blank\" rel=\"noopener\">Pecco Bagnaia<\/a> \u00e0 Phillip Island. Loin du niveau de Motegi, o\u00f9 il \u00e9tait sorti vainqueur des deux courses, l&rsquo;Italien a \u00e9t\u00e9 \u00e0 la peine tout le week-end et les r\u00e9sultats sont finalement tr\u00e8s similaires \u00e0 ceux de l&rsquo;Indon\u00e9sie, o\u00f9 il avait touch\u00e9 le fond\u00a0: sprint termin\u00e9 \u00e0 une trentaine de secondes du vainqueur et course conclue dans les graviers, apr\u00e8s une chute.<\/p>\n<p>Sans v\u00e9ritablement percevoir une lueur d&rsquo;espoir, Bagnaia quitte n\u00e9anmoins l&rsquo;Australie un peu moins perdu qu&rsquo;en Indon\u00e9sie. Ses performances ont \u00e9t\u00e9 moins pr\u00e9occupantes et de petits progr\u00e8s ont \u00e9t\u00e9 faits ce dimanche. Au moment de sa chute, il venait de doubler <a href=\"https:\/\/fr.motorsport.com\/driver\/fabio-quartararo\/109400\/\" target=\"_blank\" rel=\"noopener\">Fabio Quartararo<\/a> et occupait la 12e place.<\/p>\n<p>\u00ab\u00a0Sinc\u00e8rement, c&rsquo;\u00e9tait mieux qu&rsquo;hier, heureusement\u00a0\u00bb, a d\u00e9clar\u00e9 Bagnaia. \u00ab\u00a0Ce matin, on a test\u00e9 une chose qui ne fonctionnait pas totalement, donc on est all\u00e9 dans l&rsquo;autre sens et la moto \u00e9tait beaucoup plus stable, plus difficile \u00e0 piloter car plus lourde, mais au moins c&rsquo;\u00e9tait un peu mieux. J&rsquo;ai pu forcer un peu plus, j&rsquo;ai pu rouler \u00e0 un rythme plus rapide que celui des pilotes devant moi, donc je remontais.\u00a0\u00bb<\/p>\n<p>\u00ab\u00a0Il m&rsquo;a fallu un peu de temps, dans les deux ou trois premiers tours, pour le comprendre parce que j&rsquo;avais un peu de mal. J&rsquo;ai compris que si je me recroquevillais sur la moto, j&rsquo;avais moins de mouvements, c&rsquo;\u00e9tait plus dur pour le pilotage mais c&rsquo;\u00e9tait un peu mieux [dans les performances].\u00a0\u00bb<\/p>\n<p>Bagnaia pr\u00e9f\u00e8re retenir cette bonne note plut\u00f4t que sa chute\u00a0: \u00ab\u00a0La course \u00e9tait presque finie, il restait six ou cinq tours, je ne me souviens pas bien, mais je remontais donc le top 10 \u00e9tait possible. Malheureusement, je suis juste tomb\u00e9 parce que j&rsquo;attaquais avec l&rsquo;arri\u00e8re. D\u00e8s que l&rsquo;arri\u00e8re est revenu de la glissade, j&rsquo;ai perdu l&rsquo;avant.\u00a0\u00bb<\/p>\n<p>   <img decoding=\"async\" draggable=\"false\" src=\"https:\/\/www.europesays.com\/fr\/wp-content\/uploads\/2025\/10\/1760869038_930_francesco-bagnaia-ducati-team.jpg\" alt=\"Francesco Bagnaia, Ducati Team\" width=\"1200\" height=\"800\" loading=\"lazy\"\/> <\/p>\n<p class=\"title\">Pecco Bagnaia<\/p>\n<p class=\"photographer\">Photo de: Gold and Goose Photography \/ LAT Images \/ via Getty Images<\/p>\n<p>Le double champion du MotoGP accepte m\u00eame cet abandon avec une certaine philosophie, pr\u00e9f\u00e9rant tomber en se battant pour quelque chose qu&rsquo;\u00eatre esseul\u00e9 en fond de classement\u00a0: \u00ab\u00a0C&rsquo;est nettement meilleur qu&rsquo;hier. Je pr\u00e9f\u00e8re 1000 fois tomber que ce que j&rsquo;ai fait hier ou dans les deux courses en Indon\u00e9sie, en me battant, pas pour un bon r\u00e9sultat, plut\u00f4t que tomber en \u00e9tant dernier.\u00a0\u00bb<\/p>\n<p>\u00ab\u00a0Quand on est \u00e0 la limite, vraiment \u00e0 la limite, un peu plus qu&rsquo;\u00e0 la limite, on peut facilement tomber\u00a0\u00bb, a-t-il justifi\u00e9. \u00ab\u00a0Je l&rsquo;accepte parce que je me suis dit &lsquo;Je ne finirai pas encore dernier&rsquo;. J&rsquo;ai attaqu\u00e9 en acceptant qu&rsquo;il \u00e9tait possible de tomber et je suis tomb\u00e9, malheureusement.\u00a0\u00bb<\/p>\n<blockquote>\n<p>Ce que je pilote cette ann\u00e9e et que j&rsquo;avais ici, je pense que ce n&rsquo;est pas l&rsquo;id\u00e9e d&rsquo;une Ducati.<\/p>\n<\/blockquote>\n<p>Apr\u00e8s deux week-ends tr\u00e8s difficiles, Pecco Bagnaia aura l&rsquo;occasion de se relancer d\u00e8s Sepang dans une semaine. Il ignore totalement s&rsquo;il pourra retrouver les premi\u00e8res places, tant sa Ducati lui parait \u00e9loign\u00e9e de ce qu&rsquo;il connaissait lors des derni\u00e8res ann\u00e9es.<\/p>\n<p>\u00ab\u00a0\u00c7a d\u00e9pendra de mes sensations. Il faut retenir le top 10, savoir que l&rsquo;on pouvait se battre pour. Je ne serai jamais heureux d&rsquo;un top 10 mais c&rsquo;est un bon point de d\u00e9part, donc il faut essayer de travailler pour voir si on peut se battre pour quelque chose. Si je peux \u00eatre plus \u00e0 l&rsquo;aise sur cette moto, comme je l&rsquo;\u00e9tais au Japon.\u00a0\u00bb<\/p>\n<p>\u00ab\u00a0J&rsquo;attaquais fort au Japon, mais ce n&rsquo;\u00e9tait pas si tendu, je n&rsquo;\u00e9tais pas \u00e0 la limite, et je gagnais. C&rsquo;\u00e9tait ma Ducati comme avant. Ce que je pilote cette ann\u00e9e et que j&rsquo;avais ici, je pense que ce n&rsquo;est pas l&rsquo;id\u00e9e d&rsquo;une Ducati, donc il faut comprendre pourquoi.\u00a0\u00bb<\/p>\n<p>Lire aussi :<\/p>\n<p><img decoding=\"async\" class=\"sizer\" draggable=\"false\" src=\"data:image\/png;base64,iVBORw0KGgoAAAANSUhEUgAAABAAAAAJCAYAAAA7KqwyAAAAGXRFWHRTb2Z0d2FyZQBBZG9iZSBJbWFnZVJlYWR5ccllPAAAABpJREFUeNpi\/P\/\/PwMlgImBQjBqwLAwACDAAOVfAw9\/ZDvcAAAAAElFTkSuQmCC\" alt=\"\" loading=\"lazy\"\/><\/p>\n<p class=\"title\">VID\u00c9O &#8211; R\u00c9SUM\u00c9 : Les meilleurs moments du GP d&rsquo;Australie<\/p>\n<p>            Votre avis nous int\u00e9resse !<\/p>\n<p class=\"mt-auto\">Qu&rsquo;aimeriez-vous voir sur Motorsport.com ?<\/p>\n<p>            <a href=\"#\" class=\"ms-link text-link font-bold\">R\u00e9pondez \u00e0 notre enqu\u00eate de 5 minutes.<\/a><\/p>\n<p class=\"mt-1 font-info text-body\">&#8211; L&rsquo;\u00e9quipe Motorsport.com<\/p>\n","protected":false},"excerpt":{"rendered":"Le bilan est une nouvelle fois tr\u00e8s mauvais pour Pecco Bagnaia \u00e0 Phillip Island. Loin du niveau de&hellip;\n","protected":false},"author":2,"featured_media":474563,"comment_status":"","ping_status":"","sticky":false,"template":"","format":"standard","meta":{"footnotes":""},"categories":[1413],"tags":[4950,1011,27,56962,1457,1456,1458,4951,59800,56963,60],"class_list":{"0":"post-474562","1":"post","2":"type-post","3":"status-publish","4":"format-standard","5":"has-post-thumbnail","7":"category-moto","8":"tag-ducati-team","9":"tag-fr","10":"tag-france","11":"tag-gp-daustralie","12":"tag-moto","13":"tag-motocycle","14":"tag-motogp","15":"tag-pecco-bagnaia","16":"tag-pecco-bagnaia-pru00e9fu00e8re-sa-chute-u00e0-finir-encore-dernier","17":"tag-phillip-island-grand-prix-circuit","18":"tag-sports"},"share_on_mastodon":{"url":"https:\/\/pubeurope.com\/@fr\/115400320964129273","error":""},"_links":{"self":[{"href":"https:\/\/www.europesays.com\/fr\/wp-json\/wp\/v2\/posts\/474562","targetHints":{"allow":["GET"]}}],"collection":[{"href":"https:\/\/www.europesays.com\/fr\/wp-json\/wp\/v2\/posts"}],"about":[{"href":"https:\/\/www.europesays.com\/fr\/wp-json\/wp\/v2\/types\/post"}],"author":[{"embeddable":true,"href":"https:\/\/www.europesays.com\/fr\/wp-json\/wp\/v2\/users\/2"}],"replies":[{"embeddable":true,"href":"https:\/\/www.europesays.com\/fr\/wp-json\/wp\/v2\/comments?post=474562"}],"version-history":[{"count":0,"href":"https:\/\/www.europesays.com\/fr\/wp-json\/wp\/v2\/posts\/474562\/revisions"}],"wp:featuredmedia":[{"embeddable":true,"href":"https:\/\/www.europesays.com\/fr\/wp-json\/wp\/v2\/media\/474563"}],"wp:attachment":[{"href":"https:\/\/www.europesays.com\/fr\/wp-json\/wp\/v2\/media?parent=474562"}],"wp:term":[{"taxonomy":"category","embeddable":true,"href":"https:\/\/www.europesays.com\/fr\/wp-json\/wp\/v2\/categories?post=474562"},{"taxonomy":"post_tag","embeddable":true,"href":"https:\/\/www.europesays.com\/fr\/wp-json\/wp\/v2\/tags?post=474562"}],"curies":[{"name":"wp","href":"https:\/\/api.w.org\/{rel}","templated":true}]}}