{"id":474590,"date":"2025-10-19T10:32:13","date_gmt":"2025-10-19T10:32:13","guid":{"rendered":"https:\/\/www.europesays.com\/fr\/474590\/"},"modified":"2025-10-19T10:32:13","modified_gmt":"2025-10-19T10:32:13","slug":"ce-que-lon-sait-de-cette-frappe-sur-un-narco-sous-marin-revendiquee-par-trump-dans-les-caraibes","status":"publish","type":"post","link":"https:\/\/www.europesays.com\/fr\/474590\/","title":{"rendered":"Ce que l\u2019on sait de cette frappe sur un \u00ab\u00a0narco sous-marin\u00a0\u00bb revendiqu\u00e9e par Trump dans les Cara\u00efbes"},"content":{"rendered":"<p>        <img decoding=\"async\" loading=\"lazy\" src=\"https:\/\/www.europesays.com\/fr\/wp-content\/uploads\/2025\/10\/e39ebd8_upload-1-stzt9zqoutbk-capture-da-a-cran-2025-10-19-104403.png\"  width=\"728\" height=\"410\" alt=\"Donald Trump a publi\u00e9 sur Truth Social un vid\u00e9o d\u2019une frappe am\u00e9ricaine sur un sous-marin impliqu\u00e9 selon les Etats-Unis dans le narco-trafic (capture d\u2019\u00e9cran)\"\/>  <\/p>\n<p>Donald Trump\/Truth Social<\/p>\n<p>Donald Trump a publi\u00e9 sur Truth Social un vid\u00e9o d\u2019une frappe am\u00e9ricaine sur un sous-marin impliqu\u00e9 selon les Etats-Unis dans le narco-trafic (capture d\u2019\u00e9cran)<\/p>\n<p class=\"asset asset-text\">INTERNATIONAL &#8211; Une frappe contre un \u00ab\u00a0narco sous-marin\u00a0\u00bb. Donald Trump a annonc\u00e9, samedi 18\u00a0octobre, l\u2019expulsion de deux hommes arr\u00eat\u00e9s lors d\u2019une offensive militaire am\u00e9ricaine en mer des Cara\u00efbes destin\u00e9e \u00e0 lutter contre les narcotrafics.<\/p>\n<p class=\"asset asset-text\">Quatre \u00ab\u00a0narcoterroristes\u00a0\u00bb \u00e9taient \u00e0 bord de l\u2019embarcation cibl\u00e9e jeudi, a \u00e9crit le pr\u00e9sident am\u00e9ricain sur son r\u00e9seau Truth Social. Deux ont trouv\u00e9 la mort, tandis que deux autres \u00e9taient \u00ab\u00a0en train d\u2019\u00eatre renvoy\u00e9s vers leur pays d\u2019origine, l\u2019\u00c9quateur et la Colombie, o\u00f9 ils seront plac\u00e9s en d\u00e9tention et poursuivis en justice\u00a0\u00bb, a annonc\u00e9 Trump.<\/p>\n<p class=\"asset asset-text\">En parall\u00e8le, le pr\u00e9sident colombien Gustavo Petro accuse<a href=\"https:\/\/www.huffingtonpost.fr\/international\/article\/les-etats-unis-veulent-choisir-leurs-refugies-sur-des-criteres-bien-precis-et-tres-trump-compatibles_256072.html\" target=\"_blank\" rel=\"noopener\"> les \u00c9tats-Unis<\/a> d\u2019avoir viol\u00e9 l\u2019espace maritime de son pays au cours de<a href=\"https:\/\/www.huffingtonpost.fr\/international\/article\/trump-envoie-des-navires-de-guerre-dans-les-caraibes-le-venezuela-replique_254033.html\" target=\"_blank\" rel=\"noopener\"> leur d\u00e9ploiement militaire dans les Cara\u00efbes<\/a>. Le HuffPost fait le point sur la situation.<\/p>\n<p>    \u2022 Que s\u2019est-il pass\u00e9\u00a0?    <\/p>\n<p class=\"asset asset-text\">Donald Trump avait indiqu\u00e9 vendredi 17\u00a0octobre qu\u2019un \u00ab\u00a0sous-marin transportant de la drogue\u00a0\u00bb\u00a0avait \u00e9t\u00e9 la cible d\u2019une des frappes am\u00e9ricaines men\u00e9es derni\u00e8rement dans les Cara\u00efbes. Selon lui, ce sous-marin avait \u00e9t\u00e9 \u00ab\u00a0construit sp\u00e9cifiquement pour transporter d\u2019\u00e9normes quantit\u00e9s de drogue\u00a0\u00bb. <a href=\"https:\/\/edition.cnn.com\/2025\/10\/18\/politics\/caribbean-boat-strike-survivors\" target=\"_blank\" rel=\"noopener\" title=\"Nouvelle fen\u00eatre\">CNN<\/a> indique que la frappe a eu lieu jeudi.<\/p>\n<p class=\"asset asset-text\">Les services du renseignement am\u00e9ricain \u00ab\u00a0ont confirm\u00e9 que ce navire \u00e9tait principalement rempli de fentanyl et d\u2019autres drogues ill\u00e9gales\u00a0\u00bb, a pr\u00e9cis\u00e9 Donald Trump sur Truth Social samedi.<\/p>\n<p class=\"asset asset-text\">Des semi-submersibles construis dans des chantiers navals clandestins dans la jungle sont depuis des ann\u00e9es utilis\u00e9s pour transporter des stup\u00e9fiants depuis l\u2019Am\u00e9rique du Sud, en particulier la Colombie.<\/p>\n<p>    \u2022 Que sait-on des survivants\u00a0?    <\/p>\n<p class=\"asset asset-text\">Le pr\u00e9sident colombien Gustavo Petro a confirm\u00e9 qu\u2019un citoyen colombien de 34\u00a0ans ayant surv\u00e9cu \u00e0 la frappe \u00e9tait rentr\u00e9 au pays. \u00ab\u00a0Nous avons accueilli le Colombien arr\u00eat\u00e9 dans le narco sous-marin, nous sommes heureux qu\u2019il soit en vie et il sera jug\u00e9 conform\u00e9ment aux lois\u00a0\u00bb, a dit le dirigeant colombien.<\/p>\n<p class=\"asset asset-text\">\u00ab\u00a0Il est arriv\u00e9 avec des traumatismes cr\u00e2niens, sous s\u00e9datifs, sous m\u00e9dicaments, avec un respirateur artificiel\u00a0\u00bb, a pr\u00e9cis\u00e9 le ministre de l\u2019Int\u00e9rieur, Armando Benedetti. \u00ab\u00a0Il sera poursuivi pour trafic de drogue\u00a0\u00bb, ajoute-t-il.<\/p>\n<p class=\"asset asset-text\">Le minist\u00e8re \u00e9quatorien de l\u2019Int\u00e9rieur a pour sa part annonc\u00e9 samedi avoir accueilli l\u2019un des survivants, rapporte CNN. Les autorit\u00e9s ont indiqu\u00e9 \u00e0 la cha\u00eene d\u2019information am\u00e9ricaine que ce dernier \u00ab\u00a0est actuellement examin\u00e9 m\u00e9dicalement\u00a0\u00bb. Elles ont ajout\u00e9 que \u00ab\u00a0la proc\u00e9dure judiciaire correspondante suivra\u00a0\u00bb.<\/p>\n<p>    \u00b7 Pourquoi la Colombie enrage contre Trump    <\/p>\n<p class=\"asset asset-text\">Le pr\u00e9sident colombien s\u2019est insurg\u00e9 contre les op\u00e9rations am\u00e9ricaines en mer des Cara\u00efbes.\u00ab\u00a0 \u00ab\u00a0Des fonctionnaires du gouvernement am\u00e9ricain ont commis un assassinat et viol\u00e9 la souverainet\u00e9 de nos eaux territoriales\u00a0\u00bb, a fustig\u00e9 l\u2019\u00e9lu de gauche sur X.<\/p>\n<p class=\"asset asset-text\">En cause, la mort d\u2019un p\u00eacheur dans les frappes men\u00e9es \u00e0 la mi-septembre, selon Bogota. \u00ab\u00a0Alejandro Carranza n\u2019avait aucun lien avec le trafic de drogue et son activit\u00e9 quotidienne \u00e9tait la p\u00eache\u00a0\u00bb, a assur\u00e9 Gustavo Petro. Son bateau \u00ab\u00a0\u00e9tait \u00e0 la d\u00e9rive et avait activ\u00e9 le signal de panne en raison d\u2019un moteur hors service. Nous attendons les explications du gouvernement des \u00c9tats-Unis\u00a0\u00bb, a ajout\u00e9 le dirigeant colombien.<\/p>\n<p>    \u2022 Que sait-on de ces frappes am\u00e9ricaines ?    <\/p>\n<p class=\"asset asset-text\">Depuis d\u00e9but septembre, les frappes am\u00e9ricaines dans les Cara\u00efbes ciblent principalement le Venezuela, dont Donald Trump accuse le pr\u00e9sident, Nicol\u00e1s Maduro, d\u2019\u00eatre \u00e0 la t\u00eate d\u2019une vaste organisation de trafic de drogue vers les \u00c9tats-Unis. Washington a notamment mobilis\u00e9 sept navires et des avions de combat furtifs dans ce qu\u2019il qualifie de lutte contre le trafic de drogue dans la mer des Cara\u00efbes, et y a men\u00e9 depuis d\u00e9but septembre au moins six frappes qui ont fait au moins 27 morts.<\/p>\n<p class=\"asset asset-text\">Les autorit\u00e9s v\u00e9n\u00e9zu\u00e9liennes d\u00e9mentent vigoureusement toute implication dans le trafic de drogue et estiment que Washington cherche \u00e0 imposer un changement de r\u00e9gime \u00e0 Caracas et \u00e0 s\u2019emparer des importantes r\u00e9serves de p\u00e9trole du pays.<\/p>\n<p class=\"asset asset-text\">De son c\u00f4t\u00e9, Bogota d\u00e9nonce \u00e9galement ce d\u00e9ploiement am\u00e9ricain dans les Cara\u00efbes. Le pr\u00e9sident colombien avait demand\u00e9 en septembre \u00e0 la tribune de l\u2019Assembl\u00e9e g\u00e9n\u00e9rale de l\u2019ONU qu\u2019une \u00ab\u00a0proc\u00e9dure p\u00e9nale\u00a0\u00bb soit lanc\u00e9e contre son homologue am\u00e9ricain Donald Trump en r\u00e9ponse \u00e0 ces frappes militaires meurtri\u00e8res.<\/p>\n<p class=\"asset asset-text\">La l\u00e9galit\u00e9 des frappes contre des suspects ni intercept\u00e9s ni interrog\u00e9s, dans des eaux \u00e9trang\u00e8res ou internationales, fait \u00e9galement d\u00e9bat aux \u00c9tats-Unis.<\/p>\n","protected":false},"excerpt":{"rendered":"Donald Trump\/Truth Social Donald Trump a publi\u00e9 sur Truth Social un vid\u00e9o d\u2019une frappe am\u00e9ricaine sur un sous-marin&hellip;\n","protected":false},"author":2,"featured_media":474591,"comment_status":"","ping_status":"","sticky":false,"template":"","format":"standard","meta":{"footnotes":""},"categories":[5],"tags":[11,47979,9395,73,1011,27,14,12,337,28],"class_list":{"0":"post-474590","1":"post","2":"type-post","3":"status-publish","4":"format-standard","5":"has-post-thumbnail","7":"category-international","8":"tag-actualites","9":"tag-caraibes","10":"tag-colombie","11":"tag-etats-unis","12":"tag-fr","13":"tag-france","14":"tag-international","15":"tag-news","16":"tag-venezuela","17":"tag-world"},"share_on_mastodon":{"url":"https:\/\/pubeurope.com\/@fr\/115400379459406915","error":""},"_links":{"self":[{"href":"https:\/\/www.europesays.com\/fr\/wp-json\/wp\/v2\/posts\/474590","targetHints":{"allow":["GET"]}}],"collection":[{"href":"https:\/\/www.europesays.com\/fr\/wp-json\/wp\/v2\/posts"}],"about":[{"href":"https:\/\/www.europesays.com\/fr\/wp-json\/wp\/v2\/types\/post"}],"author":[{"embeddable":true,"href":"https:\/\/www.europesays.com\/fr\/wp-json\/wp\/v2\/users\/2"}],"replies":[{"embeddable":true,"href":"https:\/\/www.europesays.com\/fr\/wp-json\/wp\/v2\/comments?post=474590"}],"version-history":[{"count":0,"href":"https:\/\/www.europesays.com\/fr\/wp-json\/wp\/v2\/posts\/474590\/revisions"}],"wp:featuredmedia":[{"embeddable":true,"href":"https:\/\/www.europesays.com\/fr\/wp-json\/wp\/v2\/media\/474591"}],"wp:attachment":[{"href":"https:\/\/www.europesays.com\/fr\/wp-json\/wp\/v2\/media?parent=474590"}],"wp:term":[{"taxonomy":"category","embeddable":true,"href":"https:\/\/www.europesays.com\/fr\/wp-json\/wp\/v2\/categories?post=474590"},{"taxonomy":"post_tag","embeddable":true,"href":"https:\/\/www.europesays.com\/fr\/wp-json\/wp\/v2\/tags?post=474590"}],"curies":[{"name":"wp","href":"https:\/\/api.w.org\/{rel}","templated":true}]}}