{"id":474597,"date":"2025-10-19T10:36:22","date_gmt":"2025-10-19T10:36:22","guid":{"rendered":"https:\/\/www.europesays.com\/fr\/474597\/"},"modified":"2025-10-19T10:36:22","modified_gmt":"2025-10-19T10:36:22","slug":"saint-etienne-a-la-metare-les-etudiants-de-liut-auront-bientot-un-amphi-a-ciel-ouvert","status":"publish","type":"post","link":"https:\/\/www.europesays.com\/fr\/474597\/","title":{"rendered":"Saint-\u00c9tienne. \u00c0 la M\u00e9tare, les \u00e9tudiants de l\u2019IUT auront bient\u00f4t un amphi \u00e0 ciel ouvert"},"content":{"rendered":"<p>Dans une volont\u00e9 d\u2019accueil am\u00e9lior\u00e9, d\u2019\u00e9coresponsabilit\u00e9 et d\u2019apprentissage renouvel\u00e9, l\u2019IUT (Institut universitaire de technologie) de Saint-\u00c9tienne, \u00e0 la M\u00e9tare, poursuit la transformation de ses espaces ext\u00e9rieurs.<\/p>\n<p>Bient\u00f4t, l\u2019\u00e9tablissement de l\u2019universit\u00e9 Jean-Monnet accueillera un \u00ab\u00a0amphi vert\u00a0\u00bb. Ce projet s\u2019inscrit dans une d\u00e9marche de design de service r\u00e9fl\u00e9chie, visant \u00e0 doter l\u2019IUT de lieux d\u2019\u00e9tudes et de d\u00e9tente \u00e0 ciel ouvert afin d\u2019offrir \u00e0 tous les usagers un cadre de vie et de travail qui valorise le bien-\u00eatre et l\u2019environnement naturel du site.<\/p>\n<p>  S\u2019int\u00e9grer dans le cadre naturel de l\u2019IUT et respecter la biodiversit\u00e9 existante<\/p>\n<p>L\u2019aboutissement de ce projet repose sur un partenariat original avec le lyc\u00e9e Beno\u00eet-Fourneyron. L\u2019am\u00e9nagement du\u00a0terrain choisi, au pied du b\u00e2timent administratif, a \u00e9t\u00e9 confi\u00e9 aux \u00e9tudiants du DN MADE (dipl\u00f4me national des m\u00e9tiers d\u2019art et du design) du lyc\u00e9e.<\/p>\n<p>Les jeunes designers ont r\u00e9fl\u00e9chi \u00e0 des propositions s\u2019inscrivant dans une d\u00e9marche d\u2019\u00e9coconception soutenue par Saint-\u00c9tienne M\u00e9tropole, pour permettre la tenue de cours en plein air tout en s\u2019int\u00e9grant harmonieusement dans le cadre naturel de l\u2019IUT et en respectant la biodiversit\u00e9 existante.<\/p>\n<p>  Quatre projets soumis au vote<\/p>\n<p>Les quatre projets \u00e9labor\u00e9s, baptis\u00e9s \u00ab\u00a0Osmose\u00a0\u00bb, \u00ab\u00a0Bribes de nature\u00a0\u00bb, \u00ab\u00a0Entre invasion et \u00e9vasion\u00a0\u00bb et enfin \u00ab\u00a0L\u2019entre-deux\u00a0\u00bb, ont \u00e9t\u00e9 soumis au vote des \u00e9tudiants et des personnels de l\u2019IUT. Durant un mois, les maquettes expos\u00e9es \u00e0 la biblioth\u00e8que de l\u2019IUT ont permis \u00e0 chacun de d\u00e9couvrir la cr\u00e9ativit\u00e9 des \u00e9tudiants en design et de se projeter dans ces futurs espaces afin de choisir collectivement le nouveau visage du campus.<\/p>\n<p>\u00c0 l\u2019issue d\u2019un d\u00e9pouillement tr\u00e8s serr\u00e9, les belles initiatives de chaque projet seront \u00e9tudi\u00e9es et reprises afin de valoriser pleinement la cr\u00e9ativit\u00e9 et l\u2019engagement des \u00e9tudiants.<\/p>\n<p>\u00c0 travers ce projet, l\u2019IUT r\u00e9affirme sa volont\u00e9 d\u2019impliquer \u00e9tudiants, personnels et partenaires dans la co-construction d\u2019un environnement \u00e0 la fois innovant et respectueux de l\u2019environnement.<\/p>\n","protected":false},"excerpt":{"rendered":"Dans une volont\u00e9 d\u2019accueil am\u00e9lior\u00e9, d\u2019\u00e9coresponsabilit\u00e9 et d\u2019apprentissage renouvel\u00e9, l\u2019IUT (Institut universitaire de technologie) de Saint-\u00c9tienne, \u00e0 la&hellip;\n","protected":false},"author":2,"featured_media":474598,"comment_status":"","ping_status":"","sticky":false,"template":"","format":"standard","meta":{"footnotes":""},"categories":[9653],"tags":[1111,11,2430,7539,1057,4854,1777,674,1011,27,12,25,4001,7538],"class_list":{"0":"post-474597","1":"post","2":"type-post","3":"status-publish","4":"format-standard","5":"has-post-thumbnail","7":"category-saint-etienne","8":"tag-actu","9":"tag-actualites","10":"tag-auvergne-rhone-alpes","11":"tag-edition-loire-sud","12":"tag-education","13":"tag-enseignement-superieur","14":"tag-eu","15":"tag-europe","16":"tag-fr","17":"tag-france","18":"tag-news","19":"tag-republique-francaise","20":"tag-saint-etienne","21":"tag-saint-etienne-ville"},"share_on_mastodon":{"url":"https:\/\/pubeurope.com\/@fr\/115400395303018798","error":""},"_links":{"self":[{"href":"https:\/\/www.europesays.com\/fr\/wp-json\/wp\/v2\/posts\/474597","targetHints":{"allow":["GET"]}}],"collection":[{"href":"https:\/\/www.europesays.com\/fr\/wp-json\/wp\/v2\/posts"}],"about":[{"href":"https:\/\/www.europesays.com\/fr\/wp-json\/wp\/v2\/types\/post"}],"author":[{"embeddable":true,"href":"https:\/\/www.europesays.com\/fr\/wp-json\/wp\/v2\/users\/2"}],"replies":[{"embeddable":true,"href":"https:\/\/www.europesays.com\/fr\/wp-json\/wp\/v2\/comments?post=474597"}],"version-history":[{"count":0,"href":"https:\/\/www.europesays.com\/fr\/wp-json\/wp\/v2\/posts\/474597\/revisions"}],"wp:featuredmedia":[{"embeddable":true,"href":"https:\/\/www.europesays.com\/fr\/wp-json\/wp\/v2\/media\/474598"}],"wp:attachment":[{"href":"https:\/\/www.europesays.com\/fr\/wp-json\/wp\/v2\/media?parent=474597"}],"wp:term":[{"taxonomy":"category","embeddable":true,"href":"https:\/\/www.europesays.com\/fr\/wp-json\/wp\/v2\/categories?post=474597"},{"taxonomy":"post_tag","embeddable":true,"href":"https:\/\/www.europesays.com\/fr\/wp-json\/wp\/v2\/tags?post=474597"}],"curies":[{"name":"wp","href":"https:\/\/api.w.org\/{rel}","templated":true}]}}