{"id":474605,"date":"2025-10-19T10:41:10","date_gmt":"2025-10-19T10:41:10","guid":{"rendered":"https:\/\/www.europesays.com\/fr\/474605\/"},"modified":"2025-10-19T10:41:10","modified_gmt":"2025-10-19T10:41:10","slug":"soiree-live-show-avec-chloe-jacob-a-la-brasserie-lattara","status":"publish","type":"post","link":"https:\/\/www.europesays.com\/fr\/474605\/","title":{"rendered":"Soir\u00e9e live show avec Chlo\u00e9 Jacob \u00e0 la brasserie Lattara"},"content":{"rendered":"<p>\t\t\t\t\t\t\t\tUne p\u00e9pite de la sc\u00e8ne fran\u00e7aise : Chlo\u00e9 Jacob !<\/p>\n<p>Fid\u00e8le \u00e0 sa volont\u00e9 de laisser une place de choix \u00e0 la musique, votre brasserie accueillera une artiste montante venue tout droit de Paris. \u00c0 seulement 5 ans, elle tenait d\u00e9j\u00e0 sa premi\u00e8re guitare, instrument qu\u2019elle ma\u00eetrise aujourd\u2019hui avec brio. Mais ce sera sa <b>voix, au timbre unique et tr\u00e8s typ\u00e9<\/b>, qui finira de vous conqu\u00e9rir.<\/p>\n<p>Chlo\u00e9 Jacob, un talent d\u00e9j\u00e0 reconnu par les plus grands<\/p>\n<p>Malgr\u00e9 son jeune \u00e2ge, Chlo\u00e9 Jacob affichera d\u00e9j\u00e0 un CV impressionnant. Elle aura eu l\u2019opportunit\u00e9 de collaborer et de partager la sc\u00e8ne avec des figures embl\u00e9matiques de la chanson fran\u00e7aise, parmi lesquelles <b>Pascal Obispo, Benjamin Biolay, Viollet, Florent Pagny et Christophe Ma\u00e9<\/b>. Ces exp\u00e9riences t\u00e9moigneront de la qualit\u00e9 de son jeu et de son talent vocal, faisant d\u2019elle une artiste que vous suivrez de tr\u00e8s pr\u00e8s. Elle aura d\u2019ailleurs accompagn\u00e9 Florent Pagny \u00e0 la guitare lors de ses promotions t\u00e9l\u00e9vis\u00e9es (The Voice, C \u00e0 vous\u2026).<\/p>\n<p>Le 5 novembre prochain, l\u2019artiste posera ses valises et sa guitare chez vous pour un <b>\u00ab\u00a0Soir\u00e9e Live Show\u00a0\u00bb<\/b> qui promettra d\u2019\u00eatre vibrant. Attendez-vous \u00e0 un r\u00e9pertoire m\u00ealant la <b>pop, le rock et la nouvelle chanson fran\u00e7aise<\/b>, avec des compositions originales et des reprises r\u00e9invent\u00e9es.<\/p>\n<p>R\u00e9servez d\u00e8s maintenant votre table pour cette soir\u00e9e unique pour \u00e9couter la rel\u00e8ve, dans une ambiance conviviale et bistronomique.<\/p>\n<p>Soir\u00e9e du mercredi 5 novembre \u00e0 <strong>20h<\/strong> au restaurant brasserie Lattara, avenue Raymond Dugrand (quartier Port-Marianne)<\/p>\n<blockquote class=\"instagram-media\" style=\"background: #FFF; border: 0; border-radius: 3px; box-shadow: 0 0 1px 0 rgba(0,0,0,0.5),0 1px 10px 0 rgba(0,0,0,0.15); margin: 1px; max-width: 540px; min-width: 326px; padding: 0; width: calc(100% - 2px);\" data-instgrm-captioned=\"\" data-instgrm-permalink=\"https:\/\/www.instagram.com\/reel\/DOdP4YblStb\/?utm_source=ig_embed&amp;utm_campaign=loading\" data-instgrm-version=\"14\">\n<\/blockquote>\n<p>\t\t\t\t\t\t\t\t\t\t\t\t\t\t\t<script async src=\"\/\/www.instagram.com\/embed.js\"><\/script><\/p>\n","protected":false},"excerpt":{"rendered":"Une p\u00e9pite de la sc\u00e8ne fran\u00e7aise : Chlo\u00e9 Jacob ! Fid\u00e8le \u00e0 sa volont\u00e9 de laisser une place&hellip;\n","protected":false},"author":2,"featured_media":474606,"comment_status":"","ping_status":"","sticky":false,"template":"","format":"standard","meta":{"footnotes":""},"categories":[9599],"tags":[1111,11,1777,674,1011,27,2208,12,2680,25],"class_list":{"0":"post-474605","1":"post","2":"type-post","3":"status-publish","4":"format-standard","5":"has-post-thumbnail","7":"category-montpellier","8":"tag-actu","9":"tag-actualites","10":"tag-eu","11":"tag-europe","12":"tag-fr","13":"tag-france","14":"tag-montpellier","15":"tag-news","16":"tag-occitanie","17":"tag-republique-francaise"},"share_on_mastodon":{"url":"https:\/\/pubeurope.com\/@fr\/115400414536548539","error":""},"_links":{"self":[{"href":"https:\/\/www.europesays.com\/fr\/wp-json\/wp\/v2\/posts\/474605","targetHints":{"allow":["GET"]}}],"collection":[{"href":"https:\/\/www.europesays.com\/fr\/wp-json\/wp\/v2\/posts"}],"about":[{"href":"https:\/\/www.europesays.com\/fr\/wp-json\/wp\/v2\/types\/post"}],"author":[{"embeddable":true,"href":"https:\/\/www.europesays.com\/fr\/wp-json\/wp\/v2\/users\/2"}],"replies":[{"embeddable":true,"href":"https:\/\/www.europesays.com\/fr\/wp-json\/wp\/v2\/comments?post=474605"}],"version-history":[{"count":0,"href":"https:\/\/www.europesays.com\/fr\/wp-json\/wp\/v2\/posts\/474605\/revisions"}],"wp:featuredmedia":[{"embeddable":true,"href":"https:\/\/www.europesays.com\/fr\/wp-json\/wp\/v2\/media\/474606"}],"wp:attachment":[{"href":"https:\/\/www.europesays.com\/fr\/wp-json\/wp\/v2\/media?parent=474605"}],"wp:term":[{"taxonomy":"category","embeddable":true,"href":"https:\/\/www.europesays.com\/fr\/wp-json\/wp\/v2\/categories?post=474605"},{"taxonomy":"post_tag","embeddable":true,"href":"https:\/\/www.europesays.com\/fr\/wp-json\/wp\/v2\/tags?post=474605"}],"curies":[{"name":"wp","href":"https:\/\/api.w.org\/{rel}","templated":true}]}}