{"id":474611,"date":"2025-10-19T10:45:12","date_gmt":"2025-10-19T10:45:12","guid":{"rendered":"https:\/\/www.europesays.com\/fr\/474611\/"},"modified":"2025-10-19T10:45:12","modified_gmt":"2025-10-19T10:45:12","slug":"plus-de-800-coureurs-ont-releve-le-defi-a-grenoble","status":"publish","type":"post","link":"https:\/\/www.europesays.com\/fr\/474611\/","title":{"rendered":"plus de 800 coureurs ont relev\u00e9 le d\u00e9fi\u00a0\u00e0 Grenoble"},"content":{"rendered":"<p>La 32e \u00e9dition des 10 kilom\u00e8tres de la Bastille a tenu toutes ses promesses ce week-end \u00e0 Grenoble. Sous un ciel limpide et une ambiance de f\u00eate, plus de 800 coureurs\u00a0&#8211; dont 660 en solo et 140 en relais\u00a0&#8211; ont pris le d\u00e9part place Saint-Laurent, au pied de la Casemate, pour affronter les 10\u00a0km et 450 m\u00e8tres de d\u00e9nivel\u00e9 positif menant aux fortifications de la Bastille.<\/p>\n","protected":false},"excerpt":{"rendered":"La 32e \u00e9dition des 10 kilom\u00e8tres de la Bastille a tenu toutes ses promesses ce week-end \u00e0 Grenoble.&hellip;\n","protected":false},"author":2,"featured_media":474612,"comment_status":"","ping_status":"","sticky":false,"template":"","format":"standard","meta":{"footnotes":""},"categories":[9566],"tags":[1111,11,2430,1687,112,1777,674,107,1011,27,5325,2798,2731,2732,108,12,25,7135,273,517],"class_list":{"0":"post-474611","1":"post","2":"type-post","3":"status-publish","4":"format-standard","5":"has-post-thumbnail","7":"category-grenoble","8":"tag-actu","9":"tag-actualites","10":"tag-auvergne-rhone-alpes","11":"tag-culture-loisirs","12":"tag-edition-grenoble-agglomeration","13":"tag-eu","14":"tag-europe","15":"tag-fil-info","16":"tag-fr","17":"tag-france","18":"tag-galerie-media","19":"tag-galerie-photo","20":"tag-grenoble","21":"tag-grenoble-bassin","22":"tag-isere","23":"tag-news","24":"tag-republique-francaise","25":"tag-running","26":"tag-selection-de-la-redaction","27":"tag-sport"},"share_on_mastodon":{"url":"https:\/\/pubeurope.com\/@fr\/115400430450262966","error":""},"_links":{"self":[{"href":"https:\/\/www.europesays.com\/fr\/wp-json\/wp\/v2\/posts\/474611","targetHints":{"allow":["GET"]}}],"collection":[{"href":"https:\/\/www.europesays.com\/fr\/wp-json\/wp\/v2\/posts"}],"about":[{"href":"https:\/\/www.europesays.com\/fr\/wp-json\/wp\/v2\/types\/post"}],"author":[{"embeddable":true,"href":"https:\/\/www.europesays.com\/fr\/wp-json\/wp\/v2\/users\/2"}],"replies":[{"embeddable":true,"href":"https:\/\/www.europesays.com\/fr\/wp-json\/wp\/v2\/comments?post=474611"}],"version-history":[{"count":0,"href":"https:\/\/www.europesays.com\/fr\/wp-json\/wp\/v2\/posts\/474611\/revisions"}],"wp:featuredmedia":[{"embeddable":true,"href":"https:\/\/www.europesays.com\/fr\/wp-json\/wp\/v2\/media\/474612"}],"wp:attachment":[{"href":"https:\/\/www.europesays.com\/fr\/wp-json\/wp\/v2\/media?parent=474611"}],"wp:term":[{"taxonomy":"category","embeddable":true,"href":"https:\/\/www.europesays.com\/fr\/wp-json\/wp\/v2\/categories?post=474611"},{"taxonomy":"post_tag","embeddable":true,"href":"https:\/\/www.europesays.com\/fr\/wp-json\/wp\/v2\/tags?post=474611"}],"curies":[{"name":"wp","href":"https:\/\/api.w.org\/{rel}","templated":true}]}}