{"id":474614,"date":"2025-10-19T10:47:10","date_gmt":"2025-10-19T10:47:10","guid":{"rendered":"https:\/\/www.europesays.com\/fr\/474614\/"},"modified":"2025-10-19T10:47:10","modified_gmt":"2025-10-19T10:47:10","slug":"semaines-du-tourisme-economique-les-visites-dentreprise-a-ne-pas-manquer-a-rennes-et-autour","status":"publish","type":"post","link":"https:\/\/www.europesays.com\/fr\/474614\/","title":{"rendered":"Semaines du tourisme \u00e9conomique\u00a0: les visites d\u2019entreprise \u00e0 ne pas manquer \u00e0 Rennes et autour"},"content":{"rendered":"<p>D\u00e9couvrir les coulisses d\u2019un a\u00e9roport, d\u2019une biscuiterie, d\u2019un atelier de maintenance, d\u2019un cin\u00e9ma ou encore d\u2019une brasserie dans la m\u00e9tropole rennaise ? C\u2019est possible gr\u00e2ce aux Semaines du tourisme \u00e9conomique et des savoir-faire, qui font leur retour pour une cinqui\u00e8me \u00e9dition pendant les prochaines vacances de la Toussaint.<\/p>\n<p>Pendant ces deux semaines (20 octobre-2 novembre), quelque 60 entreprises et collectivit\u00e9s de Rennes M\u00e9tropole ouvriront leurs portes au grand public, qui pourra ainsi d\u00e9couvrir leur savoir-faire ainsi que leurs petits secrets. \u00ab Cette ann\u00e9e, 27 nouvelles entreprises se sont associ\u00e9es \u00e0 l\u2019\u00e9v\u00e8nement et 23 communes de la m\u00e9tropole \u00bb, indique Laura Dufeu, de Destination Rennes. De nombreux secteurs seront repr\u00e9sent\u00e9s : artisanat, produits alimentaires, industrie, services, brasseries, textile\u2026<\/p>\n<p>\u00c0 Rennes, le CHU, la gare, l\u2019a\u00e9roport&#8230;<\/p>\n<p>Parmi les visites les plus embl\u00e9matiques, citons l\u2019usine du constructeur automobile Stellantis \u00e0 Chartres-de-Bretagne, l\u2019a\u00e9roport de Rennes \u00e0 Saint-Jacques-de-la-Lande, le centre 15 du Samu du CHU de Rennes, la gare de Rennes ou l\u2019atelier de maintenance de la ligne b du m\u00e9tro de Keolis \u00e0 Rennes. \u00c9galement \u00e0 voir : la coop\u00e9rative de recyclage textile le Relais \u00e0 Acign\u00e9, les ateliers de vitraux Henri Helmbold \u00e0 Corps-Nuds, le producteur de champignons Champipote \u00e0 Rennes, la cuisine centrale Restoria \u00e0 Saint-Jacques-de-la-Lande, la marque de v\u00eatements La Veste tatou\u00e9e \u00e0 Rennes, les brasseries du Vieux Singe, Skumenn, Sainte-Colombe et Renneizh, ou encore les cin\u00e9mas Cin\u00e9ville de Bruz et Vern-sur-Seich, la librairie Le Failler \u00e0 Rennes et les archives municipales de Rennes.<\/p>\n<p>Inscriptions obligatoires<\/p>\n<p>\u00ab Il y en a pour tous les go\u00fbts, souligne Laura Dufeu. Et c\u2019est tr\u00e8s adapt\u00e9 \u00e0 des grands-parents qui cherchent une activit\u00e9 pour leurs petits-enfants pendant les vacances. \u00bb Les visites, qui se font en petits groupes, durent entre 30 minutes et deux heures. Attention toutefois, les inscriptions (payantes pour les adultes) sont obligatoires et certaines visites ne sont pas ouvertes en dessous d\u2019un certain \u00e2ge. Il convient donc de bien se renseigner au pr\u00e9alable. Et, surtout, de se d\u00e9p\u00eacher pour s\u2019inscrire, car de nombreuses visites affichent d\u00e9j\u00e0 complet.<\/p>\n<p>Pratique<\/p>\n<p class=\"note\">Semaines du tourisme \u00e9conomique et des savoir-faire, du 20 octobre au 2 novembre. Inscriptions aupr\u00e8s de Destination Rennes ou <a href=\"https:\/\/semaines-tourisme-economique.bzh\/.\" target=\"_blank\" rel=\"noopener\">sur internet<\/a>. Tarif unique de 2,50 \u20ac, gratuit pour les moins de 18 ans, les personnes en situation de handicap et les demandeurs d\u2019emploi.<\/p>\n","protected":false},"excerpt":{"rendered":"D\u00e9couvrir les coulisses d\u2019un a\u00e9roport, d\u2019une biscuiterie, d\u2019un atelier de maintenance, d\u2019un cin\u00e9ma ou encore d\u2019une brasserie dans&hellip;\n","protected":false},"author":2,"featured_media":474615,"comment_status":"","ping_status":"","sticky":false,"template":"","format":"standard","meta":{"footnotes":""},"categories":[2821],"tags":[1111,11,829,1777,674,1011,27,848,4555,12,584,25],"class_list":{"0":"post-474614","1":"post","2":"type-post","3":"status-publish","4":"format-standard","5":"has-post-thumbnail","7":"category-rennes","8":"tag-actu","9":"tag-actualites","10":"tag-bretagne","11":"tag-eu","12":"tag-europe","13":"tag-fr","14":"tag-france","15":"tag-ille-et-vilaine","16":"tag-local","17":"tag-news","18":"tag-rennes","19":"tag-republique-francaise"},"share_on_mastodon":{"url":"https:\/\/pubeurope.com\/@fr\/115400438174812615","error":""},"_links":{"self":[{"href":"https:\/\/www.europesays.com\/fr\/wp-json\/wp\/v2\/posts\/474614","targetHints":{"allow":["GET"]}}],"collection":[{"href":"https:\/\/www.europesays.com\/fr\/wp-json\/wp\/v2\/posts"}],"about":[{"href":"https:\/\/www.europesays.com\/fr\/wp-json\/wp\/v2\/types\/post"}],"author":[{"embeddable":true,"href":"https:\/\/www.europesays.com\/fr\/wp-json\/wp\/v2\/users\/2"}],"replies":[{"embeddable":true,"href":"https:\/\/www.europesays.com\/fr\/wp-json\/wp\/v2\/comments?post=474614"}],"version-history":[{"count":0,"href":"https:\/\/www.europesays.com\/fr\/wp-json\/wp\/v2\/posts\/474614\/revisions"}],"wp:featuredmedia":[{"embeddable":true,"href":"https:\/\/www.europesays.com\/fr\/wp-json\/wp\/v2\/media\/474615"}],"wp:attachment":[{"href":"https:\/\/www.europesays.com\/fr\/wp-json\/wp\/v2\/media?parent=474614"}],"wp:term":[{"taxonomy":"category","embeddable":true,"href":"https:\/\/www.europesays.com\/fr\/wp-json\/wp\/v2\/categories?post=474614"},{"taxonomy":"post_tag","embeddable":true,"href":"https:\/\/www.europesays.com\/fr\/wp-json\/wp\/v2\/tags?post=474614"}],"curies":[{"name":"wp","href":"https:\/\/api.w.org\/{rel}","templated":true}]}}