{"id":474618,"date":"2025-10-19T10:50:25","date_gmt":"2025-10-19T10:50:25","guid":{"rendered":"https:\/\/www.europesays.com\/fr\/474618\/"},"modified":"2025-10-19T10:50:25","modified_gmt":"2025-10-19T10:50:25","slug":"diffusion-strasbourg-psg-heure-et-chaine-pour-les-feminines","status":"publish","type":"post","link":"https:\/\/www.europesays.com\/fr\/474618\/","title":{"rendered":"Diffusion Strasbourg\/PSG &#8211; Heure et cha\u00eene pour les F\u00e9minines"},"content":{"rendered":"<p><b>Le Paris Saint-Germain<strong> (2e) <\/strong> jouera ce <strong>dimanche <\/strong>\u00e0 <strong>15h <\/strong><strong>face \u00e0 Strasbourg (7e)<\/strong>. Ce sera <strong>lors de la 4e journ\u00e9e de Premi\u00e8re Ligue Ark\u00e9ma 2025-2026<\/strong> au <strong>Stade de la Meinau<\/strong>. Retrouvez ci-dessous les informations \u00e0 propos de la diffusion de ce Strasbourg\/PSG.<\/b><\/p>\n<p>Apr\u00e8s 2 d\u00e9faites en Ligue des Champions, dont la plus frustrante et encourageante \u00e0 la fois ce jeudi face au Real Madrid (1-2), le PSG retrouve le championnat avec, comme toujours, la mission de s\u2019imposer. Il le faut pour le classement et le moral avant la tr\u00eave internationale.<\/p>\n<p>La difficult\u00e9 sera d\u2019avoir les ressources physiques et mentales apr\u00e8s un match tr\u00e8s prenant en Europe. Mais c\u2019est ainsi au haut niveau et Paris doit avoir des solutions dans son effectif. On esp\u00e8re donc voir un beau match, avec du rythme et de l\u2019intensit\u00e9, sachant que Strasbourg ne fera pas le moindre cadeau.<\/p>\n<p>Quelle cha\u00eene pour voir Strasbourg\/PSG ?<\/p>\n<p><strong>Ce Strasbourg\/PSG <\/strong><strong>sera diffus\u00e9\u00a0sur FFF TV en int\u00e9gralit\u00e9 ce dimanche 19 octobre \u00e0 15h<\/strong>, heure fran\u00e7aise.<\/p>\n<p>Pour voir le match de fa\u00e7on officielle et l\u00e9gale, il suffira d\u2019avoir acc\u00e8s \u00e0 internet puisque c\u2019est une cha\u00eene disponible sur internet (Youtube notamment) sans abonnement.<\/p>\n<p>\t\t\t\t\t\t\t\t\t\t\t\t\t\t\t\t\t\t\t\t\t\t\t<img loading=\"lazy\" src=\"https:\/\/www.europesays.com\/fr\/wp-content\/uploads\/2025\/04\/ParisFans_Logo.png\" decoding=\"async\" class=\"lazyload\" width=\"240\" height=\"54\" data-eio-rwidth=\"240\" data-eio-rheight=\"54\"\/><\/p>\n","protected":false},"excerpt":{"rendered":"Le Paris Saint-Germain (2e) jouera ce dimanche \u00e0 15h face \u00e0 Strasbourg (7e). Ce sera lors de la&hellip;\n","protected":false},"author":2,"featured_media":474619,"comment_status":"","ping_status":"","sticky":false,"template":"","format":"standard","meta":{"footnotes":""},"categories":[2820],"tags":[1111,11,17011,1777,674,4283,1011,27,775,12,25,640,11176,96],"class_list":{"0":"post-474618","1":"post","2":"type-post","3":"status-publish","4":"format-standard","5":"has-post-thumbnail","7":"category-strasbourg","8":"tag-actu","9":"tag-actualites","10":"tag-diffusion","11":"tag-eu","12":"tag-europe","13":"tag-feminine","14":"tag-fr","15":"tag-france","16":"tag-grand-est","17":"tag-news","18":"tag-republique-francaise","19":"tag-strasbourg","20":"tag-strasbourg-psg","21":"tag-une"},"share_on_mastodon":{"url":"https:\/\/pubeurope.com\/@fr\/115400450547263529","error":""},"_links":{"self":[{"href":"https:\/\/www.europesays.com\/fr\/wp-json\/wp\/v2\/posts\/474618","targetHints":{"allow":["GET"]}}],"collection":[{"href":"https:\/\/www.europesays.com\/fr\/wp-json\/wp\/v2\/posts"}],"about":[{"href":"https:\/\/www.europesays.com\/fr\/wp-json\/wp\/v2\/types\/post"}],"author":[{"embeddable":true,"href":"https:\/\/www.europesays.com\/fr\/wp-json\/wp\/v2\/users\/2"}],"replies":[{"embeddable":true,"href":"https:\/\/www.europesays.com\/fr\/wp-json\/wp\/v2\/comments?post=474618"}],"version-history":[{"count":0,"href":"https:\/\/www.europesays.com\/fr\/wp-json\/wp\/v2\/posts\/474618\/revisions"}],"wp:featuredmedia":[{"embeddable":true,"href":"https:\/\/www.europesays.com\/fr\/wp-json\/wp\/v2\/media\/474619"}],"wp:attachment":[{"href":"https:\/\/www.europesays.com\/fr\/wp-json\/wp\/v2\/media?parent=474618"}],"wp:term":[{"taxonomy":"category","embeddable":true,"href":"https:\/\/www.europesays.com\/fr\/wp-json\/wp\/v2\/categories?post=474618"},{"taxonomy":"post_tag","embeddable":true,"href":"https:\/\/www.europesays.com\/fr\/wp-json\/wp\/v2\/tags?post=474618"}],"curies":[{"name":"wp","href":"https:\/\/api.w.org\/{rel}","templated":true}]}}