{"id":474622,"date":"2025-10-19T10:52:11","date_gmt":"2025-10-19T10:52:11","guid":{"rendered":"https:\/\/www.europesays.com\/fr\/474622\/"},"modified":"2025-10-19T10:52:11","modified_gmt":"2025-10-19T10:52:11","slug":"polemique-quand-larbitre-de-nice-lyon-arrete-le-match-pour-des-chants-anti-daech","status":"publish","type":"post","link":"https:\/\/www.europesays.com\/fr\/474622\/","title":{"rendered":"pol\u00e9mique : quand l&rsquo;arbitre de Nice-Lyon arr\u00eate le match pour des chants anti-Daech"},"content":{"rendered":"<p>\u00c0 l&rsquo;Allianz Riviera, \u00e0 la 86e minute (comme le nombre de victimes de <a href=\"https:\/\/www.laprovence.com\/article\/faits-divers-justice\/11267343229449\/attentat-de-nice-lenquete-va-demenager-a-marseille-sur-son-volet-securite\" target=\"_blank\" rel=\"noopener\">l&rsquo;attentat du 14 juillet 2016<\/a>, ndlr) de chaque rencontre de l&rsquo;OGC Nice depuis 2016, un c\u0153ur form\u00e9 du nom des victimes s&rsquo;affiche sur les \u00e9crans du stade et le public se manifeste avec des milliers de lumi\u00e8res de t\u00e9l\u00e9phones mobiles, ainsi que des chants, venus de la tribune populaire sud (\u00ab\u00a0Daech, Daech, on t&rsquo;enc&#8230;\u00a0\u00bb).\u00a0<\/p>\n<p>Mais ce samedi lors de la r\u00e9ception de Lyon, l&rsquo;arbitre a demand\u00e9 au speaker officiel de faire cesser les chants. Le jeu a \u00e9t\u00e9 interrompu deux minutes puis les m\u00eames exclamations ont repris durant plusieurs secondes d\u00e8s que le jeu a repris.<\/p>\n<p>Estrosi et Ciotti d\u00e9noncent<\/p>\n<p>Le maire de Nice Christian Estrosi et son principal opposant aux prochaines \u00e9lections municipales \u00c9ric Ciotti ont tous les deux d\u00e9nonc\u00e9 l&rsquo;interruption momentan\u00e9e du match de L1 Nice-Lyon samedi \u00e0 cause de chants anti-Daech entonn\u00e9s par les supporteurs ni\u00e7ois et jug\u00e9s homophobes. M. Estrosi a regrett\u00e9 sur X la \u00ab\u00a0d\u00e9cision totalement incompr\u00e9hensible d&rsquo;interrompre la partie \u00e0 la 86e minute, apr\u00e8s le traditionnel chant de nos supporters de la Populaire sud contre Daech et en forme d&rsquo;hommage aux victimes de l&rsquo;attentat du 14 juillet\u00a0\u00bb, ajoutant qu'\u00a0\u00bbun peu de pr\u00e9paration et de discernement ne feraient pas de mal dans ces situations\u00a0\u00bb.\u00a0<\/p>\n<p>Eric Ciotti a lui d\u00e9plor\u00e9 sur le m\u00eame r\u00e9seau social \u00ab\u00a0le manque total de discernement\u00a0\u00bb de l&rsquo;arbitre et du d\u00e9l\u00e9gu\u00e9 de la rencontre. \u00ab\u00a0Depuis 2016, la (tribune, ndlr) populaire Sud et de nombreux supporteurs expriment ce que nous pensons tous : un message contre Daech, en hommage aux victimes. Je veux ce soir leur dire mon soutien\u00a0\u00bb, a-t-il \u00e9crit.<\/p>\n<p>Le pr\u00e9sident de l&rsquo;OGC Nice Fabrice Bocquet a d\u00e9nonc\u00e9 sur les r\u00e9seaux du club \u00ab\u00a0un manque de respect pour les victimes du 14 juillet, leurs familles et toute la ville de Nice\u00a0\u00bb. Il a expliqu\u00e9 que l&rsquo;arbitre M. Brisard lui avait dit \u00ab\u00a0avoir voulu appliquer les consignes\u00a0\u00bb et avait \u00ab\u00a0pr\u00e9sent\u00e9 ses excuses\u00a0\u00bb.<\/p>\n","protected":false},"excerpt":{"rendered":"\u00c0 l&rsquo;Allianz Riviera, \u00e0 la 86e minute (comme le nombre de victimes de l&rsquo;attentat du 14 juillet 2016,&hellip;\n","protected":false},"author":2,"featured_media":474623,"comment_status":"","ping_status":"","sticky":false,"template":"","format":"standard","meta":{"footnotes":""},"categories":[2819],"tags":[17,1111,11,11354,1777,674,63,1011,27,15640,955,12,2401,59534,1062,882,396,25,60],"class_list":{"0":"post-474622","1":"post","2":"type-post","3":"status-publish","4":"format-standard","5":"has-post-thumbnail","7":"category-nice","8":"tag-17","9":"tag-actu","10":"tag-actualites","11":"tag-arrete","12":"tag-eu","13":"tag-europe","14":"tag-football","15":"tag-fr","16":"tag-france","17":"tag-larbitre","18":"tag-match","19":"tag-news","20":"tag-nice","21":"tag-nice-lyon","22":"tag-polemique","23":"tag-provence-alpes-cote-dazur","24":"tag-quand","25":"tag-republique-francaise","26":"tag-sports"},"share_on_mastodon":{"url":"https:\/\/pubeurope.com\/@fr\/115400457837501418","error":""},"_links":{"self":[{"href":"https:\/\/www.europesays.com\/fr\/wp-json\/wp\/v2\/posts\/474622","targetHints":{"allow":["GET"]}}],"collection":[{"href":"https:\/\/www.europesays.com\/fr\/wp-json\/wp\/v2\/posts"}],"about":[{"href":"https:\/\/www.europesays.com\/fr\/wp-json\/wp\/v2\/types\/post"}],"author":[{"embeddable":true,"href":"https:\/\/www.europesays.com\/fr\/wp-json\/wp\/v2\/users\/2"}],"replies":[{"embeddable":true,"href":"https:\/\/www.europesays.com\/fr\/wp-json\/wp\/v2\/comments?post=474622"}],"version-history":[{"count":0,"href":"https:\/\/www.europesays.com\/fr\/wp-json\/wp\/v2\/posts\/474622\/revisions"}],"wp:featuredmedia":[{"embeddable":true,"href":"https:\/\/www.europesays.com\/fr\/wp-json\/wp\/v2\/media\/474623"}],"wp:attachment":[{"href":"https:\/\/www.europesays.com\/fr\/wp-json\/wp\/v2\/media?parent=474622"}],"wp:term":[{"taxonomy":"category","embeddable":true,"href":"https:\/\/www.europesays.com\/fr\/wp-json\/wp\/v2\/categories?post=474622"},{"taxonomy":"post_tag","embeddable":true,"href":"https:\/\/www.europesays.com\/fr\/wp-json\/wp\/v2\/tags?post=474622"}],"curies":[{"name":"wp","href":"https:\/\/api.w.org\/{rel}","templated":true}]}}