{"id":474624,"date":"2025-10-19T10:53:16","date_gmt":"2025-10-19T10:53:16","guid":{"rendered":"https:\/\/www.europesays.com\/fr\/474624\/"},"modified":"2025-10-19T10:53:16","modified_gmt":"2025-10-19T10:53:16","slug":"un-detenu-poignarde-au-thorax-a-la-maison-darret-de-nantes","status":"publish","type":"post","link":"https:\/\/www.europesays.com\/fr\/474624\/","title":{"rendered":"Un d\u00e9tenu poignard\u00e9 au thorax \u00e0 la maison d\u2019arr\u00eat de Nantes"},"content":{"rendered":"<p>Un d\u00e9tenu a \u00e9t\u00e9 poignard\u00e9 au thorax \u00e0 la maison d\u2019arr\u00eat de Nantes, dans l\u2019apr\u00e8s-midi du samedi 18\u00a0octobre 2025. Selon nos informations, c\u2019est un cod\u00e9tenu qui est responsable de l\u2019agression <a href=\"https:\/\/nantes.maville.com\/actu\/actudet_-a-nantes-250-matelas-au-sol-et-des-bagarres-en-serie-dans-une-maison-d-arret-surchauffee-_8-6881833_actu.Htm\" target=\"_self\" rel=\"nofollow noopener\">apr\u00e8s une m\u00e9sentente au sein de la cellule<\/a> qui accueillaient trois hommes \u00e2g\u00e9s d\u2019une vingtaine d\u2019ann\u00e9es. Un couteau en c\u00e9ramique a \u00e9t\u00e9 utilis\u00e9, selon une source proche du dossier.<\/p>\n<p><a href=\"https:\/\/nantes.maville.com\/actu\/actudet_-adultere-detenue-radicalisee-influenceuse-la-prison-de-nantes-fait-face-a-la-polemique-_8-6942380_actu.Htm\" target=\"_self\" rel=\"nofollow noopener\"> <strong>? \u00c0 LIRE AUSSI. Adult\u00e8re, d\u00e9tenue radicalis\u00e9e, influenceuse : la prison de Nantes fait face \u00e0 la pol\u00e9mique<\/strong> <\/a><\/p>\n<p>\u00ab\u00a0La surpopulation pose de gros probl\u00e8mes\u00a0\u00bb<\/p>\n<p>La victime a \u00e9t\u00e9 hospitalis\u00e9e dans la foul\u00e9e de l\u2019agression mais les informations sur son \u00e9tat de sant\u00e9 n\u2019ont pas fuit\u00e9. \u00a0Un autre couteau en c\u00e9ramique avait d\u00e9j\u00e0 \u00e9t\u00e9 trouv\u00e9 dans une autre cellule. <a href=\"https:\/\/nantes.maville.com\/actu\/actudet_-livraisons-par-drones-en-prison-a-nantes-on-ne-reste-pas-les-bras-croises-assure-le-directeur-_8-6932998_actu.Htm\" target=\"_self\" rel=\"nofollow noopener\">La surpopulation pose de gros probl\u00e8mes de cohabitation en plus des livraisons quotidienne par drone<\/a>, des stup\u00e9fiants, des t\u00e9l\u00e9phones et des armes par destination\u00a0, commente un familier du monde carc\u00e9ral.<\/p>\n<p>L\u2019agresseur a \u00e9t\u00e9 plac\u00e9 en garde \u00e0 vue.<\/p>\n<p>\u00a0<\/p>\n","protected":false},"excerpt":{"rendered":"Un d\u00e9tenu a \u00e9t\u00e9 poignard\u00e9 au thorax \u00e0 la maison d\u2019arr\u00eat de Nantes, dans l\u2019apr\u00e8s-midi du samedi 18\u00a0octobre&hellip;\n","protected":false},"author":2,"featured_media":474625,"comment_status":"","ping_status":"","sticky":false,"template":"","format":"standard","meta":{"footnotes":""},"categories":[2818],"tags":[1111,11,16433,9625,1777,674,1011,27,2142,766,12,2636,13659,25,6689,16699,9693],"class_list":{"0":"post-474624","1":"post","2":"type-post","3":"status-publish","4":"format-standard","5":"has-post-thumbnail","7":"category-nantes","8":"tag-actu","9":"tag-actualites","10":"tag-arret","11":"tag-detenu","12":"tag-eu","13":"tag-europe","14":"tag-fr","15":"tag-france","16":"tag-maison","17":"tag-nantes","18":"tag-news","19":"tag-pays-de-la-loire","20":"tag-poignarde","21":"tag-republique-francaise","22":"tag-roche","23":"tag-thorax","24":"tag-yon"},"share_on_mastodon":{"url":"https:\/\/pubeurope.com\/@fr\/115400461787359404","error":""},"_links":{"self":[{"href":"https:\/\/www.europesays.com\/fr\/wp-json\/wp\/v2\/posts\/474624","targetHints":{"allow":["GET"]}}],"collection":[{"href":"https:\/\/www.europesays.com\/fr\/wp-json\/wp\/v2\/posts"}],"about":[{"href":"https:\/\/www.europesays.com\/fr\/wp-json\/wp\/v2\/types\/post"}],"author":[{"embeddable":true,"href":"https:\/\/www.europesays.com\/fr\/wp-json\/wp\/v2\/users\/2"}],"replies":[{"embeddable":true,"href":"https:\/\/www.europesays.com\/fr\/wp-json\/wp\/v2\/comments?post=474624"}],"version-history":[{"count":0,"href":"https:\/\/www.europesays.com\/fr\/wp-json\/wp\/v2\/posts\/474624\/revisions"}],"wp:featuredmedia":[{"embeddable":true,"href":"https:\/\/www.europesays.com\/fr\/wp-json\/wp\/v2\/media\/474625"}],"wp:attachment":[{"href":"https:\/\/www.europesays.com\/fr\/wp-json\/wp\/v2\/media?parent=474624"}],"wp:term":[{"taxonomy":"category","embeddable":true,"href":"https:\/\/www.europesays.com\/fr\/wp-json\/wp\/v2\/categories?post=474624"},{"taxonomy":"post_tag","embeddable":true,"href":"https:\/\/www.europesays.com\/fr\/wp-json\/wp\/v2\/tags?post=474624"}],"curies":[{"name":"wp","href":"https:\/\/api.w.org\/{rel}","templated":true}]}}