{"id":474638,"date":"2025-10-19T11:02:28","date_gmt":"2025-10-19T11:02:28","guid":{"rendered":"https:\/\/www.europesays.com\/fr\/474638\/"},"modified":"2025-10-19T11:02:28","modified_gmt":"2025-10-19T11:02:28","slug":"et-vous-plutot-aix-ou-marseille","status":"publish","type":"post","link":"https:\/\/www.europesays.com\/fr\/474638\/","title":{"rendered":"Et vous, plut\u00f4t Aix ou\u00a0Marseille\u00a0?"},"content":{"rendered":"<p>Entre Aix-en-Provence et Marseille, les pr\u00e9f\u00e9rences sont tranch\u00e9es\u00a0: chaque cit\u00e9 suscite des passions et des opinions presque antagonistes. Au fil des \u00e9changes, ce sont surtout les th\u00e9matiques de la vie quotidienne, de la culture, des sorties, du sport et de la mode qui ont nourri les d\u00e9bats.<\/p>\n<p><img alt=\"La corniche de Marseille pi\u00e9tonne.\" loading=\"lazy\" decoding=\"async\" data-nimg=\"fill\" class=\" TwicCore_img__i9TC1 undefined  undefined\" style=\"position:absolute;height:100%;width:100%;left:0;top:0;right:0;bottom:0;color:transparent;background-size:cover;background-position:50% 50%;background-repeat:no-repeat;background-image:url(&quot;data:image\/svg+xml;charset=utf-8,%3Csvg xmlns='http:\/\/www.w3.org\/2000\/svg' %3E%3Cfilter id='b' color-interpolation-filters='sRGB'%3E%3CfeGaussianBlur stdDeviation='20'\/%3E%3CfeColorMatrix values='1 0 0 0 0 0 1 0 0 0 0 0 1 0 0 0 0 0 100 -1' result='s'\/%3E%3CfeFlood x='0' y='0' width='100%25' height='100%25'\/%3E%3CfeComposite operator='out' in='s'\/%3E%3CfeComposite in2='SourceGraphic'\/%3E%3CfeGaussianBlur stdDeviation='20'\/%3E%3C\/filter%3E%3Cimage width='100%25' height='100%25' x='0' y='0' preserveAspectRatio='none' style='filter: url(%23b);' href='https:\/\/pictures.laprovence.com\/cdn-cgi\/image\/blur=250\/media\/melody\/2025\/10\/18\/24eme-edition-de-la-voie-est-libre-operation-de-pietonnisation-de-la-corniche-kennedy-avec-acces-exc-1760769542_02b3e3aa52f86c6b3e3aa52f8dab3ev_.jpg'\/%3E%3C\/svg%3E&quot;)\"   src=\"https:\/\/www.europesays.com\/fr\/wp-content\/uploads\/2025\/10\/24eme-edition-de-la-voie-est-libre-operation-de-pietonnisation-de-la-corniche-kennedy-avec-acces-exc.jpeg\"\/>La corniche de Marseille pi\u00e9tonne. \/ PHOTOs Cyril Sollier et Gilles Bader<\/p>\n<p>Quand certains valorisent la tranquillit\u00e9 et la douceur de vivre aixoise, d&rsquo;autres vantent le dynamisme, l&rsquo;authenticit\u00e9 marseillaise et le cadre de bord de mer. Et vous, \u00eates-vous plut\u00f4t Aix ou Marseille ?<\/p>\n<p>Pascale, biblioth\u00e9caire 58\u00a0ans (Marseille)<\/p>\n<p>Pour moi, Marseille est une ville tr\u00e8s pauvre, populaire, sale mais en m\u00eame temps tr\u00e8s attachante. Aix est tr\u00e8s bourgeoise. Ce sont deux villes qui n&rsquo;ont aucun rapport. Aix est une ville tr\u00e8s \u00e9tudiante, tr\u00e8s culturelle, tr\u00e8s ch\u00e8re, tr\u00e8s agr\u00e9able aussi cependant. C&rsquo;est une ville plus tranquille, moins agressive que Marseille.<\/p>\n<p>Je n&rsquo;aime pas trop la mentalit\u00e9 bourgeoise d&rsquo;Aix. Marseille a une identit\u00e9 propre, sp\u00e9ciale, qui n&rsquo;a rien \u00e0 voir avec Aix o\u00f9 tout le monde quasiment est tr\u00e8s bien habill\u00e9 dans la rue. M\u00eame s&rsquo;il ne faut pas g\u00e9n\u00e9raliser, c&rsquo;est une ville plus \u00ab\u00a0bobo\u00a0\u00bb. Je suis marseillaise donc dans Marseille j&rsquo;aime bien le rapport \u00e0 l&rsquo;autre, la tchatche. <a href=\"https:\/\/www.laprovence.com\/article\/region\/42534997244718\/marseille-ils-vivent-leur-passion-pour-l-om-aux-terrasses-du-port\" target=\"_blank\" rel=\"noopener\">Marseille pour moi c&rsquo;est l&rsquo;OM<\/a>, le pastis, la p\u00e9tanque. Apr\u00e8s, il est vrai qu&rsquo;il y a beaucoup d&rsquo;ins\u00e9curit\u00e9 \u00e0 Marseille, c&rsquo;est violent. Par exemple moi je travaille \u00e0 <a href=\"https:\/\/www.laprovence.com\/article\/region\/1270714435138215\/marseille-a-belsunce-malgre-une-presence-policiere-renforcee-les-habitants-vivent-un-ete-sous-crack\" target=\"_blank\" rel=\"noopener\">Belsunce <\/a>et m\u00eame au-del\u00e0 de ce qu&rsquo;il s&rsquo;est pass\u00e9 r\u00e9cemment (attaque au couteau le 2\u00a0septembre NDLR), il y a beaucoup d&rsquo;agressions et de dealers dans ma rue.<\/p>\n<p><img alt=\"Pascale.\" loading=\"lazy\" decoding=\"async\" data-nimg=\"fill\" class=\" TwicCore_img__i9TC1 undefined  undefined\" style=\"position:absolute;height:100%;width:100%;left:0;top:0;right:0;bottom:0;color:transparent;background-size:cover;background-position:50% 50%;background-repeat:no-repeat;background-image:url(&quot;data:image\/svg+xml;charset=utf-8,%3Csvg xmlns='http:\/\/www.w3.org\/2000\/svg' %3E%3Cfilter id='b' color-interpolation-filters='sRGB'%3E%3CfeGaussianBlur stdDeviation='20'\/%3E%3CfeColorMatrix values='1 0 0 0 0 0 1 0 0 0 0 0 1 0 0 0 0 0 100 -1' result='s'\/%3E%3CfeFlood x='0' y='0' width='100%25' height='100%25'\/%3E%3CfeComposite operator='out' in='s'\/%3E%3CfeComposite in2='SourceGraphic'\/%3E%3CfeGaussianBlur stdDeviation='20'\/%3E%3C\/filter%3E%3Cimage width='100%25' height='100%25' x='0' y='0' preserveAspectRatio='none' style='filter: url(%23b);' href='https:\/\/pictures.laprovence.com\/cdn-cgi\/image\/blur=250\/media\/melody\/2025\/10\/18\/dr-1760769542_901bb6d082f86d41bb6d082f8e81bbv_.jpg'\/%3E%3C\/svg%3E&quot;)\"   src=\"https:\/\/www.europesays.com\/fr\/wp-content\/uploads\/2025\/10\/dr-1760769542_901bb6d082f86d41bb6d082f8e81bbv_.jpg\"\/>Pascale. \/ Photo LPRomain, 29 ans, artiste, prof de yoga et conseiller vendeur en \u00e9picerie (Aix)<\/p>\n<p>N\u00e9 \u00e0 Marseille, je vis aujourd&rsquo;hui \u00e0 Aix. Marseille a ce c\u00f4t\u00e9 plus authentique, plus simple, o\u00f9 les gens sont dans l&rsquo;acceptation. C&rsquo;est l\u00e0 que je suis devenue artiste, que j&rsquo;ai commenc\u00e9 \u00e0 monter sur sc\u00e8ne sous le nom de Nehmo, \u00e0 Aix cela n&rsquo;aurait pas \u00e9t\u00e9 possible. Mais Marseille, c&rsquo;est aussi une ville moins propre, o\u00f9 les r\u00e8gles sont moins respect\u00e9es et o\u00f9 les incivilit\u00e9s sont plus pr\u00e9sentes. Aix, \u00e0 l&rsquo;inverse, est plus calme, tr\u00e8s belle, tr\u00e8s propre&#8230; On sent que la ville commence \u00e0 se \u00ab\u00a0marseilliser\u00a0\u00bb un peu, <a href=\"https:\/\/www.laprovence.com\/article\/culture-loisirs\/31046896099643\/vie-nocturne-apres-lere-aixoise-le-reveil-de-marseille\" target=\"_blank\" rel=\"noopener\">avec plus d&rsquo;animations et de bruit &#8211; ce qui, en soi, n&rsquo;est pas plus mal<\/a>. Cela dit, la population est plus \u00e2g\u00e9e, et beaucoup viennent d&rsquo;autres r\u00e9gions fran\u00e7aises, ce qui tire les loyers vers le haut.<\/p>\n<p>\u00c0 Aix, on sent davantage le regard des autres, c&rsquo;est plus limit\u00e9 spirituellement et il y a une forme de fermeture d&rsquo;esprit qui peut freiner la cr\u00e9ativit\u00e9 artistique. En termes de mentalit\u00e9, Aix ressemble un peu \u00e0 Paris, tandis que Marseille c&rsquo;est plut\u00f4t Los Angeles. J&rsquo;ai appris \u00e0 aimer les deux villes, sans pr\u00e9f\u00e9rence tranch\u00e9e\u00a0!<\/p>\n<p><img alt=\"Romain.\" loading=\"lazy\" decoding=\"async\" data-nimg=\"fill\" class=\" TwicCore_img__i9TC1 undefined  undefined\" style=\"position:absolute;height:100%;width:100%;left:0;top:0;right:0;bottom:0;color:transparent;background-size:cover;background-position:50% 50%;background-repeat:no-repeat;background-image:url(&quot;data:image\/svg+xml;charset=utf-8,%3Csvg xmlns='http:\/\/www.w3.org\/2000\/svg' %3E%3Cfilter id='b' color-interpolation-filters='sRGB'%3E%3CfeGaussianBlur stdDeviation='20'\/%3E%3CfeColorMatrix values='1 0 0 0 0 0 1 0 0 0 0 0 1 0 0 0 0 0 100 -1' result='s'\/%3E%3CfeFlood x='0' y='0' width='100%25' height='100%25'\/%3E%3CfeComposite operator='out' in='s'\/%3E%3CfeComposite in2='SourceGraphic'\/%3E%3CfeGaussianBlur stdDeviation='20'\/%3E%3C\/filter%3E%3Cimage width='100%25' height='100%25' x='0' y='0' preserveAspectRatio='none' style='filter: url(%23b);' href='https:\/\/pictures.laprovence.com\/cdn-cgi\/image\/blur=250\/media\/melody\/2025\/10\/18\/dr-1760769542_1a71496082f860e71496082f8c1814v_.jpg'\/%3E%3C\/svg%3E&quot;)\"   src=\"https:\/\/www.europesays.com\/fr\/wp-content\/uploads\/2025\/10\/dr-1760769542_1a71496082f860e71496082f8c1814v_.jpg\"\/>Romain. \/ Photo LPYounis, 65\u00a0ans, retrait\u00e9, ancien cuisinier (Marseille)<\/p>\n<p>Marseille est une grande ville o\u00f9 l&rsquo;on peut se promener librement un peu partout. Il y a du choix dans tous les domaines, ce qui la rend tr\u00e8s agr\u00e9able \u00e0 vivre. J&rsquo;y connais pas mal de monde, les gens sont sympathiques et l&rsquo;ambiance est g\u00e9n\u00e9ralement bonne, m\u00eame si je sors moins qu&rsquo;avant.<\/p>\n<p>Aix est trop petite, trop \u00e9troite, et les gens ont l&rsquo;air moins sympas qu&rsquo;\u00e0 Marseille. C&rsquo;est quand m\u00eame\u00a0une ville que j&rsquo;appr\u00e9cie m\u00eame si je ne me vois pas y vivre car je suis trop habitu\u00e9 \u00e0 Marseille.<\/p>\n<p><img alt=\"Younis.\" loading=\"lazy\" decoding=\"async\" data-nimg=\"fill\" class=\" TwicCore_img__i9TC1 undefined  undefined\" style=\"position:absolute;height:100%;width:100%;left:0;top:0;right:0;bottom:0;color:transparent;background-size:cover;background-position:50% 50%;background-repeat:no-repeat;background-image:url(&quot;data:image\/svg+xml;charset=utf-8,%3Csvg xmlns='http:\/\/www.w3.org\/2000\/svg' %3E%3Cfilter id='b' color-interpolation-filters='sRGB'%3E%3CfeGaussianBlur stdDeviation='20'\/%3E%3CfeColorMatrix values='1 0 0 0 0 0 1 0 0 0 0 0 1 0 0 0 0 0 100 -1' result='s'\/%3E%3CfeFlood x='0' y='0' width='100%25' height='100%25'\/%3E%3CfeComposite operator='out' in='s'\/%3E%3CfeComposite in2='SourceGraphic'\/%3E%3CfeGaussianBlur stdDeviation='20'\/%3E%3C\/filter%3E%3Cimage width='100%25' height='100%25' x='0' y='0' preserveAspectRatio='none' style='filter: url(%23b);' href='https:\/\/pictures.laprovence.com\/cdn-cgi\/image\/blur=250\/media\/melody\/2025\/10\/18\/dr-1760769543_10fd396082f8664fd396082f868fd3v_.jpg'\/%3E%3C\/svg%3E&quot;)\"   src=\"https:\/\/www.europesays.com\/fr\/wp-content\/uploads\/2025\/10\/dr-1760769543_10fd396082f8664fd396082f868fd3v_.jpg\"\/>Younis. \/ Photo LPDaniel, 75 ans, retrait\u00e9, ancien agent de voyage (Aix)<\/p>\n<p><a href=\"https:\/\/www.laprovence.com\/article\/societe\/1196369475791114\/aix-vs-marseille-identite-opposition-revivez-notre-match-avec-nos-experts-et-nos-lecteurs\" target=\"_blank\" rel=\"noopener\">J&rsquo;ai toujours pr\u00e9f\u00e9r\u00e9 vivre \u00e0 Aix plut\u00f4t qu&rsquo;\u00e0 Marseille.<\/a> Ce choix tient avant tout \u00e0 la qualit\u00e9 de vie dans cette ville. J&rsquo;aime le contact humain, la vie sociale, et le centre historique \u00e0 taille humaine favorise les rencontres. Quand je sors boire un caf\u00e9, il y a de fortes chances que je croise quelqu&rsquo;un pour passer un moment agr\u00e9able.<\/p>\n<p>\u00c0 Marseille, la ville est trop vaste pour permettre ces \u00e9changes spontan\u00e9s au quotidien. J&rsquo;y ai des amis qui vantent la diversit\u00e9 culturelle, la vivacit\u00e9 de la sc\u00e8ne artistique, et l&rsquo;\u00e9mergence constante de nouveaux bars et restaurants sympas. J&rsquo;aime y aller le week-end, pour en profiter et voir la mer mais je ne me verrais pas y vivre \u00e0 temps plein.<\/p>\n<p>Ce que je d\u00e9plore en revanche, c&rsquo;est qu&rsquo;il devient de plus en plus difficile de vivre \u00e0 Aix, en raison de la pression fonci\u00e8re qui fait grimper le co\u00fbt de la vie. La ville a toujours attir\u00e9 une population ais\u00e9e. Mais autrefois, toutes les classes sociales pouvaient encore s&rsquo;y installer. L&rsquo;essor massif des <a href=\"https:\/\/www.laprovence.com\/article\/region\/2342792106164815\/aix-en-provence-plus-facile-de-trouver-un-airbnb-qu-un-logement-dans-le-centre-ville\" target=\"_blank\" rel=\"noopener\">locations de type Airbnb<\/a> y contribue largement. Il devient urgent de r\u00e9guler ce ph\u00e9nom\u00e8ne, sans quoi Aix risque de se transformer en ville-mus\u00e9e, d\u00e9sert\u00e9e par ses habitants d&rsquo;origine.<\/p>\n<p><img alt=\"Daniel.\" loading=\"lazy\" decoding=\"async\" data-nimg=\"fill\" class=\" TwicCore_img__i9TC1 undefined  undefined\" style=\"position:absolute;height:100%;width:100%;left:0;top:0;right:0;bottom:0;color:transparent;background-size:cover;background-position:50% 50%;background-repeat:no-repeat;background-image:url(&quot;data:image\/svg+xml;charset=utf-8,%3Csvg xmlns='http:\/\/www.w3.org\/2000\/svg' %3E%3Cfilter id='b' color-interpolation-filters='sRGB'%3E%3CfeGaussianBlur stdDeviation='20'\/%3E%3CfeColorMatrix values='1 0 0 0 0 0 1 0 0 0 0 0 1 0 0 0 0 0 100 -1' result='s'\/%3E%3CfeFlood x='0' y='0' width='100%25' height='100%25'\/%3E%3CfeComposite operator='out' in='s'\/%3E%3CfeComposite in2='SourceGraphic'\/%3E%3CfeGaussianBlur stdDeviation='20'\/%3E%3C\/filter%3E%3Cimage width='100%25' height='100%25' x='0' y='0' preserveAspectRatio='none' style='filter: url(%23b);' href='https:\/\/pictures.laprovence.com\/cdn-cgi\/image\/blur=250\/media\/melody\/2025\/10\/18\/dr-1760769543_f56180f082f86e96180f082f8ad618v_.jpg'\/%3E%3C\/svg%3E&quot;)\"   src=\"https:\/\/www.europesays.com\/fr\/wp-content\/uploads\/2025\/10\/dr-1760769543_f56180f082f86e96180f082f8ad618v_.jpg\"\/>Daniel. \/ Photo LPYassine 21\u00a0ans, commercial (Marseille)<\/p>\n<p>Je suis n\u00e9 et j&rsquo;ai grandi \u00e0 Marseille, je n&rsquo;ai jamais pu m&rsquo;adapter dans une autre ville que ce soit au niveau du climat ou de la mentalit\u00e9. Ici on rigole, on est joyeux et surtout, il y a de quoi s&rsquo;occuper. Comme tous les Marseillais j&rsquo;aime beaucoup ma ville, l&rsquo;ambiance d&rsquo;ici on ne la trouve nulle part ailleurs. Et il y a une vraie solidarit\u00e9.<\/p>\n<p>Aix est une belle ville, bien entretenue. La population est diff\u00e9rente, les Aixois n&rsquo;aiment pas les Marseillais j&rsquo;ai l&rsquo;impression. Ils ont une image tr\u00e8s n\u00e9gative de nous mais il faut qu&rsquo;ils comprennent que tout le monde n&rsquo;a pas la chance d&rsquo;avoir une bonne situation et d&rsquo;avoir les moyens. S&rsquo;ils acceptaient de venir et de se m\u00e9langer \u00e0 Marseille ils seraient tr\u00e8s bien re\u00e7us car nous, Marseillais, on sait accueillir\u00a0!<\/p>\n<p><img alt=\"Yassine.\" loading=\"lazy\" decoding=\"async\" data-nimg=\"fill\" class=\" TwicCore_img__i9TC1 undefined  undefined\" style=\"position:absolute;height:100%;width:100%;left:0;top:0;right:0;bottom:0;color:transparent;background-size:cover;background-position:50% 50%;background-repeat:no-repeat;background-image:url(&quot;data:image\/svg+xml;charset=utf-8,%3Csvg xmlns='http:\/\/www.w3.org\/2000\/svg' %3E%3Cfilter id='b' color-interpolation-filters='sRGB'%3E%3CfeGaussianBlur stdDeviation='20'\/%3E%3CfeColorMatrix values='1 0 0 0 0 0 1 0 0 0 0 0 1 0 0 0 0 0 100 -1' result='s'\/%3E%3CfeFlood x='0' y='0' width='100%25' height='100%25'\/%3E%3CfeComposite operator='out' in='s'\/%3E%3CfeComposite in2='SourceGraphic'\/%3E%3CfeGaussianBlur stdDeviation='20'\/%3E%3C\/filter%3E%3Cimage width='100%25' height='100%25' x='0' y='0' preserveAspectRatio='none' style='filter: url(%23b);' href='https:\/\/pictures.laprovence.com\/cdn-cgi\/image\/blur=250\/media\/melody\/2025\/10\/18\/dr-1760769543_5a3f496082f864e3f496082f8124f4v_.jpg'\/%3E%3C\/svg%3E&quot;)\"   src=\"https:\/\/www.europesays.com\/fr\/wp-content\/uploads\/2025\/10\/dr-1760769543_5a3f496082f864e3f496082f8124f4v_.jpg\"\/>Yassine. \/ Photo LPLaurine, 28\u00a0ans, agente de service hospitalier en EHPAD (Aix)<\/p>\n<p>Sur les diff\u00e9rences principales Entre les deux villes, je dirais que j&rsquo;ai plus tendance \u00e0 me sentir \u00e0 l&rsquo;aise \u00e0 Aix qu&rsquo;\u00e0 Marseille.\u00a0Je me sens moins \u00e0 l&rsquo;aise de marcher en tant que femme dans la rue \u00e0 Marseille qu&rsquo;\u00e0 Aix. Alors qu&rsquo;\u00e0 Aix, quand je me balade \u00e0 des horaires tardifs, je n&rsquo;ai pas peur. D\u00e8s qu&rsquo;on te dit\u00a0\u00ab\u00a0Bonjour Mademoiselle\u00a0\u00bb \u00e0 5\u00a0heures du matin, t&rsquo;es pas \u00e0 l&rsquo;aise. Le clich\u00e9 d&rsquo;Aix, \u00e0 l&rsquo;inverse, c&rsquo;est que c&rsquo;est une ville tr\u00e8s bourgeoise ce qui est vrai. Je pense qu&rsquo;au niveau activit\u00e9 nocturne, les bars ferment plus tard \u00e0 Marseille qu&rsquo;\u00e0 Aix c&rsquo;est s\u00fbr. Au global je choisirais quand m\u00eame Aix entre les deux villes. En revanche, pour se loger, \u00e0 Aix c&rsquo;est compliqu\u00e9\u00a0! <a href=\"https:\/\/www.laprovence.com\/article\/economie\/32739520406461\/deux-planetes-totalement-differentes-sur-limmobilier-aix-et-marseille-sont-a-loppose\" target=\"_blank\" rel=\"noopener\">Les prix des appartements sont faramineux compar\u00e9s \u00e0 Marseille.<\/a> Il y a moyen de mieux s&rsquo;en sortir \u00e0 Marseille qu&rsquo;\u00e0 Aix sur ce point-l\u00e0 je pense.<\/p>\n<p><img alt=\"Laurine.\" loading=\"lazy\" decoding=\"async\" data-nimg=\"fill\" class=\" TwicCore_img__i9TC1 undefined  undefined\" style=\"position:absolute;height:100%;width:100%;left:0;top:0;right:0;bottom:0;color:transparent;background-size:cover;background-position:50% 50%;background-repeat:no-repeat;background-image:url(&quot;data:image\/svg+xml;charset=utf-8,%3Csvg xmlns='http:\/\/www.w3.org\/2000\/svg' %3E%3Cfilter id='b' color-interpolation-filters='sRGB'%3E%3CfeGaussianBlur stdDeviation='20'\/%3E%3CfeColorMatrix values='1 0 0 0 0 0 1 0 0 0 0 0 1 0 0 0 0 0 100 -1' result='s'\/%3E%3CfeFlood x='0' y='0' width='100%25' height='100%25'\/%3E%3CfeComposite operator='out' in='s'\/%3E%3CfeComposite in2='SourceGraphic'\/%3E%3CfeGaussianBlur stdDeviation='20'\/%3E%3C\/filter%3E%3Cimage width='100%25' height='100%25' x='0' y='0' preserveAspectRatio='none' style='filter: url(%23b);' href='https:\/\/pictures.laprovence.com\/cdn-cgi\/image\/blur=250\/media\/melody\/2025\/10\/18\/dr-1760769543_3f7fa6d082f86138fa6d082f8e68fav_.jpg'\/%3E%3C\/svg%3E&quot;)\"   src=\"https:\/\/www.europesays.com\/fr\/wp-content\/uploads\/2025\/10\/dr-1760769543_3f7fa6d082f86138fa6d082f8e68fav_.jpg\"\/>Laurine. \/ Photo LP<a target=\"_self\" aria-label=\"Acc\u00e9der au dossier Aix VS Marseille\" class=\"w-full h-full flex flex-row rounded-lg\" data-xiti-chapter1=\"dossier\" data-xiti-chapter2=\"tag\" type=\"navigation\" href=\"https:\/\/www.laprovence.com\/dossiers\/126258\/aix-vs-marseille\" rel=\"noopener\"><img alt=\"Illustration du dossier Aix VS Marseille\" loading=\"lazy\" decoding=\"async\" data-nimg=\"fill\" class=\"rounded-lg\" style=\"position:absolute;height:100%;width:100%;left:0;top:0;right:0;bottom:0;object-fit:cover;color:transparent\"   src=\"https:\/\/www.europesays.com\/fr\/wp-content\/uploads\/2025\/10\/aixvsmarseille.png\"\/><\/a><\/p>\n","protected":false},"excerpt":{"rendered":"Entre Aix-en-Provence et Marseille, les pr\u00e9f\u00e9rences sont tranch\u00e9es\u00a0: chaque cit\u00e9 suscite des passions et des opinions presque antagonistes.&hellip;\n","protected":false},"author":2,"featured_media":474639,"comment_status":"","ping_status":"","sticky":false,"template":"","format":"standard","meta":{"footnotes":""},"categories":[2814],"tags":[17,1111,11,2835,1777,674,1011,27,884,12,18301,882,16,25,17932,4568],"class_list":{"0":"post-474638","1":"post","2":"type-post","3":"status-publish","4":"format-standard","5":"has-post-thumbnail","7":"category-marseille","8":"tag-17","9":"tag-actu","10":"tag-actualites","11":"tag-aix","12":"tag-eu","13":"tag-europe","14":"tag-fr","15":"tag-france","16":"tag-marseille","17":"tag-news","18":"tag-plutot","19":"tag-provence-alpes-cote-dazur","20":"tag-region","21":"tag-republique-francaise","22":"tag-temoignages","23":"tag-vous"},"share_on_mastodon":{"url":"https:\/\/pubeurope.com\/@fr\/115400499013930295","error":""},"_links":{"self":[{"href":"https:\/\/www.europesays.com\/fr\/wp-json\/wp\/v2\/posts\/474638","targetHints":{"allow":["GET"]}}],"collection":[{"href":"https:\/\/www.europesays.com\/fr\/wp-json\/wp\/v2\/posts"}],"about":[{"href":"https:\/\/www.europesays.com\/fr\/wp-json\/wp\/v2\/types\/post"}],"author":[{"embeddable":true,"href":"https:\/\/www.europesays.com\/fr\/wp-json\/wp\/v2\/users\/2"}],"replies":[{"embeddable":true,"href":"https:\/\/www.europesays.com\/fr\/wp-json\/wp\/v2\/comments?post=474638"}],"version-history":[{"count":0,"href":"https:\/\/www.europesays.com\/fr\/wp-json\/wp\/v2\/posts\/474638\/revisions"}],"wp:featuredmedia":[{"embeddable":true,"href":"https:\/\/www.europesays.com\/fr\/wp-json\/wp\/v2\/media\/474639"}],"wp:attachment":[{"href":"https:\/\/www.europesays.com\/fr\/wp-json\/wp\/v2\/media?parent=474638"}],"wp:term":[{"taxonomy":"category","embeddable":true,"href":"https:\/\/www.europesays.com\/fr\/wp-json\/wp\/v2\/categories?post=474638"},{"taxonomy":"post_tag","embeddable":true,"href":"https:\/\/www.europesays.com\/fr\/wp-json\/wp\/v2\/tags?post=474638"}],"curies":[{"name":"wp","href":"https:\/\/api.w.org\/{rel}","templated":true}]}}