{"id":474661,"date":"2025-10-19T11:19:18","date_gmt":"2025-10-19T11:19:18","guid":{"rendered":"https:\/\/www.europesays.com\/fr\/474661\/"},"modified":"2025-10-19T11:19:18","modified_gmt":"2025-10-19T11:19:18","slug":"une-commission-francaise-juge-laccord-franco-britannique-cynique-et-deshumanisant","status":"publish","type":"post","link":"https:\/\/www.europesays.com\/fr\/474661\/","title":{"rendered":"Une commission fran\u00e7aise juge l\u2019accord franco-britannique \u00ab\u00a0cynique et d\u00e9shumanisant\u00a0\u00bb"},"content":{"rendered":"<p>Un \u00ab\u00a0un syst\u00e8me cynique et d\u00e9shumanisant\u00a0\u00bb. C\u2019est l\u2019avis qu\u2019a rendu la Commission nationale consultative des <a href=\"https:\/\/www.20minutes.fr\/monde\/droits_de_l_homme-1\/\" target=\"_blank\" class=\"c-link c-link--is-underlined\" rel=\"noopener\">droits de l&rsquo;homme<\/a> (CNCDH) sur l\u2019accord migratoire franco-britannique, paru ce dimanche au <a href=\"https:\/\/www.20minutes.fr\/dossier\/journal_officiel\" target=\"_blank\" class=\"c-link c-link--is-underlined\" rel=\"noopener\">Journal officiel<\/a>. La Commission, qui demande sa d\u00e9nonciation, \u00ab\u00a0s\u2019inqui\u00e8te des atteintes aux droits fondamentaux et aux obligations internationales des deux pays\u00a0\u00bb qu\u2019induit la mise en \u0153uvre de l\u2019accord visant \u00e0 pr\u00e9venir \u00ab\u00a0les travers\u00e9es p\u00e9rilleuses\u00a0\u00bb, indique-t-elle dans son avis, non contraignant.<\/p>\n<\/p>\n<p>Conclu fin juillet, cet accord pr\u00e9voit le renvoi en France de <a href=\"https:\/\/www.20minutes.fr\/dossier\/migrants\" target=\"_blank\" class=\"c-link c-link--is-underlined\" rel=\"noopener\">migrants<\/a> arriv\u00e9s \u00e0 bord de petits bateaux au <a href=\"https:\/\/www.20minutes.fr\/monde\/royaume-uni\/\" target=\"_blank\" class=\"c-link c-link--is-underlined\" rel=\"noopener\">Royaume-Uni<\/a>, en \u00e9change de l\u2019accueil par ce pays de migrants se trouvant en France, sur le principe du \u00ab\u00a0un pour un\u00a0\u00bb. Depuis cet \u00e9t\u00e9, 26 migrants ont \u00e9t\u00e9 expuls\u00e9s du Royaume-Uni vers la France et 18 ont \u00e9t\u00e9 accueillis dans le pays depuis cet \u00e9t\u00e9, selon le gouvernement britannique. Plus de 8.400 migrants sont arriv\u00e9s au Royaume-Uni sur des embarcations de fortune depuis le 12\u00a0ao\u00fbt, selon un d\u00e9compte de l\u2019AFP \u00e0 partir de donn\u00e9es officielles britanniques.<\/p>\n<p>La crainte de nouvelles voies migratoires \u00ab\u00a0plus dangereuses\u00a0\u00bb<\/p>\n<p>Pour la CNCDH, \u00ab\u00a0ce m\u00e9canisme cr\u00e9e un syst\u00e8me particuli\u00e8rement cynique et d\u00e9shumanisant\u00a0: la travers\u00e9e d\u2019une personne de mani\u00e8re l\u00e9gale vers l\u2019Angleterre d\u00e9pend de l\u2019expulsion et de la travers\u00e9e dangereuse d\u2019une autre, avec l\u2019aide de passeurs\u00a0\u00bb. La Commission d\u00e9nonce un accord \u00ab\u00a0flou et attentatoire aux droits humains\u00a0\u00bb. \u00ab\u00a0Les conditions d\u2019entr\u00e9e au Royaume-Uni manquent de transparence et sont <a href=\"https:\/\/www.20minutes.fr\/dossier\/discrimination\" target=\"_blank\" class=\"c-link c-link--is-underlined\" rel=\"noopener\">discriminantes<\/a>\u00a0\u00bb, estime-t-elle.<\/p>\n<p>Selon elle, l\u2019accord vise \u00e0 \u00ab\u00a0d\u00e9tourner le <a href=\"https:\/\/www.20minutes.fr\/dossier\/droit_d_asile\" target=\"_blank\" class=\"c-link c-link--is-underlined\" rel=\"noopener\">droit d\u2019asile<\/a>\u00a0\u00bb et \u00ab\u00a0\u00e0 conforter une logique d\u2019externalisation de la demande d\u2019asile\u00a0\u00bb. Elle craint d\u2019ailleurs que l\u2019accord ne produise pas une diminution des travers\u00e9es mais \u00ab\u00a0l\u2019effet inverse\u00a0\u00bb, risquant au contraire de faire appara\u00eetre de nouvelles voies migratoires \u00ab\u00a0plus longues et plus dangereuses\u00a0\u00bb et un \u00ab\u00a0recours accru aux <a href=\"https:\/\/www.20minutes.fr\/dossier\/passeurs\" target=\"_blank\" class=\"c-link c-link--is-underlined\" rel=\"noopener\">passeurs<\/a>\u00a0\u00bb.<\/p>\n<p><a href=\"https:\/\/www.20minutes.fr\/dossier\/migrants\" target=\"_blank\" class=\"c-link c-btn c-btn--primary\" rel=\"noopener\">Notre dossier sur la migration<\/a><\/p>\n<p>La CNCDH demande ainsi \u00e0 l\u2019unanimit\u00e9 \u00ab\u00a0la d\u00e9nonciation de l\u2019accord\u00a0\u00bb et \u00ab\u00a0\u00e0 tout le moins que cet accord ne soit pas reconduit apr\u00e8s le mois de juin\u00a02026\u00a0\u00bb. Elle r\u00e9it\u00e8re sa recommandation de \u00ab\u00a0d\u00e9velopper des voies d\u2019acc\u00e8s au territoire britannique, l\u00e9gales et s\u00fbres, qui soient respectueuses des droits fondamentaux, notamment du droit d\u2019asile\u00a0\u00bb. Le 14 octobre, une quinzaine d\u2019associations, dont Utopia 56, M\u00e9decins du monde et le Secours catholique, ont demand\u00e9 au <a href=\"https:\/\/www.20minutes.fr\/dossier\/conseil-etat\" target=\"_blank\" class=\"c-link c-link--is-underlined\" rel=\"noopener\">Conseil d\u2019Etat<\/a> de suspendre et d\u2019annuler cet accord \u00ab\u00a0entach\u00e9 d\u2019ill\u00e9galit\u00e9\u00a0\u00bb.<\/p>\n","protected":false},"excerpt":{"rendered":"Un \u00ab\u00a0un syst\u00e8me cynique et d\u00e9shumanisant\u00a0\u00bb. C\u2019est l\u2019avis qu\u2019a rendu la Commission nationale consultative des droits de l&rsquo;homme&hellip;\n","protected":false},"author":2,"featured_media":474662,"comment_status":"","ping_status":"","sticky":false,"template":"","format":"standard","meta":{"footnotes":""},"categories":[1588],"tags":[47,11,4708,10443,34267,4625,1777,674,17093,1061,24146,1251,12,473,1853,104,1851,1850,1852],"class_list":{"0":"post-474661","1":"post","2":"type-post","3":"status-publish","4":"format-standard","5":"has-post-thumbnail","7":"category-royaume-uni","8":"tag-actualite","9":"tag-actualites","10":"tag-angleterre","11":"tag-asile","12":"tag-droit-dasile","13":"tag-droits-humains","14":"tag-eu","15":"tag-europe","16":"tag-exil","17":"tag-immigration","18":"tag-journal-officiel","19":"tag-migrants","20":"tag-news","21":"tag-royaume-uni","22":"tag-royaume-uni-de-grande-bretagne-et-dirlande-du-nord","23":"tag-societe","24":"tag-uk","25":"tag-united-kingdom","26":"tag-united-kingdom-of-great-britain-and-northern-ireland"},"share_on_mastodon":{"url":"https:\/\/pubeurope.com\/@fr\/115400564082360698","error":""},"_links":{"self":[{"href":"https:\/\/www.europesays.com\/fr\/wp-json\/wp\/v2\/posts\/474661","targetHints":{"allow":["GET"]}}],"collection":[{"href":"https:\/\/www.europesays.com\/fr\/wp-json\/wp\/v2\/posts"}],"about":[{"href":"https:\/\/www.europesays.com\/fr\/wp-json\/wp\/v2\/types\/post"}],"author":[{"embeddable":true,"href":"https:\/\/www.europesays.com\/fr\/wp-json\/wp\/v2\/users\/2"}],"replies":[{"embeddable":true,"href":"https:\/\/www.europesays.com\/fr\/wp-json\/wp\/v2\/comments?post=474661"}],"version-history":[{"count":0,"href":"https:\/\/www.europesays.com\/fr\/wp-json\/wp\/v2\/posts\/474661\/revisions"}],"wp:featuredmedia":[{"embeddable":true,"href":"https:\/\/www.europesays.com\/fr\/wp-json\/wp\/v2\/media\/474662"}],"wp:attachment":[{"href":"https:\/\/www.europesays.com\/fr\/wp-json\/wp\/v2\/media?parent=474661"}],"wp:term":[{"taxonomy":"category","embeddable":true,"href":"https:\/\/www.europesays.com\/fr\/wp-json\/wp\/v2\/categories?post=474661"},{"taxonomy":"post_tag","embeddable":true,"href":"https:\/\/www.europesays.com\/fr\/wp-json\/wp\/v2\/tags?post=474661"}],"curies":[{"name":"wp","href":"https:\/\/api.w.org\/{rel}","templated":true}]}}