{"id":474667,"date":"2025-10-19T11:23:31","date_gmt":"2025-10-19T11:23:31","guid":{"rendered":"https:\/\/www.europesays.com\/fr\/474667\/"},"modified":"2025-10-19T11:23:31","modified_gmt":"2025-10-19T11:23:31","slug":"6-kings-slam-atp-fabrice-santoro-apres-la-victoire-de-sinner-contre-alcaraz-il-ny-a-pas-eu-photo-entre-ces-deux-hommes-ce-netait-pas-un-match-officiel-mais-cest-un-match-qui-pourrait-servir","status":"publish","type":"post","link":"https:\/\/www.europesays.com\/fr\/474667\/","title":{"rendered":"6 Kings Slam, ATP > Fabrice Santoro, apr\u00e8s la victoire de Sinner contre Alcaraz : \u00ab\u00a0Il n&rsquo;y a pas eu photo entre ces deux hommes. Ce n&rsquo;\u00e9tait pas un match officiel mais c&rsquo;est un match qui pourrait servir \u00e0 l&rsquo;Italien\u00a0\u00bb"},"content":{"rendered":"<p>Aux commen\u00adtaires sur Netflix du \u00ab\u202f6 King Slam\u202f\u00bb, le tournoi d\u2019ex\u00adhi\u00adbi\u00adtion en Arabie Saoudite, Fabrice Santoro a \u00e9t\u00e9 impres\u00adsionn\u00e9 par la perfor\u00admance de Jannik Sinner en finale contre Carlos Alcaraz (6\u22122, 6\u20134). <\/p>\n<p><strong>\u00ab\u202fOn parlait des sept victoires d\u2019Alcaraz lors de ses huit derniers duels face \u00e0 Jannik Sinner. Mais ce samedi, il n\u2019y a pas eu photo entre ces deux hommes. Ce n\u2019\u00e9tait pas un match offi\u00adciel mais c\u2019est un match qui pour\u00adrait servir \u00e0 l\u2019Italien dans leurs futures finales dans les mois et ann\u00e9es \u00e0 venir. Sinner a \u00e9t\u00e9 \u00e9blouis\u00adsant. Il a balay\u00e9 tous ses adver\u00adsaires\u00a0: Tsitsipas, Djokovic et le num\u00e9ro 1 mondial.\u202f\u00bb<\/strong><\/p>\n<p class=\"post-published-date\" style=\"color: silver; font-size: 75%; text-align: left;\">Publi\u00e9 le dimanche 19 octobre 2025 \u00e0 12:11<\/p>\n","protected":false},"excerpt":{"rendered":"Aux commen\u00adtaires sur Netflix du \u00ab\u202f6 King Slam\u202f\u00bb, le tournoi d\u2019ex\u00adhi\u00adbi\u00adtion en Arabie Saoudite, Fabrice Santoro a \u00e9t\u00e9&hellip;\n","protected":false},"author":2,"featured_media":141115,"comment_status":"","ping_status":"","sticky":false,"template":"","format":"standard","meta":{"footnotes":""},"categories":[1586],"tags":[11,1744,105,1777,674,1779,1011,27,12,25,2127,5443,1778,364],"class_list":{"0":"post-474667","1":"post","2":"type-post","3":"status-publish","4":"format-standard","5":"has-post-thumbnail","7":"category-europe","8":"tag-actualites","9":"tag-alcaraz","10":"tag-djokovic","11":"tag-eu","12":"tag-europe","13":"tag-european-union","14":"tag-fr","15":"tag-france","16":"tag-news","17":"tag-republique-francaise","18":"tag-sinner","19":"tag-tsitsipas","20":"tag-ue","21":"tag-union-europeenne"},"share_on_mastodon":{"url":"https:\/\/pubeurope.com\/@fr\/115400579686516931","error":""},"_links":{"self":[{"href":"https:\/\/www.europesays.com\/fr\/wp-json\/wp\/v2\/posts\/474667","targetHints":{"allow":["GET"]}}],"collection":[{"href":"https:\/\/www.europesays.com\/fr\/wp-json\/wp\/v2\/posts"}],"about":[{"href":"https:\/\/www.europesays.com\/fr\/wp-json\/wp\/v2\/types\/post"}],"author":[{"embeddable":true,"href":"https:\/\/www.europesays.com\/fr\/wp-json\/wp\/v2\/users\/2"}],"replies":[{"embeddable":true,"href":"https:\/\/www.europesays.com\/fr\/wp-json\/wp\/v2\/comments?post=474667"}],"version-history":[{"count":0,"href":"https:\/\/www.europesays.com\/fr\/wp-json\/wp\/v2\/posts\/474667\/revisions"}],"wp:featuredmedia":[{"embeddable":true,"href":"https:\/\/www.europesays.com\/fr\/wp-json\/wp\/v2\/media\/141115"}],"wp:attachment":[{"href":"https:\/\/www.europesays.com\/fr\/wp-json\/wp\/v2\/media?parent=474667"}],"wp:term":[{"taxonomy":"category","embeddable":true,"href":"https:\/\/www.europesays.com\/fr\/wp-json\/wp\/v2\/categories?post=474667"},{"taxonomy":"post_tag","embeddable":true,"href":"https:\/\/www.europesays.com\/fr\/wp-json\/wp\/v2\/tags?post=474667"}],"curies":[{"name":"wp","href":"https:\/\/api.w.org\/{rel}","templated":true}]}}