{"id":474668,"date":"2025-10-19T11:25:46","date_gmt":"2025-10-19T11:25:46","guid":{"rendered":"https:\/\/www.europesays.com\/fr\/474668\/"},"modified":"2025-10-19T11:25:46","modified_gmt":"2025-10-19T11:25:46","slug":"donald-trump-repond-aux-manifestants-avec-une-video-provocatrice","status":"publish","type":"post","link":"https:\/\/www.europesays.com\/fr\/474668\/","title":{"rendered":"Donald Trump r\u00e9pond aux manifestants avec une vid\u00e9o provocatrice"},"content":{"rendered":"<p class=\"article-p mdl\">Des foules immenses, de San Francisco \u00e0 New York en passant par Chicago. Ce samedi 18 octobre, les \u00c9tats-Unis ont connu l\u2019une des plus vastes journ\u00e9es de mobilisation de leur histoire r\u00e9cente : plus de 2.700 rassemblements ont eu lieu \u00e0 <strong>l\u2019appel de la coalition \u00ab\u00a0No Kings\u00a0\u00bb <\/strong>(Pas de rois), qui entend d\u00e9noncer la tendance autoritaire du pr\u00e9sident r\u00e9publicain.<\/p>\n<p class=\"article-p mdl\">Selon les organisateurs, <strong>pr\u00e8s de sept millions de citoyens ont manifest\u00e9<\/strong>, parfois dans une atmosph\u00e8re de f\u00eate, souvent avec gravit\u00e9. \u00ab\u00a0<a class=\"link\" href=\"https:\/\/www.rtl.fr\/actu\/international\/associations-citoyens-et-soutien-de-celebrites-qu-est-ce-que-le-mouvement-no-kings-a-l-origine-des-manifestations-massives-contre-donald-trump-7900555003\" target=\"_blank\" rel=\"noopener\">Nous ne voulons pas d\u2019un roi<\/a>, mais d\u2019un pr\u00e9sident au service du peuple\u00a0\u00bb, proclamait une banderole brandie sur Times Square. Une d\u00e9monstration de force populaire qui n\u2019a pas laiss\u00e9 Donald Trump indiff\u00e9rent\u2026<\/p>\n<p class=\"article-p mdl\">Sur <strong>Truth Social<\/strong>, son r\u00e9seau social personnel, le pr\u00e9sident am\u00e9ricain a choisi de r\u00e9pondre \u00e0 sa mani\u00e8re. Dans une vid\u00e9o de 19 secondes, manifestement g\u00e9n\u00e9r\u00e9e par l\u2019intelligence artificielle, <strong>il se met en sc\u00e8ne en pilote de chasse<\/strong>, v\u00eatu d\u2019une combinaison militaire et coiff\u00e9 d\u2019une couronne dor\u00e9e.<\/p>\n<p>    Une couronne et un avion sigl\u00e9 \u00ab\u00a0King Trump\u00a0\u00bb<\/p>\n<p class=\"article-p mdl\">L\u2019appareil, sigl\u00e9 \u00ab\u00a0King Trump\u00a0\u00bb, fend le ciel au son de Danger Zone, la bande originale culte du film \u00ab\u00a0Top Gun\u00a0\u00bb. En contrebas,\u00a0<a class=\"link\" href=\"https:\/\/www.rtl.fr\/actu\/international\/les-infos-de-6h-ils-nous-volent-notre-democratie-pourquoi-des-millions-d-americains-descendent-dans-la-rue-contre-donald-trump-7900555050\" target=\"_blank\" rel=\"noopener\">des foules compactes d\u00e9filent<\/a>\u00a0dans les rues de New York\u2026 avant que le pr\u00e9sident imaginaire ne largue sur elles un flot de liquide brun, sorte de \u00ab\u00a0caricature scatologique\u00a0\u00bb \u00e0 peine voil\u00e9e.<\/p>\n<p class=\"article-p mdl\">Cette s\u00e9quence grotesque, reprise des codes du film culte des ann\u00e9es 1980, a imm\u00e9diatement d\u00e9clench\u00e9 un torrent de r\u00e9actions, y compris dans les rangs r\u00e9publicains. D\u2019autres vid\u00e9os ont suivi dans la soir\u00e9e. L\u2019une le montre se posant une couronne sur la t\u00eate, puis brandissant une \u00e9p\u00e9e, sur fond du morceau \u00ab\u00a0Hail to the King\u00a0\u00bb du groupe de metal Avenged Sevenfold. Cette mise en sc\u00e8ne guerri\u00e8re et monarchique, partag\u00e9e plus t\u00f4t sur BlueSky <strong>par le vice-pr\u00e9sident JD Vance<\/strong>, a ensuite \u00e9t\u00e9 reprise par Trump lui-m\u00eame.<\/p>\n<p class=\"article-p mdl\">Loin d\u2019ignorer la provocation, la Maison-Blanche a choisi la riposte par l\u2019humour. Sur X, le compte officiel a publi\u00e9 un photomontage montrant Donald Trump et JD Vance coiff\u00e9s de couronnes, face aux d\u00e9mocrates Hakeem Jeffries et Chuck Schumer, affubl\u00e9s pour leur part de sombreros. Le message accompagnant l\u2019image\u00a0se veut cinglant : <strong>\u00ab\u00a0Nous sommes diff\u00e9rents. Bonne soir\u00e9e \u00e0 tous.\u00a0\u00bb<\/strong><\/p>\n<p>    La r\u00e9daction vous recommande<\/p>\n<p class=\"s-newsletter__title\">\n                L\u2019actualit\u00e9 par la r\u00e9daction de RTL dans votre bo\u00eete mail.\n            <\/p>\n<p class=\"s-newsletter__subtitle\">\n                Gr\u00e2ce \u00e0 votre compte RTL abonnez-vous \u00e0 la newsletter RTL info pour suivre toute l&rsquo;actualit\u00e9 au quotidien\n            <\/p>\n<p>\n                                    Lire la suite\n                                <\/p>\n","protected":false},"excerpt":{"rendered":"Des foules immenses, de San Francisco \u00e0 New York en passant par Chicago. Ce samedi 18 octobre, les&hellip;\n","protected":false},"author":2,"featured_media":474669,"comment_status":"","ping_status":"","sticky":false,"template":"","format":"standard","meta":{"footnotes":""},"categories":[2],"tags":[11,75,73,107,1011,27,223,14,1272,12,25,133],"class_list":{"0":"post-474668","1":"post","2":"type-post","3":"status-publish","4":"format-standard","5":"has-post-thumbnail","7":"category-actualites","8":"tag-actualites","9":"tag-donald-trump","10":"tag-etats-unis","11":"tag-fil-info","12":"tag-fr","13":"tag-france","14":"tag-intelligence-artificielle","15":"tag-international","16":"tag-manifestations","17":"tag-news","18":"tag-republique-francaise","19":"tag-video"},"share_on_mastodon":{"url":"https:\/\/pubeurope.com\/@fr\/115400591490572987","error":""},"_links":{"self":[{"href":"https:\/\/www.europesays.com\/fr\/wp-json\/wp\/v2\/posts\/474668","targetHints":{"allow":["GET"]}}],"collection":[{"href":"https:\/\/www.europesays.com\/fr\/wp-json\/wp\/v2\/posts"}],"about":[{"href":"https:\/\/www.europesays.com\/fr\/wp-json\/wp\/v2\/types\/post"}],"author":[{"embeddable":true,"href":"https:\/\/www.europesays.com\/fr\/wp-json\/wp\/v2\/users\/2"}],"replies":[{"embeddable":true,"href":"https:\/\/www.europesays.com\/fr\/wp-json\/wp\/v2\/comments?post=474668"}],"version-history":[{"count":0,"href":"https:\/\/www.europesays.com\/fr\/wp-json\/wp\/v2\/posts\/474668\/revisions"}],"wp:featuredmedia":[{"embeddable":true,"href":"https:\/\/www.europesays.com\/fr\/wp-json\/wp\/v2\/media\/474669"}],"wp:attachment":[{"href":"https:\/\/www.europesays.com\/fr\/wp-json\/wp\/v2\/media?parent=474668"}],"wp:term":[{"taxonomy":"category","embeddable":true,"href":"https:\/\/www.europesays.com\/fr\/wp-json\/wp\/v2\/categories?post=474668"},{"taxonomy":"post_tag","embeddable":true,"href":"https:\/\/www.europesays.com\/fr\/wp-json\/wp\/v2\/tags?post=474668"}],"curies":[{"name":"wp","href":"https:\/\/api.w.org\/{rel}","templated":true}]}}