{"id":474674,"date":"2025-10-19T11:32:16","date_gmt":"2025-10-19T11:32:16","guid":{"rendered":"https:\/\/www.europesays.com\/fr\/474674\/"},"modified":"2025-10-19T11:32:16","modified_gmt":"2025-10-19T11:32:16","slug":"volley-ball-ligue-a-feminine-le-volley-mulhouse-alsace-na-pas-eu-a-forcer-a-bordeaux-lalsace","status":"publish","type":"post","link":"https:\/\/www.europesays.com\/fr\/474674\/","title":{"rendered":"Volley-ball. Ligue A f\u00e9minine : le Volley Mulhouse Alsace n\u2019a pas eu \u00e0 forcer \u00e0 Bordeaux &#8211; L&#039;Alsace"},"content":{"rendered":"<ol>\n<li><a href=\"https:\/\/news.google.com\/rss\/articles\/CBMibEFVX3lxTE5oTDA5VjlNT1NnT3VNS0p3OWtsQXl3ZmtOQTQyU1BYb3JsVUlIVlVibTJyYTVWeDhyYWVrMnItZ19oS2FIZlROWWROTHpHQjJXdnREMjVLOHE2aEc1Yi1CTkRNSFdScUQ5Nm1tYg?oc=5\" target=\"_blank\" rel=\"noopener\">Volley-ball. Ligue A f\u00e9minine : le Volley Mulhouse Alsace n\u2019a pas eu \u00e0 forcer \u00e0 Bordeaux<\/a>&nbsp;&nbsp;L&rsquo;Alsace<\/li>\n<li><a href=\"https:\/\/news.google.com\/rss\/articles\/CBMi6gFBVV95cUxNY3g4WHVuelVjbVNIVjlfM2N4S1BGUFNkMy1GTTh3dS1ZMnlFRUhVMm96Vm5WSWdBQnNHRmVjN0pYY2daLUo5S1hKc1hZVlJfaVJnRUtxWjVzSWRoVXRmWEJaQzR4ZG04dFJXcWcyV1N3V2pDcmRuaDRVbndjSXIxeGVSSzQ4bzlzdzJrb0Y2WnJaZHNIYkdLclBuQmI1RVVvdzBtcURiTUhYWDZYdk5rN1NTTmQtN09NOWtZZHdsQ0dMTEs2c0xXLTUzX0JTLUtmZGdiMjJlZ0RqdzkydFQ0TENHRktrdlNKNGc?oc=5\" target=\"_blank\" rel=\"noopener\">Volleyball (Ligue A F\u00e9minines) : le c\u0153ur et la volont\u00e9 n\u2019ont pas suffi pour les Burdis contre Mulhouse<\/a>&nbsp;&nbsp;Sud Ouest<\/li>\n<li><a href=\"https:\/\/news.google.com\/rss\/articles\/CBMi5gFBVV95cUxNX1pnczVWSXhMSkFuUUlkaFFoelhQVHNIY3g2WjF5MDVFV283NS1LN2g2cnlsU0llTWtlTnVxTkJRaW14azAyQW1rVEE2X3ZOVVNsVjRZQmtMZVExOE1zalNmQ3ZrMW1zS2RfUGt4SzliLUNzWEhET1BVbWtNOXA4ZUNzZnRqN0VINE95TXIxZTRaUUtfT3dFTnZ2cHFGNkdSUXpWckdjRmJBeG1ma2xiSGt2MHFvTU9jUEdCTl9yZ2p6clRDQ0FzM191YndPWlRWdHhEcXZTNE84akVVQ0lZV1g0SVZDZw?oc=5\" target=\"_blank\" rel=\"noopener\">\u00ab Le but est de s\u2019adapter \u00e0 chaque fois \u00bb : le coach du VMA Andr\u00e9 S\u00e1 ma\u00eetrise l\u2019art du changement<\/a>&nbsp;&nbsp;L&rsquo;Alsace<\/li>\n<li><a href=\"https:\/\/news.google.com\/rss\/articles\/CBMixwFBVV95cUxQaWlqd29YZHFRQ0VoSVVYelRBTDdoalE5emY3UlViLXVyZEJweGNoMGpvRVhEalpkUWhHYUo0U3NoVGpYY0VYTUhxeEJkclNMWFdGaUs0RDc0RmVndlFVTHRUSTdHUlRpRTMwRDh0MGVXdUlpZmQtWmxxVVNnTlVpa0RsMXloZTN0SElWTTY3UU9UZ0hVNWlfMV9acDdnSUxPU0NTbVVNaFpva2hzcE5peEhGVGt1N1BJaTJMV0JiR2VFdEVJS2kw?oc=5\" target=\"_blank\" rel=\"noopener\">Volley-Ball : premier match \u00e0 domicile pour les burdis<\/a>&nbsp;&nbsp;Radio France<\/li>\n<li><a href=\"https:\/\/news.google.com\/rss\/articles\/CBMi2AFBVV95cUxOZF9NMmZLOXg4Wk9wVllJc2xBSlBmek5RcmhoT1NBQWhLMFhEY2FjVXdxMTFiLWRLRGpuVG9YdDE0azE5eEppaktjWWpkaTh0cjhCck8tSC1fdDRHXzI3Ni0waWoyd1VHRUw4Z2NOdFBKMmpWVUdjcmFHOUJWSHZPZFNIR25DLTR1WEE2VEV5akFlUlZMZzA5MzdpNEpMZGVLNXdsUkVydm5fNmtXaEtVSzRGRHluTnFMRnhyVGVZSUVNZW44MWctTzUydVdJbkRRSGpZdzk3TEg?oc=5\" target=\"_blank\" rel=\"noopener\">Volley &#8211; Ligue A f\u00e9minine : les Burdis veulent devenir \u00ab\u00a0une \u00e9quipe qui compte\u00a0\u00bb<\/a>&nbsp;&nbsp;francebleu.fr<\/li>\n<\/ol>\n","protected":false},"excerpt":{"rendered":"Volley-ball. Ligue A f\u00e9minine : le Volley Mulhouse Alsace n\u2019a pas eu \u00e0 forcer \u00e0 Bordeaux&nbsp;&nbsp;L&rsquo;Alsace Volleyball (Ligue&hellip;\n","protected":false},"author":2,"featured_media":474675,"comment_status":"","ping_status":"","sticky":false,"template":"","format":"standard","meta":{"footnotes":""},"categories":[1417],"tags":[107,1011,27,4604,517,60,1470,1633,1632,1469],"class_list":{"0":"post-474674","1":"post","2":"type-post","3":"status-publish","4":"format-standard","5":"has-post-thumbnail","7":"category-volley","8":"tag-fil-info","9":"tag-fr","10":"tag-france","11":"tag-selection-abonne","12":"tag-sport","13":"tag-sports","14":"tag-volley","15":"tag-volley-mulhouse-alsace","16":"tag-volley-ball","17":"tag-volleyball"},"share_on_mastodon":{"url":"https:\/\/pubeurope.com\/@fr\/115400615096251071","error":""},"_links":{"self":[{"href":"https:\/\/www.europesays.com\/fr\/wp-json\/wp\/v2\/posts\/474674","targetHints":{"allow":["GET"]}}],"collection":[{"href":"https:\/\/www.europesays.com\/fr\/wp-json\/wp\/v2\/posts"}],"about":[{"href":"https:\/\/www.europesays.com\/fr\/wp-json\/wp\/v2\/types\/post"}],"author":[{"embeddable":true,"href":"https:\/\/www.europesays.com\/fr\/wp-json\/wp\/v2\/users\/2"}],"replies":[{"embeddable":true,"href":"https:\/\/www.europesays.com\/fr\/wp-json\/wp\/v2\/comments?post=474674"}],"version-history":[{"count":0,"href":"https:\/\/www.europesays.com\/fr\/wp-json\/wp\/v2\/posts\/474674\/revisions"}],"wp:featuredmedia":[{"embeddable":true,"href":"https:\/\/www.europesays.com\/fr\/wp-json\/wp\/v2\/media\/474675"}],"wp:attachment":[{"href":"https:\/\/www.europesays.com\/fr\/wp-json\/wp\/v2\/media?parent=474674"}],"wp:term":[{"taxonomy":"category","embeddable":true,"href":"https:\/\/www.europesays.com\/fr\/wp-json\/wp\/v2\/categories?post=474674"},{"taxonomy":"post_tag","embeddable":true,"href":"https:\/\/www.europesays.com\/fr\/wp-json\/wp\/v2\/tags?post=474674"}],"curies":[{"name":"wp","href":"https:\/\/api.w.org\/{rel}","templated":true}]}}