{"id":474676,"date":"2025-10-19T11:33:13","date_gmt":"2025-10-19T11:33:13","guid":{"rendered":"https:\/\/www.europesays.com\/fr\/474676\/"},"modified":"2025-10-19T11:33:13","modified_gmt":"2025-10-19T11:33:13","slug":"frustre-ugo-mola-ne-cache-pas-ses-craintes-pour-la-suite","status":"publish","type":"post","link":"https:\/\/www.europesays.com\/fr\/474676\/","title":{"rendered":"\u00ab Frustr\u00e9 \u00bb, Ugo Mola ne cache pas ses craintes pour la suite"},"content":{"rendered":"<p>Le manager de Toulouse a salu\u00e9 la performance paloise tout en pointant les manques de son \u00e9quipe. \u00ab Ce qui serait bien, c\u2019est qu\u2019on parle aussi de la performance de Pau \u00bb, a-t-il gliss\u00e9, visiblement agac\u00e9 par une lecture trop centr\u00e9e sur les d\u00e9faillances toulousaines. Malgr\u00e9 la d\u00e9faite, Mola a tenu \u00e0 souligner les points positifs.<\/p>\n<p>\u00a0<\/p>\n<p>Julien Marchand et Emmanuel Meafou, en phase de reprise, ont montr\u00e9 qu\u2019ils retrouvaient du rythme. La troisi\u00e8me ligne a \u00e9galement r\u00e9pondu pr\u00e9sent sur plusieurs s\u00e9quences. Repositionn\u00e9 \u00e0 l\u2019aile, Blair Kinghorn a altern\u00e9 le bon et le moins bon. \u00ab Sa derni\u00e8re contre-attaque me pose un peu probl\u00e8me, mais \u00e7a, \u00e0 la limite, je le verrai avec lui \u00bb, indique Mola.<\/p>\n<p>\u00a0<\/p>\n<p>Un calendrier qui inqui\u00e8te<\/p>\n<p>Cependant, l\u2019amertume domine malgr\u00e9 tout. \u00catre en t\u00eate \u00e0 la derni\u00e8re minute et ne pas l\u2019emporter reste difficile \u00e0 dig\u00e9rer. \u00ab Il y a des motifs de satisfaction, mais c\u2019est vrai que c\u2019est r\u00e2lant \u00bb, a reconnu le technicien. Interrog\u00e9 sur la frustration accumul\u00e9e depuis les revers \u00e0 Montpellier et Bayonne, Mola n\u2019a pas cherch\u00e9 \u00e0 hi\u00e9rarchiser.<\/p>\n<p>\u00a0<\/p>\n<blockquote>\n<p>\u00ab Elles sont frustrantes, ne vous emb\u00eatez pas. Elles le sont toutes. On s\u2019entra\u00eene et on bosse pour ne pas avoir \u00e0 \u00eatre frustr\u00e9. Deux grosses r\u00e9ceptions arrivent avec le d\u00e9part des internationaux. Une nouvelle saison d\u00e9marre pour nous quand les doublons arrivent. Un gros match nous attend le week-end prochain contre Toulon, qui fait quand m\u00eame un gros d\u00e9but de saison aussi \u00bb, a alert\u00e9 Ugo Mola.<\/p>\n<\/blockquote>\n<p>Partagez cette info avec vos amis et vos proches en cliquant ici<br \/>Pour r\u00e9sumer<\/p>\n<p>Battu \u00e0 Pau (30-26), le Stade Toulousain encha\u00eene les frustrations. Ugo Mola salue Pau, pointe les manques, \u00e9voque les retours de Marchand et Meafou, et s\u2019inqui\u00e8te du calendrier \u00e0 venir avec les doublons et la r\u00e9ception de Toulon.<\/p>\n<p> <img decoding=\"async\" width=\"76\" height=\"76\" loading=\"lazy\" src=\"https:\/\/www.europesays.com\/fr\/wp-content\/uploads\/2025\/04\/avatar-quinze.png\" alt=\"Voldi Fr\u00e9jus\u00a0Hounvio\"\/><\/p>\n","protected":false},"excerpt":{"rendered":"Le manager de Toulouse a salu\u00e9 la performance paloise tout en pointant les manques de son \u00e9quipe. \u00ab&hellip;\n","protected":false},"author":2,"featured_media":474677,"comment_status":"","ping_status":"","sticky":false,"template":"","format":"standard","meta":{"footnotes":""},"categories":[1416],"tags":[1011,27,479,1468,60,476],"class_list":{"0":"post-474676","1":"post","2":"type-post","3":"status-publish","4":"format-standard","5":"has-post-thumbnail","7":"category-rugby","8":"tag-fr","9":"tag-france","10":"tag-rugby","11":"tag-rugby-football","12":"tag-sports","13":"tag-stade-toulousain"},"share_on_mastodon":{"url":"https:\/\/pubeurope.com\/@fr\/115400619646520219","error":""},"_links":{"self":[{"href":"https:\/\/www.europesays.com\/fr\/wp-json\/wp\/v2\/posts\/474676","targetHints":{"allow":["GET"]}}],"collection":[{"href":"https:\/\/www.europesays.com\/fr\/wp-json\/wp\/v2\/posts"}],"about":[{"href":"https:\/\/www.europesays.com\/fr\/wp-json\/wp\/v2\/types\/post"}],"author":[{"embeddable":true,"href":"https:\/\/www.europesays.com\/fr\/wp-json\/wp\/v2\/users\/2"}],"replies":[{"embeddable":true,"href":"https:\/\/www.europesays.com\/fr\/wp-json\/wp\/v2\/comments?post=474676"}],"version-history":[{"count":0,"href":"https:\/\/www.europesays.com\/fr\/wp-json\/wp\/v2\/posts\/474676\/revisions"}],"wp:featuredmedia":[{"embeddable":true,"href":"https:\/\/www.europesays.com\/fr\/wp-json\/wp\/v2\/media\/474677"}],"wp:attachment":[{"href":"https:\/\/www.europesays.com\/fr\/wp-json\/wp\/v2\/media?parent=474676"}],"wp:term":[{"taxonomy":"category","embeddable":true,"href":"https:\/\/www.europesays.com\/fr\/wp-json\/wp\/v2\/categories?post=474676"},{"taxonomy":"post_tag","embeddable":true,"href":"https:\/\/www.europesays.com\/fr\/wp-json\/wp\/v2\/tags?post=474676"}],"curies":[{"name":"wp","href":"https:\/\/api.w.org\/{rel}","templated":true}]}}