{"id":474678,"date":"2025-10-19T11:34:10","date_gmt":"2025-10-19T11:34:10","guid":{"rendered":"https:\/\/www.europesays.com\/fr\/474678\/"},"modified":"2025-10-19T11:34:10","modified_gmt":"2025-10-19T11:34:10","slug":"ugo-humbert-casper-ruud-atp-250-stockholm-finale-dimanche-19-octobre-2025-lequipe","status":"publish","type":"post","link":"https:\/\/www.europesays.com\/fr\/474678\/","title":{"rendered":"Ugo Humbert &#8211; Casper Ruud, ATP 250, Stockholm, Finale, Dimanche 19 octobre 2025 &#8211; L&#039;\u00c9quipe"},"content":{"rendered":"<ol>\n<li><a href=\"https:\/\/news.google.com\/rss\/articles\/CBMiwgFBVV95cUxPdG4zY2RmUkpFd0lVblF4bURrdDFDbnlkMjVNTTZJY2Nwb0lQbnNvN2tEMkFjdlpQTndUbGwzdHV5bzVwemtUVTNTNlhqZ1I4dGsyMW8wRGltU3d4ZkdqR0ljYnNLWEs2MHRXTnR2OU93bkY0VHE0dGhMQlB4ejZTaFZzaWZSLXdZeW1oeXNsWFJ4UHl3NUN5N0RGZ2NTdmYwWDVSZnYwclJYV3o3bGE2R0NXUHZLV0NXcEdNakV4RmtSQQ?oc=5\" target=\"_blank\" rel=\"nofollow noopener\">Ugo Humbert &#8211; Casper Ruud, ATP 250, Stockholm, Finale, Dimanche 19 octobre 2025<\/a>&nbsp;&nbsp;L&rsquo;\u00c9quipe<\/li>\n<li><a href=\"https:\/\/news.google.com\/rss\/articles\/CBMi-gFBVV95cUxPX0REXzdBdlVMUm1KaUxTWDAzWUl4TDVESEdBVHNsNG91Q1VxQ1hyMmVObkV0RkwzRFMxX0NIYnRGVXVBMkdIQ1o5MW9ndW40cTQ0N19JMWZBeFJxMW5Ddkd0dEhoYkVzSWRlT19HQnNsZ01FdXFZbkJnV0dvOEduWHlrTFJPcU9SNWdPdVFyTEJqZUFkRHNodXRsTnVncEd6WXVDRjFCU2ZpclpSVVpNQWVkdS1CQTdqX0tuZ1BrOTVzb3ZPcl9ZdFFidFFfak13ajJPRUVsdEpvcGx1SWlySm9WTjZQRGtPcGxOeFlESDNSN0xNN2RSRnRR?oc=5\" target=\"_blank\" rel=\"nofollow noopener\">Humbert, la finale sans fanfare<\/a>&nbsp;&nbsp;Eurosport<\/li>\n<li><a href=\"https:\/\/news.google.com\/rss\/articles\/CBMi6gFBVV95cUxORVY5RUhwZmRkbHFDb2dQS1gxTWZRSGxvb0NyVmI2WE5mM3p2Tm14eXNBd1VmYkN0TUIzRy0wamVPY2VKS2RxSUFITGxuZDRSZGlLZVhPUnF5YWtNMk1kcnFPWGFZcl9tNlBseGlaR2E1U0VpQUxydnktSVpIRkJIcEl5c3VuVm96M1pUcy1NS1R2V3ZqMlZTdEVEOVltUGxXS2RlWlhFMThzWEg1NGpxZm1xSXZOS3lPWUx3WDlITjRpcHB5YzhIRmtneWp2NEdnSzBhS0VkYkpIdVl6Rk9ESE5yNF9QTGE3YUE?oc=5\" target=\"_blank\" rel=\"nofollow noopener\">\u00c7a sent la grosse blessure: les larmes de Rune, qui jette l&rsquo;\u00e9ponge et envoie Humbert en finale \u00e0 Stockholm<\/a>&nbsp;&nbsp;RMC Sport<\/li>\n<li><a href=\"https:\/\/news.google.com\/rss\/articles\/CBMiogFBVV95cUxPWmNTdFE0bFpfNjNhQklwd3V5NzNQdnFfbGRoRWNybkY1TXJVeXlTZ2E4WjlhWmFrNTlqSERtWDRpc1U0QWdyMVJJLUNUWlpXQ19ST2tRTGhhdFVxbVM4TkEzSFIwUkpwelVHSUN5cWVfYm1uTWVKS0RuTWNNMW94dnN4cHVBaVk2RmJuQjFPaWNIMDNzSTJEbWsxV25UWHNpZ2c?oc=5\" target=\"_blank\" rel=\"nofollow noopener\">Tennis. En finale \u00e0 Stockholm, Ugo Humbert regarde devant<\/a>&nbsp;&nbsp;Le Republicain Lorrain<\/li>\n<li><a href=\"https:\/\/news.google.com\/rss\/articles\/CBMi9gFBVV95cUxPNk1lbFhNMmRCejNYc0VuVmt1VjBRV2hvREh6a3MtMWtMdzNTaWthR05oNU0wRkdhQTlwV1NJbWZka3I3ZEJ1OS1OMWVIVmdQTzg3UVBEWFZlVTZGYm1qeHE0enp3SDVWLUVtWFZObmUtMnFrVFVYaXVUa1dUOER1ZDhtemt6Vk0wZ0dUaExZUVp0T0pWTTNPN1NLSjZqSmY4anpQZG1yQUctX3V0OW1VZEJWblBZNU1oekg5X2xfSlBGaDFhc3JyVjliLW95T1hfSWV1Wk1pQVM5cHBHYUdiTXh6a1d6QUNtZlVFVzVhUm9NQzhMX0E?oc=5\" target=\"_blank\" rel=\"nofollow noopener\">ATP &#8211; Stockholm &gt; Ruud sur la terrible blessure de Rune : \u00ab\u00a0C&rsquo;est vraiment dur \u00e0 entendre et extr\u00eamement malheureux. \u00c7a a l&rsquo;air vraiment grave&#8230;\u00a0\u00bb<\/a>&nbsp;&nbsp;We Love Tennis<\/li>\n<\/ol>\n","protected":false},"excerpt":{"rendered":"Ugo Humbert &#8211; Casper Ruud, ATP 250, Stockholm, Finale, Dimanche 19 octobre 2025&nbsp;&nbsp;L&rsquo;\u00c9quipe Humbert, la finale sans fanfare&nbsp;&nbsp;Eurosport&hellip;\n","protected":false},"author":2,"featured_media":1983,"comment_status":"","ping_status":"","sticky":false,"template":"","format":"standard","meta":{"footnotes":""},"categories":[1415],"tags":[1011,27,60,1467],"class_list":{"0":"post-474678","1":"post","2":"type-post","3":"status-publish","4":"format-standard","5":"has-post-thumbnail","7":"category-tennis","8":"tag-fr","9":"tag-france","10":"tag-sports","11":"tag-tennis"},"share_on_mastodon":{"url":"https:\/\/pubeurope.com\/@fr\/115400622940873337","error":""},"_links":{"self":[{"href":"https:\/\/www.europesays.com\/fr\/wp-json\/wp\/v2\/posts\/474678","targetHints":{"allow":["GET"]}}],"collection":[{"href":"https:\/\/www.europesays.com\/fr\/wp-json\/wp\/v2\/posts"}],"about":[{"href":"https:\/\/www.europesays.com\/fr\/wp-json\/wp\/v2\/types\/post"}],"author":[{"embeddable":true,"href":"https:\/\/www.europesays.com\/fr\/wp-json\/wp\/v2\/users\/2"}],"replies":[{"embeddable":true,"href":"https:\/\/www.europesays.com\/fr\/wp-json\/wp\/v2\/comments?post=474678"}],"version-history":[{"count":0,"href":"https:\/\/www.europesays.com\/fr\/wp-json\/wp\/v2\/posts\/474678\/revisions"}],"wp:featuredmedia":[{"embeddable":true,"href":"https:\/\/www.europesays.com\/fr\/wp-json\/wp\/v2\/media\/1983"}],"wp:attachment":[{"href":"https:\/\/www.europesays.com\/fr\/wp-json\/wp\/v2\/media?parent=474678"}],"wp:term":[{"taxonomy":"category","embeddable":true,"href":"https:\/\/www.europesays.com\/fr\/wp-json\/wp\/v2\/categories?post=474678"},{"taxonomy":"post_tag","embeddable":true,"href":"https:\/\/www.europesays.com\/fr\/wp-json\/wp\/v2\/tags?post=474678"}],"curies":[{"name":"wp","href":"https:\/\/api.w.org\/{rel}","templated":true}]}}