{"id":474679,"date":"2025-10-19T11:36:21","date_gmt":"2025-10-19T11:36:21","guid":{"rendered":"https:\/\/www.europesays.com\/fr\/474679\/"},"modified":"2025-10-19T11:36:21","modified_gmt":"2025-10-19T11:36:21","slug":"motogp-australie-j3-luca-marini-honda-6-mon-objectif-est-de-terminer-devant-zarco-au-championnat","status":"publish","type":"post","link":"https:\/\/www.europesays.com\/fr\/474679\/","title":{"rendered":"MotoGP, Australie J3, Luca Marini (Honda\/6) : \u00ab\u00a0Mon objectif est de terminer devant Zarco au championnat\u00a0\u00bb"},"content":{"rendered":"<p><strong>Luca Marini s\u2019est encore rapproch\u00e9 un peu plus de Johann<br \/>\nZarco au championnat apr\u00e8s le GP d\u2019Australie et esp\u00e8re le battre<br \/>\nd\u2019ici la fin de la saison.<\/strong><\/p>\n<p>S\u2019il est rest\u00e9 discret tout au long du week-end, <strong>Luca<br \/>\nMarini<\/strong> a de nouveau r\u00e9alis\u00e9 un solide Grand Prix en<br \/>\nAustralie et marqu\u00e9 d\u2019importants points pour le championnat. En Q2<br \/>\npour la sixi\u00e8me fois cons\u00e9cutive, il s\u2019est qualifi\u00e9 au neuvi\u00e8me<br \/>\nrang et a tout d\u2019abord termin\u00e9 huiti\u00e8me de la course sprint<br \/>\nhier.<\/p>\n<p>Ce dimanche, il a pris un bon d\u00e9part et a gagn\u00e9 deux places,<br \/>\navant d\u2019en reperdre une au tour suivant. Parvenu \u00e0 r\u00e9cup\u00e9rer la<br \/>\nsepti\u00e8me position dans le neuvi\u00e8me tour, il a \u00e9galement doubl\u00e9<br \/>\nFabio Quartararo trois tours plus tard et n\u2019a ensuite plus boug\u00e9 de<br \/>\nla sixi\u00e8me place jusqu\u2019\u00e0 la ligne d\u2019arriv\u00e9e.<\/p>\n<p>Il est cependant pass\u00e9 tout pr\u00e8s d\u2019entrer dans le top 5 en \u00e9tant<br \/>\nrevenu \u00e0 toute vitesse sur Pedro Acosta dans le dernier tour mais<br \/>\ncela n\u2019a pas suffi. Malgr\u00e9 la bonne performance de sa Honda, il<br \/>\nestime qu\u2019il y a encore du chemin avant qu\u2019elle puisse se battre<br \/>\nr\u00e9guli\u00e8rement pour le podium.<\/p>\n<p>\u00ab\u00a0La course a \u00e9t\u00e9 dure parce que la moto ne tournait<br \/>\npas suffisamment dans les virages. On peut encore passer un cap en<br \/>\ntermes d\u2019a\u00e9rodynamique, \u00e7a nous aiderait beaucoup \u00e0 am\u00e9liorer nos<br \/>\nperformances, pas seulement sur cette piste mais en g\u00e9n\u00e9ral sur<br \/>\ntous les trac\u00e9s qui pr\u00e9sentent des courbes rapides\u00a0\u00bb,<br \/>\na-t-il d\u00e9clar\u00e9.<\/p>\n<p><img loading=\"lazy\" decoding=\"async\" class=\"aligncenter size-full wp-image-1340447\" src=\"https:\/\/www.europesays.com\/fr\/wp-content\/uploads\/2025\/10\/68f480df96bcf3.54637804.jpg\" alt=\"Luca Marini Australie\" width=\"800\" height=\"533\"  \/><\/p>\n<p>\u00ab\u00a0On doit surtout chercher \u00e0 travailler sur la partie<br \/>\nbasse du car\u00e9nage, l\u00e0 il y a encore de la marge. On a d\u00e9j\u00e0 fait un<br \/>\ngrand pas en avant compar\u00e9 \u00e0 la moto de l\u2019an dernier et on doit<br \/>\ncontinuer \u00e0 progresser dans ce domaine. Pour le reste, on peut<br \/>\nd\u00e9sormais jouer un peu plus avec les deux options a\u00e9rodynamiques<br \/>\nqu\u2019on a \u00e0 disposition. Ici la version moins encombrante nous a<br \/>\naid\u00e9s mais on reviendra \u00e0 la version standard en Malaisie, parce<br \/>\nqu\u2019il faut choisir celle qui est la meilleure \u00e0 utiliser selon le<br \/>\ncircuit.\u00a0\u00bb<\/p>\n<p>Tandis que son co\u00e9quipier Joan Mir et <a href=\"https:\/\/www.paddock-gp.com\/motogp-australie-j3-johann-zarco-honda-ab-je-suis-decu-mais-jai-regagne-un-petit-cran-de-confiance\/\" target=\"_blank\" rel=\"noopener\">Johann Zarco dans l\u2019\u00e9quipe LCR ont<br \/>\nchut\u00e9<\/a>, et que Somkiat Chantra a fini 17e, il s\u2019est impos\u00e9 comme<br \/>\nle pilote Honda du jour. Avec 120 points au championnat, il n\u2019est<br \/>\nd\u00e9sormais plus qu\u2019\u00e0 huit points du Fran\u00e7ais, et en fait d\u00e9sormais<br \/>\nson objectif pour les trois derniers Grands Prix. Au vu de leurs<br \/>\ndynamiques respectives, il pourrait parvenir \u00e0 le doubler.<\/p>\n<p>\u00ab\u00a0Le positif de ce week-end, c\u2019est certainement les<br \/>\npoints qu\u2019on a marqu\u00e9s. On a conclu de la bonne fa\u00e7on un week-end<br \/>\nqui n\u2019avait pas bien d\u00e9marr\u00e9. On doit continuer comme \u00e7a parce que<br \/>\nmon objectif cette saison est de terminer devant Zarco au<br \/>\nchampionnat. Il y a encore trois courses pour y parvenir.<br \/>\nMaintenant on se rend en Malaisie avec beaucoup de motivation au vu<br \/>\nde la dynamique positive\u00a0\u00bb, a-t-il ajout\u00e9.<\/p>\n<p><strong>R\u00e9sultats du Grand Prix d\u2019Australie MotoGP 2025<br \/>\n:<\/strong><\/p>\n<p><img loading=\"lazy\" decoding=\"async\" class=\"aligncenter size-full wp-image-1340383\" src=\"https:\/\/www.europesays.com\/fr\/wp-content\/uploads\/2025\/10\/Capture-decran-2025-10-19-070405.png\" alt=\"Grand Prix Australie\" width=\"801\" height=\"537\"  \/><\/p>\n<p>Cr\u00e9dit classement :\u00a0<a href=\"https:\/\/www.motogp.com\/fr\/live+timing\/data-timing\/standing\" target=\"_blank\" rel=\"noopener\">MotoGP.com<\/a><\/p>\n","protected":false},"excerpt":{"rendered":"Luca Marini s\u2019est encore rapproch\u00e9 un peu plus de Johann Zarco au championnat apr\u00e8s le GP d\u2019Australie et&hellip;\n","protected":false},"author":2,"featured_media":474680,"comment_status":"","ping_status":"","sticky":false,"template":"","format":"standard","meta":{"footnotes":""},"categories":[1413],"tags":[1011,27,1457,1456,60],"class_list":{"0":"post-474679","1":"post","2":"type-post","3":"status-publish","4":"format-standard","5":"has-post-thumbnail","7":"category-moto","8":"tag-fr","9":"tag-france","10":"tag-moto","11":"tag-motocycle","12":"tag-sports"},"share_on_mastodon":{"url":"https:\/\/pubeurope.com\/@fr\/115400631360727198","error":""},"_links":{"self":[{"href":"https:\/\/www.europesays.com\/fr\/wp-json\/wp\/v2\/posts\/474679","targetHints":{"allow":["GET"]}}],"collection":[{"href":"https:\/\/www.europesays.com\/fr\/wp-json\/wp\/v2\/posts"}],"about":[{"href":"https:\/\/www.europesays.com\/fr\/wp-json\/wp\/v2\/types\/post"}],"author":[{"embeddable":true,"href":"https:\/\/www.europesays.com\/fr\/wp-json\/wp\/v2\/users\/2"}],"replies":[{"embeddable":true,"href":"https:\/\/www.europesays.com\/fr\/wp-json\/wp\/v2\/comments?post=474679"}],"version-history":[{"count":0,"href":"https:\/\/www.europesays.com\/fr\/wp-json\/wp\/v2\/posts\/474679\/revisions"}],"wp:featuredmedia":[{"embeddable":true,"href":"https:\/\/www.europesays.com\/fr\/wp-json\/wp\/v2\/media\/474680"}],"wp:attachment":[{"href":"https:\/\/www.europesays.com\/fr\/wp-json\/wp\/v2\/media?parent=474679"}],"wp:term":[{"taxonomy":"category","embeddable":true,"href":"https:\/\/www.europesays.com\/fr\/wp-json\/wp\/v2\/categories?post=474679"},{"taxonomy":"post_tag","embeddable":true,"href":"https:\/\/www.europesays.com\/fr\/wp-json\/wp\/v2\/tags?post=474679"}],"curies":[{"name":"wp","href":"https:\/\/api.w.org\/{rel}","templated":true}]}}