{"id":474681,"date":"2025-10-19T11:37:10","date_gmt":"2025-10-19T11:37:10","guid":{"rendered":"https:\/\/www.europesays.com\/fr\/474681\/"},"modified":"2025-10-19T11:37:10","modified_gmt":"2025-10-19T11:37:10","slug":"cette-fois-cest-possible","status":"publish","type":"post","link":"https:\/\/www.europesays.com\/fr\/474681\/","title":{"rendered":"Cette fois, c\u2019est possible !"},"content":{"rendered":"<p itemprop=\"description\">Apr\u00e8s une saison frustrante sans podium,<br \/>\nLewis Hamilton croit plus que jamais en ses chances avec Ferrari au<br \/>\nGrand Prix des \u00c9tats-Unis.<\/p>\n<p data-start=\"421\" data-end=\"709\">Depuis son arriv\u00e9e chez Ferrari,<br \/>\nLewis Hamilton vit une premi\u00e8re saison loin des esp\u00e9rances.<br \/>\nDix-huit Grands Prix disput\u00e9s, aucun podium \u00e0 la cl\u00e9 \u2014 une<br \/>\nstatistique inhabituelle pour le septuple champion du monde. Mais \u00e0<br \/>\nAustin, le pilote britannique semble pr\u00eat \u00e0 briser la<br \/>\nmal\u00e9diction.<\/p>\n<p data-start=\"711\" data-end=\"1062\">Class\u00e9 cinqui\u00e8me sur la grille,<br \/>\nHamilton s\u2019\u00e9lancera juste derri\u00e8re son co\u00e9quipier Charles Leclerc.<br \/>\nSi la Scuderia a souvent montr\u00e9 des signes de progr\u00e8s cette saison,<br \/>\nles r\u00e9sultats ne se sont pas encore traduits par un retour sur le<br \/>\npodium pour son nouveau fer de lance. Pourtant, ce week-end au<br \/>\nTexas, Hamilton semble retrouver confiance et rythme.<\/p>\n<p data-start=\"711\" data-end=\"1062\">\u00ab\u00a0Oui, c\u2019est possible,<br \/>\na-t-il assur\u00e9. Il faut que je passe George [Russell],<br \/>\nc\u2019est la cl\u00e9. Mercedes est rapide, comme toujours, et ils ont<br \/>\napport\u00e9 des am\u00e9liorations, tout comme Red Bull. Mais \u00eatre aussi<br \/>\ncomp\u00e9titifs sans ces nouveaut\u00e9s, c\u2019est tr\u00e8s encourageant.\u00a0\u00bb<\/p>\n<p>Des progr\u00e8s visibles \u00e0<br \/>\nAustin<\/p>\n<p data-start=\"1396\" data-end=\"1634\">La journ\u00e9e de samedi a marqu\u00e9<br \/>\nun net regain de forme pour Hamilton. Huiti\u00e8me lors des<br \/>\nqualifications Sprint, il a trouv\u00e9 davantage de rythme en<br \/>\nconfiguration course et estime que Ferrari dispose d\u00e9sormais d\u2019un<br \/>\nmeilleur \u00e9quilibre global.<\/p>\n<p data-start=\"1396\" data-end=\"1634\">\u00ab\u00a0La voiture devrait \u00eatre<br \/>\nmieux \u00e9quilibr\u00e9e pour la course, a-t-il confi\u00e9. J\u2019ai<br \/>\nappris pas mal de choses sur les lignes et les points de freinage<br \/>\npendant le Sprint, m\u00eame avec les deux safety cars. \u00c7a m\u2019a permis de<br \/>\ncomprendre o\u00f9 placer la voiture.\u00a0\u00bb<\/p>\n<p data-start=\"1893\" data-end=\"2186\">Le Britannique reste n\u00e9anmoins<br \/>\nlucide : malgr\u00e9 les progr\u00e8s, Ferrari n\u2019a plus introduit<br \/>\nd\u2019\u00e9volutions majeures, contrairement \u00e0 Mercedes et Red Bull.<br \/>\nPourtant, Hamilton se dit satisfait du niveau actuel de<br \/>\nperformance, signe que la monoplace italienne retrouve peu \u00e0 peu de<br \/>\nla constance.<\/p>\n<p>Le d\u00e9fi : battre Russell et<br \/>\nviser le top 3<\/p>\n<p data-start=\"2243\" data-end=\"2543\">Pour esp\u00e9rer d\u00e9crocher son<br \/>\npremier troph\u00e9e sous les couleurs de Maranello, Hamilton devra<br \/>\nd\u2019abord battre George Russell, plac\u00e9 juste devant lui sur la<br \/>\ngrille. L\u2019objectif est clair : passer rapidement la Mercedes pour<br \/>\nse mettre dans le bon wagon et suivre le rythme de Verstappen,<br \/>\nNorris et Leclerc.<\/p>\n<p data-start=\"2243\" data-end=\"2543\">\u00ab\u00a0Globalement, je suis<br \/>\ncontent du week-end, a ajout\u00e9 Hamilton. Les qualifications<br \/>\nn\u2019ont pas \u00e9t\u00e9 aussi bonnes que je l\u2019esp\u00e9rais \u00e0 cause d\u2019un gros<br \/>\nsous-virage qui a d\u00e9truit mes pneus, mais je sens que nous sommes<br \/>\ndans le bon rythme pour dimanche.\u00a0\u00bb<\/p>\n<p data-start=\"2846\" data-end=\"3061\">Malgr\u00e9 une saison en dents de<br \/>\nscie, l\u2019ambiance semble plus sereine chez Ferrari. Le duo<br \/>\nLeclerc-Hamilton commence \u00e0 trouver ses rep\u00e8res, et la SF1-25<br \/>\nmontre enfin un comportement plus pr\u00e9visible.<\/p>\n<p data-start=\"3063\" data-end=\"3245\">Si le Britannique parvient \u00e0<br \/>\nmonter sur le podium \u00e0 Austin, ce serait bien plus qu\u2019un simple<br \/>\nr\u00e9sultat : un signe fort que l\u2019\u00e8re Hamilton-Ferrari commence enfin<br \/>\n\u00e0 porter ses fruits.<\/p>\n","protected":false},"excerpt":{"rendered":"Apr\u00e8s une saison frustrante sans podium, Lewis Hamilton croit plus que jamais en ses chances avec Ferrari au&hellip;\n","protected":false},"author":2,"featured_media":474682,"comment_status":"","ping_status":"","sticky":false,"template":"","format":"standard","meta":{"footnotes":""},"categories":[1412],"tags":[48019,1451,2251,1452,1453,1454,1455,1011,27,32650,1975,60],"class_list":{"0":"post-474681","1":"post","2":"type-post","3":"status-publish","4":"format-standard","5":"has-post-thumbnail","7":"category-f1","8":"tag-austin","9":"tag-f1","10":"tag-ferrari","11":"tag-formula-1","12":"tag-formula1","13":"tag-formule-1","14":"tag-formule1","15":"tag-fr","16":"tag-france","17":"tag-grand-prix-des-etats-unis","18":"tag-lewis-hamilton","19":"tag-sports"},"share_on_mastodon":{"url":"https:\/\/pubeurope.com\/@fr\/115400634841068399","error":""},"_links":{"self":[{"href":"https:\/\/www.europesays.com\/fr\/wp-json\/wp\/v2\/posts\/474681","targetHints":{"allow":["GET"]}}],"collection":[{"href":"https:\/\/www.europesays.com\/fr\/wp-json\/wp\/v2\/posts"}],"about":[{"href":"https:\/\/www.europesays.com\/fr\/wp-json\/wp\/v2\/types\/post"}],"author":[{"embeddable":true,"href":"https:\/\/www.europesays.com\/fr\/wp-json\/wp\/v2\/users\/2"}],"replies":[{"embeddable":true,"href":"https:\/\/www.europesays.com\/fr\/wp-json\/wp\/v2\/comments?post=474681"}],"version-history":[{"count":0,"href":"https:\/\/www.europesays.com\/fr\/wp-json\/wp\/v2\/posts\/474681\/revisions"}],"wp:featuredmedia":[{"embeddable":true,"href":"https:\/\/www.europesays.com\/fr\/wp-json\/wp\/v2\/media\/474682"}],"wp:attachment":[{"href":"https:\/\/www.europesays.com\/fr\/wp-json\/wp\/v2\/media?parent=474681"}],"wp:term":[{"taxonomy":"category","embeddable":true,"href":"https:\/\/www.europesays.com\/fr\/wp-json\/wp\/v2\/categories?post=474681"},{"taxonomy":"post_tag","embeddable":true,"href":"https:\/\/www.europesays.com\/fr\/wp-json\/wp\/v2\/tags?post=474681"}],"curies":[{"name":"wp","href":"https:\/\/api.w.org\/{rel}","templated":true}]}}