{"id":474683,"date":"2025-10-19T11:38:14","date_gmt":"2025-10-19T11:38:14","guid":{"rendered":"https:\/\/www.europesays.com\/fr\/474683\/"},"modified":"2025-10-19T11:38:14","modified_gmt":"2025-10-19T11:38:14","slug":"chrono-des-nations-u19-femmes-classement-actualite","status":"publish","type":"post","link":"https:\/\/www.europesays.com\/fr\/474683\/","title":{"rendered":"Chrono des Nations &#8211; U19 Femmes : Classement &#8211; Actualit\u00e9"},"content":{"rendered":"<p>                                                                    <img decoding=\"async\" src=\"https:\/\/www.europesays.com\/fr\/wp-content\/uploads\/2025\/10\/68f4c2ffdb12f.jpeg\" height=\"auto\" loading=\"lazy\"\/><br \/>\n                                                                    Cr\u00e9dit photo Freddy Gu\u00e9rin \/ DirectVelo<\/p>\n<p class=\"images-caption\">Cr\u00e9dit photo Freddy Gu\u00e9rin \/ DirectVelo<\/p>\n<p class=\"metadata\">\n            Par<br \/>\n        <strong class=\"text-black\">FREDDY GU\u00c9RIN<\/strong><br \/>\n                    <br \/>Le<br \/>\n    19 octobre 2025, 12:54<\/p>\n<p style=\"text-align: justify;\">Megan Arens (Grouwels-Watersley R+D Road Team) a remport\u00e9, ce dimanche, le Chrono des Nations aux Herbiers (WJ 1.1), dans la cat\u00e9gorie U19 Femmes. La Championne du Monde du chrono a devanc\u00e9 Zo\u00e9 Bihan (Team Pays de Dinan) et Tha\u00efs Poirier (Marmande Women D\u00e9veloppement).<br \/>Megan Arens succ\u00e8de \u00e0 Luca Vierstraete au palmar\u00e8s de l&rsquo;\u00e9preuve chronom\u00e9tr\u00e9e.<\/p>\n<p style=\"text-align: justify;\"><strong>Classement :<\/strong><br \/>1. Megan ARENS Grouwels-Watersley R&amp;D Road Team en 24&rsquo;09\u00a0\u00bb<br \/>2. Zo\u00e9 BIHAN Team Pays de Dinan +23<br \/>3. Tha\u00efs POIRIER Club Cycliste Marmande 47 +25<br \/>4. Yana DECRUYENAERE The Lead Out Cycling Academy +47<br \/>5. Laura FIV\u00c9 Team Rytger-Carl Ras +52<br \/>6. Lova DIERICK Multum Accountants-Foca Keukens +1:06<br \/>7. Ninon HUMBERT VS Romanais P\u00e9agois +1:10<br \/>8. Charlotte BOUHIER VC Morteau-Montbeno\u00eet +1:18<br \/>9. Elo\u00efse RICHET Team Avesnois +1:57<br \/>10. Lotte OLBRECHTS AVIA-Rudyco Cycling Team +2:28<br \/>11. Eline DE WINTER AVIA-Rudyco Cycling Team +2:56<br \/>12. Chlo\u00e9 FAYARD Team Grand Sud F\u00e9minin +3:33<br \/>13. Loriane JABLONSKI Team U Nouv&rsquo;elle Aquitaine +3:39<br \/>14. Aliz\u00e9a LECOQ Le Mans Sarthe V\u00e9lo +4:09<br \/>15. Camille HALGAND AC Bas Berry Issoudun +4:18<br \/>Source :\u00a0<a href=\"https:\/\/www.matsport.com\" target=\"_blank\" rel=\"noopener\">www.matsport.com<\/a><\/p>\n<p>            En savoir plus : coureurs et \u00e9quipes associ\u00e9s<\/p>\n<p>                Coureurs<\/p>\n<p>                    <img decoding=\"async\" src=\"https:\/\/www.europesays.com\/fr\/wp-content\/uploads\/2025\/04\/default.png\" height=\"auto\" loading=\"lazy\"\/><\/p>\n<p>                            Portrait de Megan ARENS<\/p>\n<p>                \u00c9quipes<\/p>\n","protected":false},"excerpt":{"rendered":"Cr\u00e9dit photo Freddy Gu\u00e9rin \/ DirectVelo Cr\u00e9dit photo Freddy Gu\u00e9rin \/ DirectVelo Par FREDDY GU\u00c9RIN Le 19 octobre&hellip;\n","protected":false},"author":2,"featured_media":474684,"comment_status":"","ping_status":"","sticky":false,"template":"","format":"standard","meta":{"footnotes":""},"categories":[1411],"tags":[834,828,836,829,837,827,83,826,824,823,1154,207,814,817,815,816,822,821,832,211,839,1011,27,820,818,819,835,831,830,833,838,60,212,208,825],"class_list":{"0":"post-474683","1":"post","2":"type-post","3":"status-publish","4":"format-standard","5":"has-post-thumbnail","7":"category-cyclisme","8":"tag-attaque","9":"tag-belgique","10":"tag-braquet","11":"tag-bretagne","12":"tag-chute","13":"tag-competition","14":"tag-coupe-de-france","15":"tag-coureur","16":"tag-course-cyclisme","17":"tag-course-cycliste","18":"tag-cycling","19":"tag-cyclisme","20":"tag-direct","21":"tag-direct-velo","22":"tag-directvelo","23":"tag-directvelo-com","24":"tag-epreuve","25":"tag-epreuve-cycliste","26":"tag-federation-francaise-de-cyclisme","27":"tag-ffc","28":"tag-flandres","29":"tag-fr","30":"tag-france","31":"tag-live","32":"tag-live-course","33":"tag-live-epreuve","34":"tag-peloton","35":"tag-radio-peloton","36":"tag-radio-tour","37":"tag-ravitaillement","38":"tag-relance","39":"tag-sports","40":"tag-uci","41":"tag-velo","42":"tag-velos"},"share_on_mastodon":{"url":"https:\/\/pubeurope.com\/@fr\/115400638898134705","error":""},"_links":{"self":[{"href":"https:\/\/www.europesays.com\/fr\/wp-json\/wp\/v2\/posts\/474683","targetHints":{"allow":["GET"]}}],"collection":[{"href":"https:\/\/www.europesays.com\/fr\/wp-json\/wp\/v2\/posts"}],"about":[{"href":"https:\/\/www.europesays.com\/fr\/wp-json\/wp\/v2\/types\/post"}],"author":[{"embeddable":true,"href":"https:\/\/www.europesays.com\/fr\/wp-json\/wp\/v2\/users\/2"}],"replies":[{"embeddable":true,"href":"https:\/\/www.europesays.com\/fr\/wp-json\/wp\/v2\/comments?post=474683"}],"version-history":[{"count":0,"href":"https:\/\/www.europesays.com\/fr\/wp-json\/wp\/v2\/posts\/474683\/revisions"}],"wp:featuredmedia":[{"embeddable":true,"href":"https:\/\/www.europesays.com\/fr\/wp-json\/wp\/v2\/media\/474684"}],"wp:attachment":[{"href":"https:\/\/www.europesays.com\/fr\/wp-json\/wp\/v2\/media?parent=474683"}],"wp:term":[{"taxonomy":"category","embeddable":true,"href":"https:\/\/www.europesays.com\/fr\/wp-json\/wp\/v2\/categories?post=474683"},{"taxonomy":"post_tag","embeddable":true,"href":"https:\/\/www.europesays.com\/fr\/wp-json\/wp\/v2\/tags?post=474683"}],"curies":[{"name":"wp","href":"https:\/\/api.w.org\/{rel}","templated":true}]}}