{"id":47471,"date":"2025-04-23T20:38:13","date_gmt":"2025-04-23T20:38:13","guid":{"rendered":"https:\/\/www.europesays.com\/fr\/47471\/"},"modified":"2025-04-23T20:38:13","modified_gmt":"2025-04-23T20:38:13","slug":"un-titre-qui-me-rappelle-ma-grand-mere-le-varois-cesar-se-mettra-a-nu-pour-la-demi-finale-de-the-voice-ce-samedi-soir-sur-tf1","status":"publish","type":"post","link":"https:\/\/www.europesays.com\/fr\/47471\/","title":{"rendered":"\u00ab\u00a0Un titre qui me rappelle ma grand-m\u00e8re\u00a0\u00bb: le Varois C\u00e9sar se mettra \u00e0 nu pour la demi-finale de The Voice, ce samedi soir sur TF1"},"content":{"rendered":"<p>Il va jouer cartes sur table. Samedi soir, lors de la demi-finale, dans l\u2019\u00e9mission The Voice sur TF1, le Fr\u00e9juso-Rapha\u00eblois C\u00e9sar Varadero va se mettre \u00e0 nu et r\u00e9v\u00e9ler le plus profond de son \u00eatre. C\u2019est son pari, et tous ses proches, famille et amis, esp\u00e8rent bien qu\u2019il le remportera.<\/p>\n<p>Apr\u00e8s avoir brillamment pass\u00e9 l\u2019\u00e9tape des castings \u00e0 l\u2019aveugle, faisant se retourner Florent Pagny et Vianney, et avoir remport\u00e9 les battles lors de la derni\u00e8re \u00e9mission il y a environ un mois, r\u00e9coltant toujours plus de compliments, le voil\u00e0 donc qualifi\u00e9 pour les demi-finales. Et le jeune homme tente un beau coup: \u00ab\u00a0J\u2019ai choisi, pour samedi soir, de chanter un titre qui me rappelle ma grand-m\u00e8re, d\u00e9voile d\u00e9j\u00e0 C\u00e9sar, sans ambages, et avec \u00e9motion. C\u2019est une chanson que je vais donc lui d\u00e9dier, elle qui est d\u00e9c\u00e9d\u00e9e r\u00e9cemment. J\u2019ai toujours eu une relation tr\u00e8s sp\u00e9ciale avec elle, alors \u00e7a me tenait \u00e0 c\u0153ur. Florent Pagny m\u2019a souvent conseill\u00e9 de mettre de l\u2019\u00e9motion dans mes interpr\u00e9tations, ce sera donc bien le cas. Je me mets \u00e0 nu, je vais r\u00e9v\u00e9ler tout ce que j\u2019ai en moi.\u00a0\u00bb<\/p>\n<p>Un joli risque \u00e0 prendre et probablement un choix payant pour le jeune homme, sachant que le jury n\u2019aura pas son mot \u00e0 dire: les candidats (douze demi-finalistes pour quatre places en finale) d\u00e9pendront, samedi, uniquement du vote des t\u00e9l\u00e9spectateurs.<\/p>\n","protected":false},"excerpt":{"rendered":"Il va jouer cartes sur table. Samedi soir, lors de la demi-finale, dans l\u2019\u00e9mission The Voice sur TF1,&hellip;\n","protected":false},"author":2,"featured_media":47472,"comment_status":"","ping_status":"","sticky":false,"template":"","format":"standard","meta":{"footnotes":""},"categories":[1356],"tags":[251,58,59,1011,27,500,873,252,1364,3366],"class_list":{"0":"post-47471","1":"post","2":"type-post","3":"status-publish","4":"format-standard","5":"has-post-thumbnail","7":"category-television","8":"tag-culture","9":"tag-divertissement","10":"tag-entertainment","11":"tag-fr","12":"tag-france","13":"tag-medias","14":"tag-musique","15":"tag-television","16":"tag-tv","17":"tag-vie-locale"},"share_on_mastodon":{"url":"https:\/\/pubeurope.com\/@fr\/114389208578860770","error":""},"_links":{"self":[{"href":"https:\/\/www.europesays.com\/fr\/wp-json\/wp\/v2\/posts\/47471","targetHints":{"allow":["GET"]}}],"collection":[{"href":"https:\/\/www.europesays.com\/fr\/wp-json\/wp\/v2\/posts"}],"about":[{"href":"https:\/\/www.europesays.com\/fr\/wp-json\/wp\/v2\/types\/post"}],"author":[{"embeddable":true,"href":"https:\/\/www.europesays.com\/fr\/wp-json\/wp\/v2\/users\/2"}],"replies":[{"embeddable":true,"href":"https:\/\/www.europesays.com\/fr\/wp-json\/wp\/v2\/comments?post=47471"}],"version-history":[{"count":0,"href":"https:\/\/www.europesays.com\/fr\/wp-json\/wp\/v2\/posts\/47471\/revisions"}],"wp:featuredmedia":[{"embeddable":true,"href":"https:\/\/www.europesays.com\/fr\/wp-json\/wp\/v2\/media\/47472"}],"wp:attachment":[{"href":"https:\/\/www.europesays.com\/fr\/wp-json\/wp\/v2\/media?parent=47471"}],"wp:term":[{"taxonomy":"category","embeddable":true,"href":"https:\/\/www.europesays.com\/fr\/wp-json\/wp\/v2\/categories?post=47471"},{"taxonomy":"post_tag","embeddable":true,"href":"https:\/\/www.europesays.com\/fr\/wp-json\/wp\/v2\/tags?post=47471"}],"curies":[{"name":"wp","href":"https:\/\/api.w.org\/{rel}","templated":true}]}}