{"id":474712,"date":"2025-10-19T11:53:15","date_gmt":"2025-10-19T11:53:15","guid":{"rendered":"https:\/\/www.europesays.com\/fr\/474712\/"},"modified":"2025-10-19T11:53:15","modified_gmt":"2025-10-19T11:53:15","slug":"le-barca-a-deja-pris-sa-decision-grande-nouvelle-pour-flick-apres-son-expulsion","status":"publish","type":"post","link":"https:\/\/www.europesays.com\/fr\/474712\/","title":{"rendered":"Le Bar\u00e7a a d\u00e9j\u00e0 pris sa d\u00e9cision, grande nouvelle pour Flick apr\u00e8s son expulsion"},"content":{"rendered":"<p>Le <a href=\"https:\/\/www.onzemondial.com\/etranger\/fc-barcelone.html\" rel=\"nofollow noopener\" target=\"_blank\">FC Barcelone<\/a> s\u2019est impos\u00e9 dans la douleur face \u00e0 G\u00e9rone samedi (2\u20111), gr\u00e2ce \u00e0 un but d\u00e9cisif de Ronald Araujo dans le temps additionnel. Une victoire capitale pour les Blaugrana, mais \u00e9clips\u00e9e en partie par l\u2019expulsion de leur entra\u00eeneur Hansi Flick, qui manquera le Cl\u00e1sico face au <a href=\"https:\/\/www.onzemondial.com\/etranger\/real-madrid.html\" rel=\"nofollow noopener\" target=\"_blank\">Real Madrid<\/a>. L\u2019Allemand a \u00e9cop\u00e9 d\u2019un carton rouge pour contestation, apr\u00e8s deux avertissements inflig\u00e9s par l\u2019arbitre Gil Manzano : le premier pour avoir \u00ab applaudi une d\u00e9cision en signe de protestation \u00bb, et le second pour \u00ab un geste de d\u00e9sapprobation \u00bb.<\/p>\n<p>Le Bar\u00e7a ne compte pas en rester l\u00e0. Selon les informations de la <a href=\"https:\/\/www.cope.es\/programas\/tiempo-de-juego\/noticias\/barcelona-recurrira-expulsion-hansi-flick-20251018_3234688.html\" rel=\"nofollow noopener\" target=\"_blank\">COPE<\/a>, relay\u00e9es par le journaliste Joan Batllori dans l\u2019\u00e9mission Tiempo de Juego, le club catalan va faire appel de cette double sanction. L\u2019objectif : tenter de lever ou r\u00e9duire la suspension, et ainsi permettre \u00e0 Flick d\u2019\u00eatre pr\u00e9sent sur le banc pour le choc contre le Real Madrid.<\/p>\n<p>\u00c0 lire aussiLe Bar\u00e7a va faire appel<\/p>\n<p>L\u2019expulsion est intervenue dans une fin de match tendue. Apr\u00e8s le but victorieux d\u2019Araujo, Flick a laiss\u00e9 \u00e9clater sa joie, r\u00e9alisant plusieurs gestes de c\u00e9l\u00e9bration. Certains ont \u00e9t\u00e9 jug\u00e9s provocateurs, mais aucun d\u2019entre eux n\u2019a \u00e9t\u00e9 mentionn\u00e9 dans le rapport officiel de Gil Manzano selon les m\u00e9dias espagnols dont la COPE et <a href=\"https:\/\/www.sport.es\/es\/noticias\/barca\/acta-gil-manzano-no-recoge-butifarras-122762108\" rel=\"nofollow noopener\" target=\"_blank\">Sport<\/a>. Ce d\u00e9tail est crucial, car en l\u2019absence de faits aggravants not\u00e9s, la suspension se limite \u00e0 un match. Dans les cas les plus s\u00e9v\u00e8res, elle aurait pu aller jusqu\u2019\u00e0 six.<\/p>\n<p>En conf\u00e9rence de presse, Flick a tent\u00e9 d\u2019expliquer son comportement. Il affirme que ses applaudissements n\u2019\u00e9taient pas adress\u00e9s \u00e0 l\u2019arbitre mais \u00e0 Frenkie de Jong. Quant au geste de d\u00e9sapprobation, il s\u2019agissait, selon lui, d\u2019un simple d\u00e9foulement personnel : \u00ab Le football, c\u2019est une \u00e9motion. Ce deuxi\u00e8me but \u00e9tait fantastique. \u00bb Il a aussi regrett\u00e9 de ne pas avoir pu dialoguer avec Gil Manzano apr\u00e8s le match : \u00ab J\u2019ai essay\u00e9, mais il n\u2019a pas voulu. \u00bb<\/p>\n<p>Les bras d&rsquo;honneur de Flick pas mentionn\u00e9s<\/p>\n<p>Ce n\u2019est pas la premi\u00e8re expulsion de Flick en Liga. En d\u00e9cembre dernier contre le B\u00e9tis, il avait d\u00e9j\u00e0 \u00e9t\u00e9 exclu pour protestation apr\u00e8s un penalty siffl\u00e9 contre Frenkie de Jong. Il avait alors \u00e9t\u00e9 suspendu deux matchs par la RFEF. Cette fois encore, le club pourrait voir son appel rejet\u00e9, mais la COPE indique que le Bar\u00e7a reste confiant, d\u2019autant que le rapport ne mentionne pas d\u2019insultes ni de gestes offensants directs.<\/p>\n<p>En l\u2019absence de Flick, Marcus Sorg, son adjoint, sera charg\u00e9 de diriger l\u2019\u00e9quipe lors du Clasico. Un sc\u00e9nario que le club esp\u00e8re \u00e9viter en obtenant gain de cause aupr\u00e8s de la commission de discipline. La d\u00e9cision finale pourrait peser lourd dans un moment cl\u00e9 de la saison.<\/p>\n<p>   Partagez cette info avec vos amis et vos proches en cliquant ici<br \/> Pour r\u00e9sumer<\/p>\n<p>Hansi Flick a \u00e9t\u00e9 exclu lors du derby catalan entre le FC Barcelone et G\u00e9rone, une situation d\u00e9licate pour les Blaugranas. Son absence est particuli\u00e8rement pr\u00e9judiciable, car il ne pourra pas diriger son \u00e9quipe lors du prochain match crucial contre le Real Madrid.<\/p>\n<p>R\u00e9dacteur<\/p>\n<p><img decoding=\"async\" width=\"76\" height=\"76\" loading=\"lazy\" src=\"https:\/\/www.europesays.com\/fr\/wp-content\/uploads\/2025\/04\/avatar-onze.webp.webp\" alt=\"Nathan Bricout\"\/><\/p>\n","protected":false},"excerpt":{"rendered":"Le FC Barcelone s\u2019est impos\u00e9 dans la douleur face \u00e0 G\u00e9rone samedi (2\u20111), gr\u00e2ce \u00e0 un but d\u00e9cisif&hellip;\n","protected":false},"author":2,"featured_media":474713,"comment_status":"","ping_status":"","sticky":false,"template":"","format":"standard","meta":{"footnotes":""},"categories":[2],"tags":[11,59813,5695,1011,27,12],"class_list":{"0":"post-474712","1":"post","2":"type-post","3":"status-publish","4":"format-standard","5":"has-post-thumbnail","7":"category-actualites","8":"tag-actualites","9":"tag-espagne-liga","10":"tag-fc-barcelone","11":"tag-fr","12":"tag-france","13":"tag-news"},"share_on_mastodon":{"url":"https:\/\/pubeurope.com\/@fr\/115400697817223352","error":""},"_links":{"self":[{"href":"https:\/\/www.europesays.com\/fr\/wp-json\/wp\/v2\/posts\/474712","targetHints":{"allow":["GET"]}}],"collection":[{"href":"https:\/\/www.europesays.com\/fr\/wp-json\/wp\/v2\/posts"}],"about":[{"href":"https:\/\/www.europesays.com\/fr\/wp-json\/wp\/v2\/types\/post"}],"author":[{"embeddable":true,"href":"https:\/\/www.europesays.com\/fr\/wp-json\/wp\/v2\/users\/2"}],"replies":[{"embeddable":true,"href":"https:\/\/www.europesays.com\/fr\/wp-json\/wp\/v2\/comments?post=474712"}],"version-history":[{"count":0,"href":"https:\/\/www.europesays.com\/fr\/wp-json\/wp\/v2\/posts\/474712\/revisions"}],"wp:featuredmedia":[{"embeddable":true,"href":"https:\/\/www.europesays.com\/fr\/wp-json\/wp\/v2\/media\/474713"}],"wp:attachment":[{"href":"https:\/\/www.europesays.com\/fr\/wp-json\/wp\/v2\/media?parent=474712"}],"wp:term":[{"taxonomy":"category","embeddable":true,"href":"https:\/\/www.europesays.com\/fr\/wp-json\/wp\/v2\/categories?post=474712"},{"taxonomy":"post_tag","embeddable":true,"href":"https:\/\/www.europesays.com\/fr\/wp-json\/wp\/v2\/tags?post=474712"}],"curies":[{"name":"wp","href":"https:\/\/api.w.org\/{rel}","templated":true}]}}