{"id":474714,"date":"2025-10-19T11:54:12","date_gmt":"2025-10-19T11:54:12","guid":{"rendered":"https:\/\/www.europesays.com\/fr\/474714\/"},"modified":"2025-10-19T11:54:12","modified_gmt":"2025-10-19T11:54:12","slug":"loire-voies-neutralisees-sortie-fermee-ce-qui-vous-attend-sur-les-routes-cette-semaine","status":"publish","type":"post","link":"https:\/\/www.europesays.com\/fr\/474714\/","title":{"rendered":"Loire. Voies neutralis\u00e9es, sortie ferm\u00e9e&#8230; Ce qui vous attend sur les routes cette semaine"},"content":{"rendered":"<p>RN88<\/p>\n<p>La Ricamarie (am\u00e9nagement acoustique)<\/p>\n<p>Dans le sens Saint-\u00c9tienne\/Le Puy-en-Velay, la voie de droite sera neutralis\u00e9e de mani\u00e8re permanente du lundi 20 octobre au vendredi 31 octobre, avec une vitesse limit\u00e9e \u00e0 70 km\/h.<\/p>\n<p>Saint-Chamond &#8211; La Varizelle (travaux d\u2019am\u00e9nagement)<\/p>\n<p>Dans le sens Saint-\u00c9tienne\/Lyon, la voie de droite est neutralis\u00e9e de mani\u00e8re permanente.<\/p>\n<p>  Saint-\u00c9tienne (travaux)<\/p>\n<p>Dans le sens Le Puy-en-Velay\/Saint-\u00c9tienne, la bretelle de sortie \u00ab\u00a0Solaure \u00bb sera ferm\u00e9e \u00e0 la circulation \u00e0 compter du lundi 20 octobre jusqu\u2019au vendredi 31 octobre.<\/p>\n<p>Saint-\u00c9tienne &#8211; Bellevue (signalisation verticale)<\/p>\n<p>Dans le sens Saint-\u00c9tienne\/Lyon, la voie de droite sera neutralis\u00e9e les journ\u00e9es du lundi 20 et du mardi 21 octobre de 9 \u00e0 16 heures.<\/p>\n<p>Saint-\u00c9tienne (entretien tunnel du Rond-Point)<\/p>\n<p>Dans le sens Saint-\u00c9tienne\/Firminy, la RN88 sera ferm\u00e9e au niveau du tunnel du Rond-Point entre l\u2019\u00e9changeur n\u00b021 (Le Rond-Point) et l\u2019\u00e9changeur \u00ab La Rivi\u00e8re \u00bb les nuits du lundi 20, du mardi 21, du mercredi 22 et du jeudi 23 octobre de 21\u00a0heures \u00e0 6\u00a0heures. Une d\u00e9viation sera mise en place via l\u2019A72 direction Andr\u00e9zieux, sortie n\u00b010 en direction de Firminy, RM 201 et reprise de la N88 au niveau de La Ricamarie.<\/p>\n<p>Dans le sens Firminy\/Saint-\u00c9tienne, la circulation s\u2019effectuera sur une voie les nuits du lundi 20, du mardi 21, du mercredi 22 et du jeudi 23 octobre de 21 heures \u00e0 6 heures.<\/p>\n<p>RN488<\/p>\n<p>Saint-\u00c9tienne (affaissement de chauss\u00e9e)<\/p>\n<p>Dans le sens Saint-Chamond\/Saint-\u00c9tienne, la voie de droite est neutralis\u00e9e de mani\u00e8re permanente. Par ailleurs, la vitesse est r\u00e9duite \u00e0 50 km\/h.<\/p>\n<p>A47<\/p>\n<p>Givors \u00e0 Saint-Chamond (fauchage d\u2019automne)<\/p>\n<p>Dans le sens Lyon\/Saint-\u00c9tienne, la voie de droite sera neutralis\u00e9e les journ\u00e9es du lundi 20, du mardi 21, du mercredi 22 et du jeudi 23 octobre de 9 \u00e0 16 heures.<\/p>\n<p>La Madeleine (travaux sur ouvrage)<\/p>\n<p>Dans le sens Saint-\u00c9tienne\/Lyon, la bretelle de sortie n\u00b011 \u00ab La Madeleine\/Brignais \u00bb sera ferm\u00e9e \u00e0 la circulation la nuit du mercredi 22 octobre de 20\u00a0h\u00a030 \u00e0 5\u00a0h\u00a030.<\/p>\n<p>Lorette (travaux sur ouvrage)<\/p>\n<p>Dans le sens Saint-\u00c9tienne\/Lyon, la voie de droite sera neutralis\u00e9e les nuits du lundi 20, du mardi 21, du mercredi 22 et du jeudi 23 octobre de 21 heures \u00e0 6 heures.<\/p>\n","protected":false},"excerpt":{"rendered":"RN88 La Ricamarie (am\u00e9nagement acoustique) Dans le sens Saint-\u00c9tienne\/Le Puy-en-Velay, la voie de droite sera neutralis\u00e9e de mani\u00e8re&hellip;\n","protected":false},"author":2,"featured_media":474715,"comment_status":"","ping_status":"","sticky":false,"template":"","format":"standard","meta":{"footnotes":""},"categories":[9653],"tags":[1111,11,2430,3542,7539,1777,674,1011,27,11324,3367,12,25,9669,4001,2803],"class_list":{"0":"post-474714","1":"post","2":"type-post","3":"status-publish","4":"format-standard","5":"has-post-thumbnail","7":"category-saint-etienne","8":"tag-actu","9":"tag-actualites","10":"tag-auvergne-rhone-alpes","11":"tag-circulation","12":"tag-edition-loire-sud","13":"tag-eu","14":"tag-europe","15":"tag-fr","16":"tag-france","17":"tag-la-ricamarie","18":"tag-loire","19":"tag-news","20":"tag-republique-francaise","21":"tag-saint-chamond","22":"tag-saint-etienne","23":"tag-transport"},"share_on_mastodon":{"url":"https:\/\/pubeurope.com\/@fr\/115400701609566179","error":""},"_links":{"self":[{"href":"https:\/\/www.europesays.com\/fr\/wp-json\/wp\/v2\/posts\/474714","targetHints":{"allow":["GET"]}}],"collection":[{"href":"https:\/\/www.europesays.com\/fr\/wp-json\/wp\/v2\/posts"}],"about":[{"href":"https:\/\/www.europesays.com\/fr\/wp-json\/wp\/v2\/types\/post"}],"author":[{"embeddable":true,"href":"https:\/\/www.europesays.com\/fr\/wp-json\/wp\/v2\/users\/2"}],"replies":[{"embeddable":true,"href":"https:\/\/www.europesays.com\/fr\/wp-json\/wp\/v2\/comments?post=474714"}],"version-history":[{"count":0,"href":"https:\/\/www.europesays.com\/fr\/wp-json\/wp\/v2\/posts\/474714\/revisions"}],"wp:featuredmedia":[{"embeddable":true,"href":"https:\/\/www.europesays.com\/fr\/wp-json\/wp\/v2\/media\/474715"}],"wp:attachment":[{"href":"https:\/\/www.europesays.com\/fr\/wp-json\/wp\/v2\/media?parent=474714"}],"wp:term":[{"taxonomy":"category","embeddable":true,"href":"https:\/\/www.europesays.com\/fr\/wp-json\/wp\/v2\/categories?post=474714"},{"taxonomy":"post_tag","embeddable":true,"href":"https:\/\/www.europesays.com\/fr\/wp-json\/wp\/v2\/tags?post=474714"}],"curies":[{"name":"wp","href":"https:\/\/api.w.org\/{rel}","templated":true}]}}