{"id":474718,"date":"2025-10-19T11:56:12","date_gmt":"2025-10-19T11:56:12","guid":{"rendered":"https:\/\/www.europesays.com\/fr\/474718\/"},"modified":"2025-10-19T11:56:12","modified_gmt":"2025-10-19T11:56:12","slug":"lorraine-une-nanceienne-dans-les-coulisses-du-proces-des-viols-de-mazan","status":"publish","type":"post","link":"https:\/\/www.europesays.com\/fr\/474718\/","title":{"rendered":"Lorraine. Une Nanc\u00e9ienne dans les coulisses du proc\u00e8s des viols de Mazan"},"content":{"rendered":"<p>Mazan : une affaire historique, et un mal subjuguant de banalit\u00e9.<\/p>\n<p>Au-del\u00e0 de l\u2019horreur subie par <a href=\"https:\/\/www.republicain-lorrain.fr\/p\/gisele-pelicot\" target=\"_blank\" rel=\"noopener\">Gis\u00e8le Pelicot<\/a>, au-del\u00e0 des condamnations et des peines, au-del\u00e0, parfois, de la lourdeur m\u00e9diatique, comment raconter ce qui peut para\u00eetre indicible ? Comment raconter pour ne pas oublier ce proc\u00e8s ? En posant un maximum de mots sur ce qui s\u2019est pass\u00e9 : c\u2019est ce que croit la journaliste Clara Seren-Rosso. Et c\u2019est ce qu\u2019elle a d\u00e9cid\u00e9 de faire.<\/p>\n<p>L\u2019affaire des viols de <a href=\"https:\/\/www.estrepublicain.fr\/faits-divers-justice\/2025\/10\/13\/le-policier-qui-a-decouvert-l-affaire-pelicot-raconte-j-ai-sauve-une-victime-mais-detruit-une-famille\" target=\"_blank\" rel=\"noopener\">Mazan<\/a> , ce sont des faits qui se sont d\u00e9roul\u00e9s entre 2011 et 2020. <a href=\"https:\/\/www.ledauphine.com\/faits-divers-justice\/2025\/10\/07\/proces-en-appel-des-viols-de-mazan-face-a-face-tres-attendu-entre-l-accuse-et-dominique-pelicot\" target=\"_blank\" rel=\"noopener\">Dominique Pelicot<\/a> , droguait sa femme pour la violer alors qu\u2019elle \u00e9tait inconsciente, et il invitait des inconnus \u00e0 faire de m\u00eame dans la chambre&#8230;<\/p>\n","protected":false},"excerpt":{"rendered":"Mazan : une affaire historique, et un mal subjuguant de banalit\u00e9. Au-del\u00e0 de l\u2019horreur subie par Gis\u00e8le Pelicot,&hellip;\n","protected":false},"author":2,"featured_media":474719,"comment_status":"","ping_status":"","sticky":false,"template":"","format":"standard","meta":{"footnotes":""},"categories":[9635],"tags":[1111,11,271,1687,272,1777,674,274,1011,27,775,937,2410,1702,12,3456,25,104,2205],"class_list":{"0":"post-474718","1":"post","2":"type-post","3":"status-publish","4":"format-standard","5":"has-post-thumbnail","7":"category-nancy","8":"tag-actu","9":"tag-actualites","10":"tag-crime","11":"tag-culture-loisirs","12":"tag-delit-et-contravention","13":"tag-eu","14":"tag-europe","15":"tag-faits-divers-justice","16":"tag-fr","17":"tag-france","18":"tag-grand-est","19":"tag-histoire","20":"tag-livres-bd","21":"tag-nancy","22":"tag-news","23":"tag-region-lorraine","24":"tag-republique-francaise","25":"tag-societe","26":"tag-television-medias"},"share_on_mastodon":{"url":"https:\/\/pubeurope.com\/@fr\/115400709653799841","error":""},"_links":{"self":[{"href":"https:\/\/www.europesays.com\/fr\/wp-json\/wp\/v2\/posts\/474718","targetHints":{"allow":["GET"]}}],"collection":[{"href":"https:\/\/www.europesays.com\/fr\/wp-json\/wp\/v2\/posts"}],"about":[{"href":"https:\/\/www.europesays.com\/fr\/wp-json\/wp\/v2\/types\/post"}],"author":[{"embeddable":true,"href":"https:\/\/www.europesays.com\/fr\/wp-json\/wp\/v2\/users\/2"}],"replies":[{"embeddable":true,"href":"https:\/\/www.europesays.com\/fr\/wp-json\/wp\/v2\/comments?post=474718"}],"version-history":[{"count":0,"href":"https:\/\/www.europesays.com\/fr\/wp-json\/wp\/v2\/posts\/474718\/revisions"}],"wp:featuredmedia":[{"embeddable":true,"href":"https:\/\/www.europesays.com\/fr\/wp-json\/wp\/v2\/media\/474719"}],"wp:attachment":[{"href":"https:\/\/www.europesays.com\/fr\/wp-json\/wp\/v2\/media?parent=474718"}],"wp:term":[{"taxonomy":"category","embeddable":true,"href":"https:\/\/www.europesays.com\/fr\/wp-json\/wp\/v2\/categories?post=474718"},{"taxonomy":"post_tag","embeddable":true,"href":"https:\/\/www.europesays.com\/fr\/wp-json\/wp\/v2\/tags?post=474718"}],"curies":[{"name":"wp","href":"https:\/\/api.w.org\/{rel}","templated":true}]}}