{"id":474722,"date":"2025-10-19T11:58:25","date_gmt":"2025-10-19T11:58:25","guid":{"rendered":"https:\/\/www.europesays.com\/fr\/474722\/"},"modified":"2025-10-19T11:58:25","modified_gmt":"2025-10-19T11:58:25","slug":"lactrice-brigitte-bardot-est-sortie-de-lhopital-apres-avoir-subi-une-operation-a-toulon-2","status":"publish","type":"post","link":"https:\/\/www.europesays.com\/fr\/474722\/","title":{"rendered":"L\u2019actrice Brigitte Bardot est sortie de l\u2019h\u00f4pital apr\u00e8s avoir subi une op\u00e9ration \u00e0 Toulon"},"content":{"rendered":"<p>Durant trois semaines, l\u2019actrice de cin\u00e9ma fran\u00e7aise <a href=\"https:\/\/rennes.maville.com\/actu\/actudet_--triste-soumise-vulgaire...-comment-brigitte-bardot-voit-son-pays-la-france-_53511-7005864_actu.Htm\" target=\"_blank\" rel=\"noopener\">Brigitte Bardot, 91\u00a0ans,<\/a> a \u00e9t\u00e9 hospitalis\u00e9e \u00e0 Toulon (Var). Selon  <a href=\"https:\/\/www.nicematin.com\/culture\/brigitte-bardot-hospitalisee-a-toulon-10652805?utm_content=photo&amp;utm_term=VarMatin.SaintTropez&amp;utm_campaign=facebook&amp;utm_source=nonli&amp;utm_medium=Social%20media\" rel=\"nofollow noopener\" target=\"_blank\">Var-Matin<\/a> , elle a \u00e9t\u00e9 prise en charge \u00e0 l\u2019h\u00f4pital priv\u00e9 Saint-Jean et aurait subi <strong>\u00ab\u00a0une intervention chirurgicale dans le cadre d\u2019une maladie grave\u00a0\u00bb.<\/strong>\u00a0Elle est sortie de l\u2019h\u00f4pital, a annonc\u00e9 ce vendredi 17\u00a0octobre 2025 son secr\u00e9tariat dans un communiqu\u00e9 transmis \u00e0 l\u2019Agence France-Presse (AFP).<\/p>\n<p>\u00ab\u00a0Elle se repose chez elle d\u00e9sormais\u00a0\u00bb<\/p>\n<p>Il s\u2019agissait d\u2019une <strong>\u00ab\u00a0l\u00e9g\u00e8re intervention chirurgicale qui s\u2019est d\u00e9roul\u00e9e de mani\u00e8re particuli\u00e8rement satisfaisante\u00a0\u00bb,<\/strong> pr\u00e9cise son secr\u00e9tariat.<strong> \u00ab\u00a0Elle se repose chez elle d\u00e9sormais, ne r\u00e9pondra \u00e0 aucune sollicitation, et remercie chacun de respecter son intimit\u00e9 et sa tranquillit\u00e9\u00a0\u00bb,<\/strong> ajoute le communiqu\u00e9.<\/p>\n<p>Brigitte Bardot a \u00e9galement tenu \u00e0 <strong>\u00ab\u00a0remercier tous ceux qui se soucient de son \u00e9tat de sant\u00e9 et les rassurer\u00a0\u00bb et \u00e0 \u00ab\u00a0remercier l\u2019\u00e9quipe chirurgicale et l\u2019ensemble des personnels qui ont veill\u00e9 \u00e0 son r\u00e9tablissement\u00a0\u00bb.<\/strong><\/p>\n<p>Une premi\u00e8re hospitalisation en 2023<\/p>\n<p><a href=\"https:\/\/rennes.maville.com\/actu\/actudet_-l-adoption-est-une-demarche-ethique-et-responsable-rappelle-la-fondation-brigitte-bardot-_54135-6987349_actu.Htm\" target=\"_self\" rel=\"noopener\">Fervente militante pour le bien-\u00eatre des animaux<\/a>, Brigitte Bardot a sorti un livre il y a quelques semaines appel\u00e9 BBc\u00e9daire. Pour rappel, celle qu\u2019on surnomme \u00ab\u00a0BB\u00a0\u00bb avait <a href=\"https:\/\/www.ouest-france.fr\/cinema\/brigitte-bardot-victime-de-difficultes-respiratoires-les-pompiers-sont-intervenus-a-son-domicile-11d2ee24-2634-11ee-91b0-1fce26d5862a\" target=\"_blank\" rel=\"noopener\">d\u00e9j\u00e0 \u00e9t\u00e9 hospitalis\u00e9e en janvier\u00a02023<\/a> en raison d\u2019une insuffisance respiratoire.<\/p>\n<p>\u00a0<\/p>\n","protected":false},"excerpt":{"rendered":"Durant trois semaines, l\u2019actrice de cin\u00e9ma fran\u00e7aise Brigitte Bardot, 91\u00a0ans, a \u00e9t\u00e9 hospitalis\u00e9e \u00e0 Toulon (Var). Selon Var-Matin&hellip;\n","protected":false},"author":2,"featured_media":472738,"comment_status":"","ping_status":"","sticky":false,"template":"","format":"standard","meta":{"footnotes":""},"categories":[9619],"tags":[2594,1111,11,57061,38114,1777,674,1011,27,100,12,1476,882,25,3686,59619,2310],"class_list":{"0":"post-474722","1":"post","2":"type-post","3":"status-publish","4":"format-standard","5":"has-post-thumbnail","7":"category-toulon","8":"tag-actrice","9":"tag-actu","10":"tag-actualites","11":"tag-bardot","12":"tag-brigitte","13":"tag-eu","14":"tag-europe","15":"tag-fr","16":"tag-france","17":"tag-hopital","18":"tag-news","19":"tag-operation","20":"tag-provence-alpes-cote-dazur","21":"tag-republique-francaise","22":"tag-sortie","23":"tag-subi","24":"tag-toulon"},"share_on_mastodon":{"url":"https:\/\/pubeurope.com\/@fr\/115400717391874430","error":""},"_links":{"self":[{"href":"https:\/\/www.europesays.com\/fr\/wp-json\/wp\/v2\/posts\/474722","targetHints":{"allow":["GET"]}}],"collection":[{"href":"https:\/\/www.europesays.com\/fr\/wp-json\/wp\/v2\/posts"}],"about":[{"href":"https:\/\/www.europesays.com\/fr\/wp-json\/wp\/v2\/types\/post"}],"author":[{"embeddable":true,"href":"https:\/\/www.europesays.com\/fr\/wp-json\/wp\/v2\/users\/2"}],"replies":[{"embeddable":true,"href":"https:\/\/www.europesays.com\/fr\/wp-json\/wp\/v2\/comments?post=474722"}],"version-history":[{"count":0,"href":"https:\/\/www.europesays.com\/fr\/wp-json\/wp\/v2\/posts\/474722\/revisions"}],"wp:featuredmedia":[{"embeddable":true,"href":"https:\/\/www.europesays.com\/fr\/wp-json\/wp\/v2\/media\/472738"}],"wp:attachment":[{"href":"https:\/\/www.europesays.com\/fr\/wp-json\/wp\/v2\/media?parent=474722"}],"wp:term":[{"taxonomy":"category","embeddable":true,"href":"https:\/\/www.europesays.com\/fr\/wp-json\/wp\/v2\/categories?post=474722"},{"taxonomy":"post_tag","embeddable":true,"href":"https:\/\/www.europesays.com\/fr\/wp-json\/wp\/v2\/tags?post=474722"}],"curies":[{"name":"wp","href":"https:\/\/api.w.org\/{rel}","templated":true}]}}