{"id":474724,"date":"2025-10-19T12:00:12","date_gmt":"2025-10-19T12:00:12","guid":{"rendered":"https:\/\/www.europesays.com\/fr\/474724\/"},"modified":"2025-10-19T12:00:12","modified_gmt":"2025-10-19T12:00:12","slug":"le-monde-daujourdhui-manque-de-gens-de-paix-michael-iancu-lance-la-26e-annee-de-linstitut-maimonide-a-montpellier","status":"publish","type":"post","link":"https:\/\/www.europesays.com\/fr\/474724\/","title":{"rendered":"\u00ab\u00a0Le monde d\u2019aujourd\u2019hui manque de gens de paix\u00a0\u00bb\u00a0: Micha\u00ebl Iancu lance la 26e ann\u00e9e de l\u2019Institut Ma\u00efmonide \u00e0 Montpellier"},"content":{"rendered":"<p>\n                                                                L\u2019Institut Ma\u00efmonide Averro\u00e8s Thomas d\u2019Aquin, qui a f\u00eat\u00e9 ses 25 ans cette ann\u00e9e, d\u00e9bute une nouvelle saison \u00e0 Montpellier, sous le signe du dialogue interreligieux, comme le souhaite son directeur.\n                            <\/p>\n<p class=\"txt-question\">Qu\u2019est-ce qui vous a guid\u00e9 dans cette nouvelle saison de l\u2019Institut\u00a0?<\/p>\n<p>La volont\u00e9 de r\u00e9pondre aux imp\u00e9ratifs de l\u2019Institut, \u00e0 savoir l\u2019histoire et la civilisation du juda\u00efsme et des monoth\u00e9ismes qui en sont issus, le dialogue interreligieux et la valorisation du patrimoine montpelli\u00e9rain et occitan.<\/p>\n<p class=\"txt-question\">Comment concilier ce programme avec l\u2019actualit\u00e9\u00a0?<\/p>\n<p>Il faut \u00eatre \u00e0 l\u2019\u00e9coute du public et de l\u2019actualit\u00e9, avec le retour de l\u2019antis\u00e9mitisme et le conflit proche-oriental\u2026 On essaie la plupart du temps de solliciter des universitaires, des savants pour d\u00e9passionner le d\u00e9bat. Comme Mohammed Ali Amir-Moezzi, un homme d\u2019ouverture, qui fait autorit\u00e9 sur le Coran et l\u2019Islam, et \u00e9voquera Mahomet. Ou comme Annette Becker, une des grandes sp\u00e9cialistes de la Seconde Guerre mondiale en France, \u00e0 l\u2019occasion des 80 ans de la lib\u00e9ration du camp d\u2019Auschwitz. Elle \u00e9voquera aussi Marc Bloch, qui va \u00eatre panth\u00e9onis\u00e9. Nous accueillerons Elie Korchia, pr\u00e9sident du Consistoire, pour parler des d\u00e9fis de la communaut\u00e9 juive fran\u00e7aise. Il abordera d\u2019ailleurs le projet mus\u00e9al autour de l\u2019histoire des juifs du Languedoc que nous avons avec la Ville. Patrick Klugman, avocat et pr\u00e9sident du Comit\u00e9 fran\u00e7ais pour Yad Vashem, qui est un progressiste, parlera de l\u2019antis\u00e9mitisme. Yan Jurovics viendra nous repr\u00e9ciser la notion de g\u00e9nocide, parce qu\u2019il y a une grande souffrance \u00e0 ce sujet chez les Palestiniens et chez les Isra\u00e9liens.<\/p>\n<p class=\"txt-question\">D\u2019o\u00f9 vient le manque de tol\u00e9rance et de dialogue, aujourd\u2019hui\u00a0?<\/p>\n<p>On veut aller trop vite, on n\u2019approfondit pas, on lit moins, on croit tout savoir alors qu\u2019on ne sait rien. On progresse en science mais humainement, on r\u00e9gresse. Au Moyen-\u00c2ge, il y a eu des formes rigoristes. Mais il y a aussi eu des gens qui avaient 50 ans d\u2019avance, qui avaient tort d\u2019avoir raison trop t\u00f4t. C\u2019est le cas d\u2019Averro\u00e8s et Ma\u00efmonide. Le monde d\u2019aujourd\u2019hui manque de personnes embl\u00e9matiques comme celles-l\u00e0, de gens de paix, au Proche-Orient mais pas seulement.<\/p>\n<p>Ma\u00efmonide disait qu\u2019il faut \u00eatre ouvert et tol\u00e9rant.<br \/>C\u2019est ce qui a fait la force de Montpellier au Moyen \u00c2ge<\/p>\n<p class=\"txt-question\">Comment avez-vous v\u00e9cu ces deux ann\u00e9es de conflit au Proche-Orient\u00a0?<\/p>\n<p>C\u2019est une souffrance de voir deux peuples s\u2019entred\u00e9chirer, alors qu\u2019ils sont condamn\u00e9s \u00e0 s\u2019aimer. Il faudra voir sous quelle forme ils vont r\u00e9ussir \u00e0 faire la paix. La flamb\u00e9e de l\u2019antis\u00e9mitisme en France, en Europe et dans le monde m\u2019attriste. Surtout depuis le 7\u00a0octobre. Quand l\u2019antis\u00e9mitisme sort de sa bo\u00eete, c\u2019est tr\u00e8s dur de revenir en arri\u00e8re.<\/p>\n<p class=\"txt-question\">Que pensez-vous des appels au boycott du jumelage entre Montpellier et Tiberiade\u00a0?<\/p>\n<p>Ceux qui le demandent m\u00e9connaissent l\u2019histoire juive. Tib\u00e9riade est une des quatre villes saintes du juda\u00efsme dans la Bible. Montpellier \u00e9tait aussi une ville sainte du juda\u00efsme au Moyen-\u00c2ge. Il faut aussi savoir que Ma\u00efmonide, qui a enseign\u00e9 \u00e0 la fac de m\u00e9decine de Montpellier, est enterr\u00e9 \u00e0 Tiberiade. Ce jumelage existe pour diff\u00e9rentes raisons, mais aussi parce qu\u2019il y a ce lien juda\u00efque. On ne va rien r\u00e9soudre en cassant ce jumelage. C\u2019est un peu comme le 7\u00a0octobre, o\u00f9 le Hamas s\u2019en est pris \u00e0 des gens de gauche qui aidaient les Palestiniens. C\u2019est en construisant des passerelles et pas en d\u00e9truisant qu\u2019on va avancer ensemble. Micha\u00ebl Delafosse a bien fait de d\u00e9fendre ce jumelage.<\/p>\n<p>    Bio express<\/p>\n<p>N\u00e9 \u00e0 Gardanne en 1973, Micha\u00ebl Iancu est arriv\u00e9 \u00e0 Montpellier en 1984. Il y a fait ses \u00e9tudes et est dipl\u00f4m\u00e9 d\u2019un doctorat en histoire. En parall\u00e8le, il a suivi des cours de violon au conservatoire.<\/p>\n<p>Dans les ann\u00e9es 90, il a cr\u00e9\u00e9 le Centre d\u2019information pour la paix au Proche-Orient. Il pr\u00e9side l\u2019Union des \u00e9tudiants juifs de France \u00e0 Montpellier.<\/p>\n<p>Ma\u00eetre de conf\u00e9rences \u00e0 l\u2019Universit\u00e9 de Cluj (Roumanie) de 2006 \u00e0 2012, chercheur associ\u00e9 au CRISES de Montpellier 3, il est l\u2019auteur de nombreux ouvrages.<\/p>\n<p>Il dirige l\u2019Institut Universitaire Ma\u00efmonide-Averro\u00e8s-Thomas d\u2019Aquin depuis 2000. Il est enfin d\u00e9l\u00e9gu\u00e9 r\u00e9gional du Comit\u00e9 fran\u00e7ais pour Yad Vashem (institut international pour la m\u00e9moire de la Shoah) depuis 2010.<\/p>\n<p class=\"txt-question\">Avez-vous de la famille en Isra\u00ebl\u00a0?<\/p>\n<p>Oui, chaque fois qu\u2019il y a la guerre, on tremble pour eux parce qu\u2019ils sont en premi\u00e8re ligne. Eux n\u2019aspirent qu\u2019\u00e0 une chose, la paix.<\/p>\n<p class=\"txt-question\">D\u2019o\u00f9 peut venir la paix aujourd\u2019hui\u00a0?<\/p>\n<p>Avec le Hamas, il n\u2019y a rien \u00e0 faire. Parce qu\u2019\u00e0 partir du moment o\u00f9 ils disent \u00ab\u00a0Dieu a dit ceci\u00a0\u00bb, c\u2019est termin\u00e9. \u00c7a nous rappelle que ce conflit est essentiellement religieux. Avec Netanyahou, c\u2019est compliqu\u00e9. On est tr\u00e8s loin d\u2019Yitzhak Rabin, qui avait apport\u00e9 un v\u00e9ritable espoir de paix. Et on est loin d\u2019Elie Barnavi (historien et ancien ambassadeur d\u2019Isra\u00ebl en France), que j\u2019avais re\u00e7u et qui est un farouche d\u00e9tracteur de Netanyahou. Aujourd\u2019hui, il y a un petit espoir, parce que les armes se sont tues. Mais il y a une telle haine de part et d\u2019autre que le chemin sera tr\u00e8s long.<\/p>\n<p class=\"txt-question\">On en revient \u00e0 Ma\u00efmonide et \u00e0 Montpellier\u2026<\/p>\n<p>Oui, Ma\u00efmonide disait qu\u2019il ne faut pas avoir peur du monde qui nous entoure. Sinon, \u00e7a veut dire qu\u2019on n\u2019est pas s\u00fbr de sa foi, de son juda\u00efsme en l\u2019occurrence. Il faut \u00eatre ouvert et tol\u00e9rant. C\u2019est aussi ce qui a fait la force de Montpellier au Moyen-\u00c2ge, ce qui lui a permis de devenir une ville universitaire de tol\u00e9rance, de savoir et d\u2019\u00e9change.<\/p>\n","protected":false},"excerpt":{"rendered":"L\u2019Institut Ma\u00efmonide Averro\u00e8s Thomas d\u2019Aquin, qui a f\u00eat\u00e9 ses 25 ans cette ann\u00e9e, d\u00e9bute une nouvelle saison \u00e0&hellip;\n","protected":false},"author":2,"featured_media":474725,"comment_status":"","ping_status":"","sticky":false,"template":"","format":"standard","meta":{"footnotes":""},"categories":[9599],"tags":[1111,11,1777,674,1011,27,2208,12,2680,25],"class_list":{"0":"post-474724","1":"post","2":"type-post","3":"status-publish","4":"format-standard","5":"has-post-thumbnail","7":"category-montpellier","8":"tag-actu","9":"tag-actualites","10":"tag-eu","11":"tag-europe","12":"tag-fr","13":"tag-france","14":"tag-montpellier","15":"tag-news","16":"tag-occitanie","17":"tag-republique-francaise"},"share_on_mastodon":{"url":"https:\/\/pubeurope.com\/@fr\/115400725352727241","error":""},"_links":{"self":[{"href":"https:\/\/www.europesays.com\/fr\/wp-json\/wp\/v2\/posts\/474724","targetHints":{"allow":["GET"]}}],"collection":[{"href":"https:\/\/www.europesays.com\/fr\/wp-json\/wp\/v2\/posts"}],"about":[{"href":"https:\/\/www.europesays.com\/fr\/wp-json\/wp\/v2\/types\/post"}],"author":[{"embeddable":true,"href":"https:\/\/www.europesays.com\/fr\/wp-json\/wp\/v2\/users\/2"}],"replies":[{"embeddable":true,"href":"https:\/\/www.europesays.com\/fr\/wp-json\/wp\/v2\/comments?post=474724"}],"version-history":[{"count":0,"href":"https:\/\/www.europesays.com\/fr\/wp-json\/wp\/v2\/posts\/474724\/revisions"}],"wp:featuredmedia":[{"embeddable":true,"href":"https:\/\/www.europesays.com\/fr\/wp-json\/wp\/v2\/media\/474725"}],"wp:attachment":[{"href":"https:\/\/www.europesays.com\/fr\/wp-json\/wp\/v2\/media?parent=474724"}],"wp:term":[{"taxonomy":"category","embeddable":true,"href":"https:\/\/www.europesays.com\/fr\/wp-json\/wp\/v2\/categories?post=474724"},{"taxonomy":"post_tag","embeddable":true,"href":"https:\/\/www.europesays.com\/fr\/wp-json\/wp\/v2\/tags?post=474724"}],"curies":[{"name":"wp","href":"https:\/\/api.w.org\/{rel}","templated":true}]}}