{"id":474726,"date":"2025-10-19T12:01:14","date_gmt":"2025-10-19T12:01:14","guid":{"rendered":"https:\/\/www.europesays.com\/fr\/474726\/"},"modified":"2025-10-19T12:01:14","modified_gmt":"2025-10-19T12:01:14","slug":"lassemblee-des-quartiers-populaires-marche-avec-le-printemps-republicain","status":"publish","type":"post","link":"https:\/\/www.europesays.com\/fr\/474726\/","title":{"rendered":"l&rsquo;Assembl\u00e9e des quartiers populaires marche avec le Printemps R\u00e9publicain"},"content":{"rendered":"<p>            Par<br \/>\n        <strong><br \/>\n            <a href=\"https:\/\/actu.fr\/auteur\/c-nithard\" title=\"Consulter tous les articles de C\u00e9dric Nithard\" rel=\"nofollow noopener\" target=\"_blank\">C\u00e9dric Nithard<\/a><br \/>\n        <\/strong><\/p>\n<p>        Publi\u00e9 le<\/p>\n<p>            19 oct. 2025 \u00e0 12h44        <\/p>\n<p><img decoding=\"async\" loading=\"lazy\" src=\"https:\/\/www.europesays.com\/fr\/wp-content\/uploads\/2025\/10\/assemblee-des-quartiers-populaires-printemps-montpellierains-jean-louis-roumegas-municipales-montpel.jpeg\" alt=\"Le Printemps Montpelli\u00e9rain de Jean-Louis Roum\u00e9gas s'agrandit avec l'Assembl\u00e9e des quartiers populaires.\" width=\"960\" height=\"640\"\/>Le Printemps Montpelli\u00e9rain de Jean-Louis Roum\u00e9gas s\u2019agrandit avec l\u2019Assembl\u00e9e des quartiers populaires. (\u00a9CN \/ M\u00e9tropolitain)<\/p>\n<p class=\" wall-content\"><strong>L\u2019\u00e9cologiste Jean-Louis Roum\u00e9gas <\/strong>serait-il en train de r\u00e9ussir son pari ?<strong> Le Printemps Montpelli\u00e9rain<\/strong> ne cesse en effet de s\u2019agrandir en vue <strong>des municipales<\/strong> en mars prochain. Apr\u00e8s l\u2019APR\u00c8S34 et G\u00e9n\u00e9ration.S, c\u2019est au tour de <strong>l\u2019Assembl\u00e9e des quartiers populaires<\/strong> de le rejoindre. Avec \u00e0 ses c\u00f4t\u00e9s <strong>des figures historiques du militantisme local<\/strong>, au-del\u00e0 du coup politique, c\u2019est une nouvelle mani\u00e8re de pratiquer l\u2019exercice de gouvernance qui est promise.<\/p>\n<p>Un lieu d\u2019engagement<\/p>\n<p class=\" wall-content\">Square Abdenour Tatai dans le quartier du Petit Bard. Le lieu n\u2019a pas \u00e9t\u00e9 choisi au hasard pour pr\u00e9senter la d\u00e9cision de l\u2019Assembl\u00e9e des quartiers populaires de rejoindre le Printemps Montpelli\u00e9rain de Jean-Louis Roum\u00e9gas. En juin 2004, un incendie, parti d\u2019une gaine d\u2019\u00e9lectricit\u00e9, se d\u00e9clencha dans une cage d\u2019escalier d\u2019un immeuble de la rue des Trolles provoquant la mort d\u2019un habitant, Hocine El Ouamari. Un drame qui engendrera une mobilisation citoyenne in\u00e9dite pour la d\u00e9fense d\u2019une r\u00e9novation urbaine pens\u00e9e avec les habitants. C\u2019est alors la naissance d\u2019une conscience collective au c\u0153ur d\u2019un de ses quartiers d\u00e9laiss\u00e9s par la R\u00e9publique o\u00f9 les diff\u00e9rentes cultures cohabitent en ayant en commun la pr\u00e9carit\u00e9. Une conscience collective incarn\u00e9e alors par l\u2019association Justice pour le Petit Bard men\u00e9e notamment par Abdenour Tatai, d\u00e9c\u00e9d\u00e9 en 2008. Une histoire, parfaitement racont\u00e9e dans le documentaire \u00ab\u00a0La bataille du Petit-Bard\u00a0\u00bb de Samir Abdalla, que ceux qui vivaient \u00e0 Montpellier \u00e0 cette p\u00e9riode ont tous en m\u00e9moire.<\/p>\n<p class=\" wall-content\">Alors oui, le lieu n\u2019a pas \u00e9t\u00e9 choisi au hasard et constitue plus qu\u2019un symbole, un v\u00e9ritable engagement. Apr\u00e8s une premi\u00e8re approche \u00e0 l\u2019occasion de <a href=\"https:\/\/actu.fr\/occitanie\/montpellier_34172\/ecologistes-et-quartiers-populaires-lancent-leur-premiere-rencontre-nationale-a-montpellier_63212068.html\" rel=\"nofollow noopener\" target=\"_blank\">la 1\u00e8re Rencontre nationale des \u00e9cologistes et des quartiers populaires organis\u00e9e \u00e0 Montpellier<\/a> il y a trois semaines, la section locale de l\u2019Assembl\u00e9e des quartiers populaires rejoint les composantes du Printemps Montpelli\u00e9rain. Une satisfaction pour Jean-Louis Roum\u00e9gas qui voit dans les quartiers populaires \u00ab\u00a0un enjeu important\u00a0\u00bb d\u2019un part parce que \u00ab\u00a0le discours d\u2019exclusion domine\u00a0\u00bb et d\u2019autre part parce que \u00ab on ne peut pas mener de politique globale en mati\u00e8re d\u2019\u00e9cologie sans int\u00e9grer les quartiers populaires qui sont les premi\u00e8res victimes en mati\u00e8re de sant\u00e9, d\u2019alimentation et de logement\u00a0\u00bb. En r\u00e9sum\u00e9 : \u00ab\u00a0Pour les \u00c9cologistes, faire de l\u2019\u00e9cologie sans les quartiers populaires, ce n\u2019est pas possible car si on veut \u00eatre efficace, on ne peut pas r\u00e9ussir la transition \u00e9cologique si on n\u2019embarque pas tout le monde \u00bb. Et Jean-Louis Roum\u00e9gas n\u2019aurait pas attendu la campagne des municipales pour cela en \u00e9voquant le travail men\u00e9 \u00e0 l\u2019int\u00e9rieur du groupe local des Verts pour s\u2019ouvrir davantage en \u00ab\u00a0recrutant dans les quartiers populaires\u00a0\u00bb et en leur donnant des fonctions \u00e0 l\u2019instar de Nordine Maktoubi ou Sa\u00efd Bouya.<\/p>\n<p>Une force politique organis\u00e9e<\/p>\n<p class=\" wall-content\">Lanc\u00e9 par des militants \u0153uvrant dans les quartiers \u00e0 travers toute la France lors de la pr\u00e9sidentielle de 2022 pour contrer les discours d\u2019extr\u00eame droite, l\u2019appel \u00ab\u00a0On s\u2019en m\u00eale\u00a0\u00bb a donn\u00e9 naissance \u00e0 l\u2019Assembl\u00e9e des quartiers populaires. \u00ab\u00a0Ce fut un tournant pour nous car on est pass\u00e9 du terrain social au terrain politique\u00a0\u00bb, explique Gemel Ben Sa\u00efd. S\u2019il avait \u00e9t\u00e9 candidat malheureux aux D\u00e9partementales pour La France Insoumise en 2021, lors des l\u00e9gislatives l\u2019ann\u00e9e suivante la NUPES lui avait pr\u00e9f\u00e9r\u00e9 Julien Collet pour partir sur la 1\u00e8re circonscription. <a href=\"https:\/\/actu.fr\/occitanie\/montpellier_34172\/legislatives-herault-candidatures-dissidences-et-deja-un-abandon-en-quelques-breves_50794210.html\" rel=\"nofollow noopener\" target=\"_blank\">Le militant n\u2019avait alors pas cach\u00e9 sa d\u00e9ception \u00e0 l\u2019\u00e9gard de LFI, non sans en tirer quelques le\u00e7ons<\/a>. Aujourd\u2019hui, il a donc choisi de rejoindre le Printemps Montpelli\u00e9rain. \u00ab\u00a0Ce ne sont pas des individualit\u00e9s qui d\u00e9cident de s\u2019engager et qui choisissent un candidat, c\u2019est un mouvement collectif. Ce n\u2019est pas du vernis ou du saupoudrage, c\u2019est une force politique organis\u00e9e, n\u00e9e dans les quartiers, qui d\u00e9cide de s\u2019inviter dans le d\u00e9bat public avec ses valeurs, son exp\u00e9rience et toute sa l\u00e9gitimit\u00e9 car les experts de ses quartiers se sont ses habitants\u00a0\u00bb pr\u00e9vient-il.<\/p>\n<p>Vid\u00e9os : en ce moment sur Actu<\/p>\n<p class=\" wall-content\">\u00ab\u00a0Depuis trop longtemps, les gens des quartiers sont instrumentalis\u00e9s par les diff\u00e9rents pouvoirs socialistes de Fr\u00eache \u00e0 Delafosse. Les gens des quartiers servent toujours de faire-valoir ou de pr\u00e9texte. On veut retourner la table pour que cela ne se passe pas pour les jeunes comme cela s\u2019est pass\u00e9 pour nous\u00a0\u00bb, souligne Tarik Kawtari qui explique leur choix : \u00ab\u00a0Il y a un cadre aujourd\u2019hui avec Le Printemps Montpelli\u00e9rain qui est ouvert et ils ont envie de changer les choses. Il n\u2019y a pas d\u2019homme ou de femme providentiel, nous ne pensons pas comme \u00e7a. Nous pensons la chose comme une \u00e9quipe et dans l\u2019\u00e9quipe on discute\u00a0\u00bb. Et cela en ayant parfaitement conscience que tous les protagonistes du jour ne se sont pas toujours entendus. \u00ab\u00a0Si l\u2019on est capable de reconna\u00eetre ses erreurs, on peut discuter et avancer ensemble\u00a0\u00bb \u00e9claire-t-il.<\/p>\n<p>Votre r\u00e9gion, votre actu !<\/p>\n<p>Recevez chaque jour les infos qui comptent pour vous.<\/p>\n<p>\t<a href=\"https:\/\/actu.fr\/newsletter\" class=\"ac-btn ac-btn--corner ac-btn--medium ac-btn--blue800\" rel=\"nofollow noopener\" target=\"_blank\">S&rsquo;incrire<\/a><\/p>\n<p class=\" wall-content\">Rachid Drimou, pr\u00e9sent\u00e9 comme \u00ab\u00a0grand t\u00e9moin hors de toute organisation\u00a0\u00bb, a \u00e9chang\u00e9 avec ses amis et va dans le m\u00eame sens : \u00ab\u00a0Il y a un vrai changement radical, ce n\u2019est pas un changement de vitrine, c\u2019est un changement dans les structures, la pens\u00e9e, dans la fa\u00e7on de faire de la politique. Il faut vraiment faire table rase du pass\u00e9 et partir sur un nouvel \u00e9lan\u00a0\u00bb. Ce dernier poursuit en tendant la main : \u00ab\u00a0J\u2019invite toutes les listes citoyennes qui se reconnaissent dans cette dynamique de rejoindre le Printemps Montpelli\u00e9rain pour que Montpellier redonne ses lettres de noblesse \u00e0 la d\u00e9mocratie. Dans ces quartiers, on ne manque ni d\u2019intelligences ni de talents ni de comp\u00e9tences. On manque juste de confiance et de cr\u00e9dibilit\u00e9 de la part des pouvoirs locaux. On n\u2019a pas besoin de faire de la politique pour les quartiers, on a besoin de faire de la politique par et avec les habitants de ces quartiers\u00a0\u00bb.<\/p>\n<p>\u00ab\u00a0Il ne suffit pas de brandir un drapeau palestinien et de crier \u00ab\u00a0la police tue\u00a0\u00bb, cela ne veut rien dire\u00a0\u00bb<\/p>\n<p class=\" wall-content\">Insatisfaits par la politique men\u00e9e par Micha\u00ebl Delafosse et ne comptant pas rester inactifs dans ces municipales, avant de faire leur choix, les membres de l\u2019Assembl\u00e9e des quartiers populaires ont discut\u00e9 avec diff\u00e9rentes formations politiques et en premier lieu La France Insoumise. Une option \u00e9cart\u00e9e pour plusieurs raisons. \u00ab\u00a0Ils perp\u00e9tuent un syst\u00e8me qui dure depuis bien trop longtemps o\u00f9 les gens des quartiers ne sont que des figurants ou des seconds r\u00f4les. Ici, on est au tous au m\u00eame titre. Ce n\u2019est pas, certains parlent des quartiers, et d\u2019autres des autres politiques de la ville. On est tous concern\u00e9s par tous les sujets\u00a0\u00bb, met en avant Tarik Kawtari.<\/p>\n<p class=\" wall-content\">Dans sa strat\u00e9gie pour les municipales, LFI, se basant sur ses r\u00e9sultats obtenus lors des pr\u00e9c\u00e9dentes \u00e9lections, a d\u00e9cid\u00e9 de favoriser ses d\u00e9put\u00e9s mis en lumi\u00e8re par les turpitudes de la politique nationale. Reste que leur ancrage local, comme pour Nathalie Oziol \u00e0 Montpellier, est r\u00e9guli\u00e8rement questionn\u00e9. \u00ab\u00a0Elle est d\u00e9put\u00e9e depuis bient\u00f4t trois ans et les gens ne la connaissent pas dans le quartier\u00a0\u00bb, souligne-t-il ou autrement dit : \u00ab Elle n\u2019a pas donn\u00e9 l\u2019heure aux gens qui se battent et sont des acteurs depuis tr\u00e8s longtemps\u00a0\u00bb. Et d\u2019encha\u00eener : \u00ab\u00a0Il ne suffit pas de brandir un drapeau palestinien et de crier \u00ab\u00a0la police tue\u00a0\u00bb, cela ne veut rien dire. On n\u2019est pas des b\u00e9b\u00e9s, cela ne suffit pas aujourd\u2019hui. On est d\u00e9j\u00e0 pass\u00e9s par SOS Racisme, une arnaque mont\u00e9e par le PS, on ne veut pas d\u2019un SOS Racisme politique. Le probl\u00e8me c\u2019est comment relever les gens des quartiers qui ont \u00e9t\u00e9 tellement discrimin\u00e9s et mis \u00e0 l\u2019amende qu\u2019ils n\u2019ont plus la force de se relever et d\u2019agir normalement\u00a0\u00bb.<\/p>\n<p class=\" wall-content\">Contrairement \u00e0 celle de LFI, dont <a href=\"https:\/\/actu.fr\/occitanie\/montpellier_34172\/montpellier-prete-a-toutes-les-echeances-nathalie-oziol-lance-la-campagne-municipale-de-lfi_63289257.html\" rel=\"nofollow noopener\" target=\"_blank\">l\u2019approche \u00e0 l\u2019occasion de la venue de Manuel Bompard n\u2019a visiblement pas \u00e9t\u00e9 tr\u00e8s appr\u00e9ci\u00e9e<\/a>, la d\u00e9marche du Printemps Montpelli\u00e9rain a donc \u00e9t\u00e9 per\u00e7ue par l\u2019Assembl\u00e9e des quartiers populaires avec plus de sinc\u00e9rit\u00e9 et une r\u00e9elle volont\u00e9 de faire participer les habitants. \u00ab\u00a0Nathalie Oziol cela ne nous va pas, elle ne tient pas la route. Nous ne sommes pas en guerre mais on ne veut reproduire le m\u00eame syst\u00e8me qu\u2019avant, on ne veut pas du d\u00e9veloppement s\u00e9par\u00e9 des quartiers \u00e0 Montpellier. On veut faire avec les gens tels qu\u2019ils sont, on ne va pas les changer. Nous sommes comme nous sommes et nous discutons ensemble pour voir ce qui est le mieux pour nous tous sur tous les sujets : l\u2019\u00e9cologie, les femmes dans les quartiers, la la\u00efcit\u00e9, la gouvernance\u2026 On ne pense pas que l\u2019on peut changer les choses par le haut. Le syst\u00e8me arrive \u00e0 bout. C\u2019est localement, \u00e0 partir de ces quartiers, que l\u2019on peut changer les choses\u00a0\u00bb, tranche Tarik Kawtari.<\/p>\n<p>\u00ab\u00a0on voit que l\u2019on a jamais tir\u00e9 les enseignements de ce qu\u2019il s\u2019est pass\u00e9 au Petit Bard\u00a0\u00bb<\/p>\n<p class=\" wall-content\">Et si certains, <a href=\"https:\/\/actu.fr\/occitanie\/montpellier_34172\/manu-reynaud-interpelle-marine-tondelier-montpellier-capitale-ecologiste-de-l-entrisme-communautaire_63225615.html\" rel=\"nofollow noopener\" target=\"_blank\">comme l\u2019a fait Manu Reynaud \u00e0 l\u2019occasion de la Rencontre des \u00e9cologistes avec les quartiers populaires<\/a>, accusent la d\u00e9marche de communautarisme, Tarik Kawtari renvoie : \u00ab\u00a0Si d\u00e9fendre les quartiers, d\u00e9fendre les plus pauvres, d\u00e9fendre les plus pr\u00e9caires c\u2019est \u00eatre communautariste, alors on est communautaristes. Mais nous, on ne s\u2019engage pas en tant que musulmans, en tant qu\u2019arabes ou de telle ethnie. On veut s\u2019engager s\u00e9rieusement, pas juste pour \u00eatre sur la photo. Nous avons des exigences. Nous voulons changer le mode de gouvernance des quartiers. Nous pensons que ce sont des entit\u00e9s politiques, or, les habitants n\u2019ont rien \u00e0 dire sur rien de ce qu\u2019il se passe dans leur quartier. Nous voulons changer tout \u00e7a\u00a0\u00bb.<\/p>\n<p class=\" wall-content\">Ce dernier balaye par ailleurs \u00ab\u00a0la d\u00e9mocratie participative\u00a0\u00bb, vue comme un \u00e9l\u00e9ment de langage que \u00ab tout le monde va employer pendant la campagne \u00e9lectorale mais il se cache derri\u00e8re quoi ? C\u2019est venir pr\u00e9senter un projet qui a d\u00e9j\u00e0 \u00e9t\u00e9 travaill\u00e9 dans un bureau d\u2019\u00e9tude et demander aux gens de dire que c\u2019est bien\u00a0\u00bb, pour rappeler : \u00ab\u00a0L\u2019association Justice pour le Petit Bard avait r\u00e9ussi \u00e0 entrainer les gens pour qu\u2019ils soient moins mal lotis que ce qu\u2019ils auraient \u00e9t\u00e9 si cela n\u2019avait pas exist\u00e9 et apr\u00e8s les femmes se sont enferm\u00e9es pendant 17 jours dans l\u2019\u00e9cole pour que la carte scolaire ne soit pas chang\u00e9e comme elle devait \u00eatre chang\u00e9e. Avec ce qu\u2019il se passe depuis quelques ann\u00e9es \u00e0 La Paillade, on voit que l\u2019on n\u2019a jamais tir\u00e9 les enseignements de ce qui s\u2019est pass\u00e9 au Petit Bard\u00a0\u00bb.<\/p>\n<p class=\" wall-content\">Un sujet qui fait d\u2019ailleurs bondir Coralie Mantion. \u00ab\u00a0La Paillade m\u00e9rite mieux que des plans B. Pour Micha\u00ebl Delafosse, un p\u00f4le de sant\u00e9 public apr\u00e8s l\u2019abandon de la clinique Clementville, c\u2019est un plan B. Cela me choque. La Paillade m\u00e9rite un projet pens\u00e9 et r\u00e9fl\u00e9chi. Micha\u00ebl Delafosse r\u00e9trop\u00e9dale, navigue \u00e0 vue, change de direction sans arr\u00eat. La ZAC Mosson Sud est un fiasco autant dans la concertation que la vision. L\u2019enqu\u00eate publique a recueilli 12 000 avis d\u00e9favorables parce qu\u2019il y avait une impens\u00e9e autour de la mosqu\u00e9e. Cela me met en col\u00e8re parce que j\u2019\u00e9tais vice-pr\u00e9sidente en charge de l\u2019ANRU et je l\u2019avais alert\u00e9 des dizaines de fois qu\u2019il fallait s\u2019en occuper et le mettait sous le tapis. On a vu ce que cela a donn\u00e9\u00a0\u00bb. L\u2019\u00c9cologiste rebondit sur le dossier du stade de la Mosson dont la r\u00e9novation est act\u00e9e depuis l\u2019abandon du projet de nouveau stade : \u00ab\u00a0On propose une vraie r\u00e9flexion avec les habitants du quartier pour repenser le stade afin qu\u2019il rayonne toute l\u2019ann\u00e9e et pas qu\u2019au moment des matchs \u00ab\u00a0.<\/p>\n<p>Un tacle au passage<\/p>\n<p class=\" wall-content\">Apr\u00e8s avoir d\u00e9taill\u00e9 il y a quelques jours l\u2019orientation principale de son programme ax\u00e9 sur la d\u00e9mocratie locale, Jean-Louis Roum\u00e9gas et le Printemps Montpelli\u00e9rain n\u2019avancent pour l\u2019heure aucun projet pr\u00e9cis\u00e9ment mais un mode de gouvernance partag\u00e9 avec les habitants pour r\u00e9pondre pr\u00e9cis\u00e9ment aux besoins de chaque quartier. Et ce, avec la volont\u00e9 de n\u2019\u00e9carter aucun sujet comme le souligne le d\u00e9put\u00e9 en prenant un exemple bien pr\u00e9cis. \u00ab\u00a0Tout le monde veut la s\u00e9curit\u00e9, ce n\u2019est pas r\u00e9serv\u00e9 \u00e0 la droite ou \u00e0 l\u2019extr\u00eame droite. C\u2019est un sujet pour nous et ne croyez pas que les quartiers sont contre la s\u00e9curit\u00e9. Ils sont les premiers demandeurs de s\u00e9curit\u00e9 mais il faut le faire d\u2019une certaine mani\u00e8re. Ce n\u2019est pas en stigmatisant les gens ou en pr\u00e9tendant que l\u2019on va mettre tout le monde en prison. On veut s\u2019attaquer s\u00e9rieusement \u00e0 cette question et un des sujets est l\u2019encadrement de la jeunesse. Si on ne s\u2019occupe pas de nos jeunes, il ne faut pas s\u2019\u00e9tonner qu\u2019ils soient attir\u00e9s par des chemins hasardeux\u00a0\u00bb.<\/p>\n<p class=\" wall-content\">Une probl\u00e9matique que le candidat entend bien d\u00e9velopper dans son programme qui lui a\u00a0 permis une r\u00e9ponse en forme de tacle \u00e0 une autre candidate : \u00ab\u00a0\u00c0 Montpellier, la droite et l\u2019extr\u00eame droite, c\u2019est <a href=\"https:\/\/actu.fr\/occitanie\/montpellier_34172\/municipales-montpellier-le-soldat-isabelle-perrein-et-ses-soutiens-contre-le-diable-lfi_63295661.html\" rel=\"nofollow noopener\" target=\"_blank\">Isabelle Perrein puisqu\u2019il parait que nous sommes le diable<\/a>. Elle a des discours et des valeurs tr\u00e8s proches de l\u2019extr\u00eame droite. Elle dit qu\u2019elle est hors des partis politiques mais si elle est soutenue par Bruno Retailleau et Les R\u00e9publicains c\u2019est bien qu\u2019elle a certaines valeurs\u00a0\u00bb.\u00a0<\/p>\n<p>\u00ab\u00a0Notre histoire parle pour nous\u00a0\u00bb<\/p>\n<p class=\" wall-content\">Au-del\u00e0 de la vision partag\u00e9e avec les militants de l\u2019Assembl\u00e9e des quartiers populaires, Jean-Louis Roum\u00e9gas ne le dit pas mais sait sans doute qu\u2019il a fait l\u00e0 un joli coup politique. \u00ab\u00a0Ce sont des gens qui ont une histoire, qui sont repr\u00e9sentatifs et ont la confiance des quartiers. Ils ne travaillent pas pour eux et sont respect\u00e9s. Il faut trouver les bons interlocuteurs. C\u2019est vrai dans les partis politiques, dans les quartiers, partout\u2026 il faut trouver les personnes capables de repr\u00e9senter les habitants et cr\u00e9er la confiance. La politique c\u2019est la confiance. Et c\u2019est l\u00e0-dessus que l\u2019on travaille\u00a0\u00bb, observe le candidat.<\/p>\n<p class=\" wall-content\">Alors si aujourd\u2019hui Tarik Kawtari ne manque pas d\u2019ambition dans la d\u00e9marche, il sait que la route sera longue : \u00ab\u00a0On veut que Montpellier soit un cas d\u2019\u00e9cole. Dans les quartiers, il y a des \u00e9nergies mais aussi des handicaps. On ne va pas le faire en six mois en claquant des doigts, on veut que dans la prochaine mandature il y ait un vrai changement, que l\u2019on donne plus de pouvoir aux gens\u00a0\u00bb. Et si certains auraient la tentation d\u2019instrumentaliser ce ralliement pour diviser au sein des quartiers, Gemel Ben Sa\u00efd pr\u00e9cise : \u00ab\u00a0Nous sommes un des porte-voix des quartiers populaires mais nous n\u2019avons pas la pr\u00e9tention de pr\u00e9empter les quartiers. D\u2019autres acteurs des quartiers qui ne sont pas \u00e0 nos c\u00f4t\u00e9s se battent au quotidien et sont tout aussi l\u00e9gitimes\u00a0\u00bb. Bien d\u00e9cid\u00e9 \u00e0 faire vivre la discussion et les d\u00e9bats durant la campagne, Tarik Kawtari sait d\u2019ailleurs que tous ne seront pas d\u2019accord avec eux. \u00ab Certains demanderont pourquoi ils devraient nous croire plus que les autres ? Notre histoire parle pour nous !\u00a0\u00bb d\u00e9fend-il en argumentant : \u00ab\u00a0Nous n\u2019avons jamais n\u00e9goci\u00e9 quelque chose pour nous. On vient avec ce que l\u2019on est et on dit que l\u2019on pense que c\u2019est faisable avec le Printemps Montpelli\u00e9rain. Ils ont montr\u00e9 leur attachement. Peut-\u00eatre qu\u2019on se trompe, peut-\u00eatre que l\u2019on est na\u00eff\u2026\u00a0\u00bb.<\/p>\n<p class=\" wall-content\">\u00c0 noter que, comme les \u00c9cologistes, l\u2019Assembl\u00e9e des quartiers populaires ne suit pas de consigne nationale et laisse le choix aux sections locales en fonction des configurations. \u00c0 Nantes, les Verts viennent de s\u2019allier avec le PS et \u00e0 Toulouse l\u2019Assembl\u00e9e des quartiers populaires s\u2019est unie \u00e0 La France Insoumise. \u00c0 Montpellier, m\u00eame si on est encore loin de l\u2019\u00e9ch\u00e9ance et que de nombreuses choses vont encore se passer, la situation commence \u00e0 se clarifier de ce c\u00f4t\u00e9 de l\u2019\u00e9chiquier politique. <a href=\"https:\/\/actu.fr\/occitanie\/montpellier_34172\/montpellier-municipales-voici-officiellement-lance-le-printemps-montpellierain_63116242.html\" rel=\"nofollow noopener\" target=\"_blank\">En continuant \u00e0 rassembler, Le Printemps Montpelli\u00e9rain<\/a> prive de fait LFI et <a href=\"https:\/\/actu.fr\/occitanie\/montpellier_34172\/municipales-cause-commune-nous-sommes-bis-ou-nouvel-espoir-de-la-gauche-anti-delafosse-a-montpellier_63233534.html\" rel=\"nofollow noopener\" target=\"_blank\">Cause Commune<\/a> de potentiels partenaires. De l\u00e0 \u00e0 devenir l\u2019\u00e9picentre de cette \u00ab\u00a0gauche anti-Delafosse\u00a0\u00bb ? Le chemin pour y parvenir est aussi long que la taille de certains \u00e9gos ou le nombre de ranc\u0153urs et paroles \u00e0 mettre de c\u00f4t\u00e9.<\/p>\n<p class=\" wall-content\">Personnalisez votre actualit\u00e9 en ajoutant vos villes et m\u00e9dias en favori avec <a href=\"https:\/\/moncompte.actu.fr\" title=\"D\u00e9couvez Mon Actu\" rel=\"nofollow noopener\" data-trk=\"{&quot;cta&quot;:{&quot;action&quot;:&quot;https:\\\/\\\/moncompte.actu.fr&quot;,&quot;category&quot;:&quot;mon compte&quot;,&quot;from&quot;:&quot;article footer&quot;,&quot;name&quot;:&quot;Mon actu&quot;,&quot;type&quot;:&quot;cta&quot;}}\" target=\"_blank\">Mon Actu<\/a>.<\/p>\n","protected":false},"excerpt":{"rendered":"Par C\u00e9dric Nithard Publi\u00e9 le 19 oct. 2025 \u00e0 12h44 Le Printemps Montpelli\u00e9rain de Jean-Louis Roum\u00e9gas s\u2019agrandit avec&hellip;\n","protected":false},"author":2,"featured_media":474727,"comment_status":"","ping_status":"","sticky":false,"template":"","format":"standard","meta":{"footnotes":""},"categories":[9599],"tags":[1111,11,4188,1777,674,1011,27,2208,12,2680,316,25],"class_list":{"0":"post-474726","1":"post","2":"type-post","3":"status-publish","4":"format-standard","5":"has-post-thumbnail","7":"category-montpellier","8":"tag-actu","9":"tag-actualites","10":"tag-elections-municipales","11":"tag-eu","12":"tag-europe","13":"tag-fr","14":"tag-france","15":"tag-montpellier","16":"tag-news","17":"tag-occitanie","18":"tag-politique","19":"tag-republique-francaise"},"share_on_mastodon":{"url":"https:\/\/pubeurope.com\/@fr\/115400729586458617","error":""},"_links":{"self":[{"href":"https:\/\/www.europesays.com\/fr\/wp-json\/wp\/v2\/posts\/474726","targetHints":{"allow":["GET"]}}],"collection":[{"href":"https:\/\/www.europesays.com\/fr\/wp-json\/wp\/v2\/posts"}],"about":[{"href":"https:\/\/www.europesays.com\/fr\/wp-json\/wp\/v2\/types\/post"}],"author":[{"embeddable":true,"href":"https:\/\/www.europesays.com\/fr\/wp-json\/wp\/v2\/users\/2"}],"replies":[{"embeddable":true,"href":"https:\/\/www.europesays.com\/fr\/wp-json\/wp\/v2\/comments?post=474726"}],"version-history":[{"count":0,"href":"https:\/\/www.europesays.com\/fr\/wp-json\/wp\/v2\/posts\/474726\/revisions"}],"wp:featuredmedia":[{"embeddable":true,"href":"https:\/\/www.europesays.com\/fr\/wp-json\/wp\/v2\/media\/474727"}],"wp:attachment":[{"href":"https:\/\/www.europesays.com\/fr\/wp-json\/wp\/v2\/media?parent=474726"}],"wp:term":[{"taxonomy":"category","embeddable":true,"href":"https:\/\/www.europesays.com\/fr\/wp-json\/wp\/v2\/categories?post=474726"},{"taxonomy":"post_tag","embeddable":true,"href":"https:\/\/www.europesays.com\/fr\/wp-json\/wp\/v2\/tags?post=474726"}],"curies":[{"name":"wp","href":"https:\/\/api.w.org\/{rel}","templated":true}]}}