{"id":47473,"date":"2025-04-23T20:39:10","date_gmt":"2025-04-23T20:39:10","guid":{"rendered":"https:\/\/www.europesays.com\/fr\/47473\/"},"modified":"2025-04-23T20:39:10","modified_gmt":"2025-04-23T20:39:10","slug":"moi-jadorerais-que-voila-qui-julie-zenatti-aimerait-voir-remporter-la-14e-saison-de-danse-avec-les-stars","status":"publish","type":"post","link":"https:\/\/www.europesays.com\/fr\/47473\/","title":{"rendered":"Moi, j&rsquo;adorerais que\u2026\u00a0\u00bb\u00a0: Voil\u00e0 qui Julie Zenatti aimerait voir remporter la 14e saison de \u00ab\u00a0Danse avec les stars"},"content":{"rendered":"<p class=\"ap-StoryElement ap-StoryElement--mb js-paywall-target ap-StoryText\">Ce vendredi, la chanteuse, aujourd&rsquo;hui \u00e2g\u00e9e de 44 ans, sort un nouvel album intitul\u00e9 Le Chemin et partira en tourn\u00e9e dans les \u00c9glises (Les 9, 10 et 11 mai en Belgique). Des projets qui ont failli ne pas voir le jour car l&rsquo;artiste a eu l&rsquo;envie de tout arr\u00eater. \u00ab\u00a0Apr\u00e8s ma tourn\u00e9e Des chansons, des souvenirs et des amis (en 2023 et 2024, NdlR.), j&rsquo;ai remerci\u00e9 le public. J&rsquo;avais l&rsquo;impression que j&rsquo;\u00e9tais arriv\u00e9e au bout de mon histoire avec lui, que je n&rsquo;avais plus rien \u00e0 donner. Je n&rsquo;ai jamais eu de plan de carri\u00e8re. Je laisse toujours l&rsquo;envie et la cr\u00e9ativit\u00e9 parler pour faire un album\u00a0\u00bb, confie-t-elle. \u00ab\u00a0Puis, on est venu me demander si j&rsquo;avais envie de chanter dans des \u00e9glises. Au d\u00e9part, j&rsquo;\u00e9tais un peu r\u00e9ticente parce que je ne voyais pas trop ma place, ma l\u00e9gitimit\u00e9, mon histoire, mon identit\u00e9 l\u00e0-dedans, puisque je ne suis pas de confession catholique. Mais, on m&rsquo;a expliqu\u00e9 que les lieux de culte avaient besoin aussi d&rsquo;un peu de culture pour pouvoir continuer d&rsquo;exister et que les portes restent ouvertes. J&rsquo;ai trouv\u00e9 plein de points communs entre le culte et la culture : le partage, la connexion entre les gens, l&rsquo;accueil, le recueil. J&rsquo;ai accept\u00e9 ce projet, mais je ne voulais pas y aller en faisant un best-of de mes pr\u00e9c\u00e9dents albums, parce que j&rsquo;avais l&rsquo;impression que ce n&rsquo;\u00e9tait pas forc\u00e9ment l&rsquo;endroit pour faire \u00e7a. J&rsquo;ai r\u00e9fl\u00e9chi \u00e0 la place que je voulais avoir dans ce lieu-l\u00e0 le temps d&rsquo;un soir et c&rsquo;est comme \u00e7a que j&rsquo;ai \u00e9crit Le Chemin.\u00a0\u00bb<\/p>\n<p><a href=\"https:\/\/www.dhnet.be\/medias\/television\/2025\/04\/22\/the-voice-un-super-coach-et-un-grand-artiste-seront-presents-pour-les-demi-finales-du-telecrochet-IAOZECEOBFABZOI5TXIRQ5G2A4\/\" target=\"_blank\" rel=\"noopener noreferrer nofollow\" class=\"ap-StoryInterstitialLink ap-StoryElement ap-StoryElement--mb\">The Voice : un \u00ab\u00a0Super Coach\u00a0\u00bb et un grand artiste seront pr\u00e9sents pour les demi-finales du t\u00e9l\u00e9crochet<\/a><\/p>\n<p class=\"ap-StoryElement ap-StoryElement--mb ap-StoryText\"><b>L&rsquo;\u00e9motion est-elle la m\u00eame dans une salle de concert et dans une \u00e9glise ?<\/b><\/p>\n<p class=\"ap-StoryElement ap-StoryElement--mb ap-StoryText\">\u00ab\u00a0J&rsquo;ai chant\u00e9 une fois dans une \u00e9glise et je peux vous dire que c&rsquo;est absolument diff\u00e9rent. Il y a une forme de solennit\u00e9. Il y a une autre \u00e9coute. Votre voix, vos mots r\u00e9sonnent dans les pierres et dans les histoires des autres, parce que ce sont des lieux qui sont charg\u00e9s d&rsquo;histoire, de gens et d&rsquo;\u00e2mes si on y croit.\u00a0\u00bb<\/p>\n<p class=\"ap-StoryElement ap-StoryElement--mb ap-StoryText\"><b>Que repr\u00e9sente le titre <\/b><b>Si je m&rsquo;en sors<\/b><b> pour vous ?<\/b><\/p>\n<p class=\"ap-StoryElement ap-StoryElement--mb ap-StoryText\">\u00ab\u00a0C&rsquo;est la premi\u00e8re chanson que j&rsquo;ai \u00e9crite et qui a connu le succ\u00e8s. Je l&rsquo;aime toujours autant, elle me parle toujours autant et surtout elle traverse les g\u00e9n\u00e9rations. C&rsquo;est un grand cadeau d&rsquo;avoir une chanson qui traverse le temps. Quand je la vois chant\u00e9e sur les The Voice et Star Academy, je suis extr\u00eamement \u00e9mue. Mais, aujourd&rsquo;hui, cette chanson, elle ne m&rsquo;appartient plus, elle appartient au public, m\u00eame si c&rsquo;est toujours mon histoire.\u00a0\u00bb<\/p>\n<p class=\"ap-StoryElement ap-StoryElement--mb ap-StoryText\"><b>Vous \u00e9voquez les t\u00e9l\u00e9crochets. Aimeriez-vous \u00eatre coach ?<\/b><\/p>\n<p class=\"ap-StoryElement ap-StoryElement--mb ap-StoryText\">\u00ab\u00a0Je l&rsquo;ai d\u00e9j\u00e0 fait, il y a des ann\u00e9es, dans X Factor. Depuis, on ne m&rsquo;a rien propos\u00e9 mais c&rsquo;est quelque chose que j&rsquo;aimerais refaire. Je pense qu&rsquo;aujourd&rsquo;hui, j&rsquo;ai la maturit\u00e9 et la d\u00e9licatesse n\u00e9cessaires pour pouvoir accompagner des gens dans cette passion-l\u00e0.\u00a0\u00bb<\/p>\n<p><a href=\"https:\/\/www.dhnet.be\/medias\/musique\/2025\/04\/22\/helena-bailly-lance-sa-tournee-entouree-dune-tete-bien-connue-de-la-star-ac-on-a-vraiment-eu-une-connexion-O7RP2OR355GPJPTI7Q2T2ABITQ\/\" target=\"_blank\" rel=\"noopener noreferrer nofollow\" class=\"ap-StoryInterstitialLink ap-StoryElement ap-StoryElement--mb\">Helena Bailly lance sa tourn\u00e9e, entour\u00e9e d&rsquo;une t\u00eate bien connue de la Star Ac&rsquo;: \u00ab\u00a0On a vraiment eu une connexion\u00a0\u00bb<\/a><\/p>\n<p class=\"ap-StoryElement ap-StoryElement--mb ap-StoryText\"><b>Vous aviez 17 ans lorsque Notre-Dame de Paris vous a r\u00e9v\u00e9l\u00e9 au grand public. Comment avez-vous v\u00e9cu cette notori\u00e9t\u00e9 ?<\/b><\/p>\n<p class=\"ap-StoryElement ap-StoryElement--mb ap-StoryText\">\u00ab\u00a0Je l&rsquo;ai v\u00e9cu comme une exp\u00e9rience et comme une aventure. Je ne savais pas que \u00e7a me conduirait justement sur ce chemin de la musique. Apr\u00e8s, ce qui est s\u00fbr, c&rsquo;est que je n&rsquo;ai pas eu la m\u00eame vie que les autres ados. Mais en m\u00eame temps, c&rsquo;\u00e9tait ma route. J&rsquo;ai toujours pris \u00e9norm\u00e9ment de plaisir. Je me suis toujours \u00e9panouie dans la musique. Donc, je n&rsquo;ai pas de regrets du tout.\u00a0\u00bb<\/p>\n<p class=\"ap-StoryElement ap-StoryElement--mb ap-StoryText\"><b>Pourriez-vous reparticiper \u00e0 une com\u00e9die musicale de cette ampleur aujourd&rsquo;hui ?<\/b><\/p>\n<p class=\"ap-StoryElement ap-StoryElement--mb ap-StoryText\">\u00ab\u00a0Non, ce n&rsquo;est pas s\u00fbr. J&rsquo;adore les premi\u00e8res fois. Notre-Dame, c&rsquo;\u00e9tait la premi\u00e8re fois. J&rsquo;ai envie que le souvenir reste intact tellement c&rsquo;\u00e9tait magique. Et, pour \u00eatre tout \u00e0 fait franche, j&rsquo;ai deux enfants. Je ne me verrais pas ne pas \u00eatre l\u00e0 tous les soirs.\u00a0\u00bb<\/p>\n<p class=\"ap-StoryElement ap-StoryElement--mb ap-StoryText\"><b>On a r\u00e9cemment vu vos exploits dans <\/b><b>Danse avec les stars<\/b><b>. Qu&rsquo;est-ce qui vous a motiv\u00e9 \u00e0 participer \u00e0 cette exp\u00e9rience ?<\/b><\/p>\n<p class=\"ap-StoryElement ap-StoryElement--mb ap-StoryText\">\u00ab\u00a0Une forme d&rsquo;inconscience. (rires) Ce n&rsquo;est pas la premi\u00e8re fois qu&rsquo;on me propose et j&rsquo;ai toujours refus\u00e9. Et l\u00e0, je me suis dit : Pourquoi pas ? Est-ce que \u00e7a ne serait pas int\u00e9ressant de se mettre en d\u00e9s\u00e9quilibre, d&rsquo;explorer quelque chose de nouveau ? J&rsquo;en ai parl\u00e9 \u00e0 mes enfants qui trouvaient \u00e7a tr\u00e8s rigolo. J&rsquo;y suis all\u00e9e et je me suis laiss\u00e9e prendre par cette aventure humaine. Je ne regrette pas une demi-seconde.\u00a0\u00bb<\/p>\n<p><a href=\"https:\/\/www.dhnet.be\/lifestyle\/magazine\/2025\/04\/21\/stars-a-domicile-bientot-de-retour-voici-les-artistes-pressentis-pour-les-premiers-episodes-W4LZ7Q2R4NGX5GC4VNJL4SINXM\/\" target=\"_blank\" rel=\"noopener noreferrer nofollow\" class=\"ap-StoryInterstitialLink ap-StoryElement ap-StoryElement--mb\">\u00ab\u00a0Stars \u00e0 domicile\u00a0\u00bb bient\u00f4t de retour : voici les artistes pressentis pour les premiers \u00e9pisodes !<\/a><\/p>\n<p class=\"ap-StoryElement ap-StoryElement--mb ap-StoryText\"><b>Ressortez-vous chang\u00e9e de cette aventure ?<\/b><\/p>\n<p class=\"ap-StoryElement ap-StoryElement--mb ap-StoryText\">\u00ab\u00a0Oui, clairement. C&rsquo;est la premi\u00e8re fois qu&rsquo;on me donnait autant d&rsquo;amour sans que j&rsquo;ai un micro \u00e0 la main. C&rsquo;est assez \u00e9trange, hormis de mes enfants et ma famille, de recevoir autant de bienveillance et d&rsquo;amour. Je n&rsquo;\u00e9tais pas du tout habitu\u00e9e \u00e0 \u00e7a. C&rsquo;est tr\u00e8s d\u00e9routant.\u00a0\u00bb<\/p>\n<p class=\"ap-StoryElement ap-StoryElement--mb ap-StoryText\"><b>Est-ce que cette exp\u00e9rience vous a donn\u00e9 envie de danser davantage ?<\/b><\/p>\n<p class=\"ap-StoryElement ap-StoryElement--mb ap-StoryText\">\u00ab\u00a0J&rsquo;ai toujours un peu dans\u00e9 sur sc\u00e8ne. \u00c9videmment, pas en faisant des paso-doble et des cha-cha-cha. Mais en tout cas, \u00e7a m&rsquo;a surtout r\u00e9concili\u00e9e avec mon corps en tant que maman de deux enfants. \u00c7a m&rsquo;a r\u00e9concili\u00e9e aussi avec une forme de s\u00e9duction. J&rsquo;ai r\u00e9ussi \u00e0 m&rsquo;enlever de la t\u00eate qu&rsquo;une femme de mon \u00e2ge n&rsquo;avait pas forc\u00e9ment le droit d&rsquo;\u00eatre un peu sexy, d&rsquo;\u00eatre un peu d\u00e9sirable. En fait, il n&rsquo;y a pas d&rsquo;\u00e2ge pour \u00e7a, finalement. DALS m&rsquo;a permis de renouer avec une forme de f\u00e9minit\u00e9.\u00a0\u00bb<\/p>\n<p class=\"ap-StoryElement ap-StoryElement--mb ap-StoryText\"><b>Lequel des trois finalistes aimeriez-vous voir remporter la finale ?<\/b><\/p>\n<p class=\"ap-StoryElement ap-StoryElement--mb ap-StoryText\">\u00ab\u00a0Tous les trois auraient des raisons de gagner. Mais, j&rsquo;adorerais que \u00e7a soit L\u00e9nie qui gagne parce que dans nos m\u00e9tiers, on a besoin de petites victoires. On a besoin de troph\u00e9es pour se sentir l\u00e9gitime et pour avoir l&rsquo;impression d&rsquo;avoir une place. Elle ne l&rsquo;a pas eu \u00e0 la Star Ac donc, \u00e7a serait cool qu&rsquo;elle l&rsquo;ait l\u00e0. On a beaucoup de points communs elle et moi, de blessures communes. Et, c&rsquo;est probablement ce qui nous fait chanter. Elle, en plus, \u00e7a la fait danser ! Et, je peux vous dire que c&rsquo;est absolument merveilleux quand elle danse.\u00a0\u00bb<\/p>\n<p><a href=\"https:\/\/www.dhnet.be\/medias\/television\/2025\/04\/20\/louane-realise-le-reve-de-sa-maman-en-participant-a-leurovision-je-pense-vraiment-quon-a-nos-chances-avec-cette-chanson-C5O4LMJVEJFOZOWIRTU3JGAGJE\/\" target=\"_blank\" rel=\"noopener noreferrer nofollow\" class=\"ap-StoryInterstitialLink ap-StoryElement ap-StoryElement--mb\">Louane r\u00e9alise le r\u00eave de sa maman en participant \u00e0 l&rsquo;Eurovision : \u00ab\u00a0Je pense vraiment qu&rsquo;on a nos chances avec cette chanson\u00a0\u00bb<\/a><\/p>\n","protected":false},"excerpt":{"rendered":"Ce vendredi, la chanteuse, aujourd&rsquo;hui \u00e2g\u00e9e de 44 ans, sort un nouvel album intitul\u00e9 Le Chemin et partira&hellip;\n","protected":false},"author":2,"featured_media":47474,"comment_status":"","ping_status":"","sticky":false,"template":"","format":"standard","meta":{"footnotes":""},"categories":[1355],"tags":[58,59,1011,27,1361,873,13775],"class_list":{"0":"post-47473","1":"post","2":"type-post","3":"status-publish","4":"format-standard","5":"has-post-thumbnail","7":"category-musique","8":"tag-divertissement","9":"tag-entertainment","10":"tag-fr","11":"tag-france","12":"tag-music","13":"tag-musique","14":"tag-off"},"share_on_mastodon":{"url":"https:\/\/pubeurope.com\/@fr\/114389212446037362","error":""},"_links":{"self":[{"href":"https:\/\/www.europesays.com\/fr\/wp-json\/wp\/v2\/posts\/47473","targetHints":{"allow":["GET"]}}],"collection":[{"href":"https:\/\/www.europesays.com\/fr\/wp-json\/wp\/v2\/posts"}],"about":[{"href":"https:\/\/www.europesays.com\/fr\/wp-json\/wp\/v2\/types\/post"}],"author":[{"embeddable":true,"href":"https:\/\/www.europesays.com\/fr\/wp-json\/wp\/v2\/users\/2"}],"replies":[{"embeddable":true,"href":"https:\/\/www.europesays.com\/fr\/wp-json\/wp\/v2\/comments?post=47473"}],"version-history":[{"count":0,"href":"https:\/\/www.europesays.com\/fr\/wp-json\/wp\/v2\/posts\/47473\/revisions"}],"wp:featuredmedia":[{"embeddable":true,"href":"https:\/\/www.europesays.com\/fr\/wp-json\/wp\/v2\/media\/47474"}],"wp:attachment":[{"href":"https:\/\/www.europesays.com\/fr\/wp-json\/wp\/v2\/media?parent=47473"}],"wp:term":[{"taxonomy":"category","embeddable":true,"href":"https:\/\/www.europesays.com\/fr\/wp-json\/wp\/v2\/categories?post=47473"},{"taxonomy":"post_tag","embeddable":true,"href":"https:\/\/www.europesays.com\/fr\/wp-json\/wp\/v2\/tags?post=47473"}],"curies":[{"name":"wp","href":"https:\/\/api.w.org\/{rel}","templated":true}]}}