{"id":474730,"date":"2025-10-19T12:05:12","date_gmt":"2025-10-19T12:05:12","guid":{"rendered":"https:\/\/www.europesays.com\/fr\/474730\/"},"modified":"2025-10-19T12:05:12","modified_gmt":"2025-10-19T12:05:12","slug":"une-femme-de-24-ans-tuee-a-larme-blanche-a-grenoble-sa-voisine-placee-en-garde-a-vue","status":"publish","type":"post","link":"https:\/\/www.europesays.com\/fr\/474730\/","title":{"rendered":"Une femme de 24 ans tu\u00e9e \u00e0 l&rsquo;arme blanche \u00e0 Grenoble, sa voisine plac\u00e9e en garde \u00e0 vue"},"content":{"rendered":"<p>\n    Alert\u00e9s samedi soir, les pompiers ont retrouv\u00e9 la victime gisante dans un appartement situ\u00e9 \u00e0 l\u2019ouest de la ville.<\/p>\n<p class=\"fig-paragraph\">Une femme de 24 ans a \u00e9t\u00e9 tu\u00e9e d&rsquo;un coup de couteau samedi soir \u00e0\u00a0<a href=\"http:\/\/www.lefigaro.fr\/faits-divers\/narcotrafic-a-grenoble-une-tour-d-un-quartier-sensible-entierement-passee-au-crible-par-400-policiers-20251015\" data-fig-type=\"NewsFlash\" data-gtm-custom-categorie=\"navigation\" data-gtm-custom-action=\"crossclick\" data-gtm-custom-label=\"Contextuel\" data-gtm-event=\"customEventSPE\" data-fig-domain=\"LEFIGARO\" target=\"_blank\" rel=\"noopener\">Grenoble<\/a>\u00a0lors d&rsquo;un probable diff\u00e9rend de voisinage et une suspecte a \u00e9t\u00e9 interpell\u00e9e puis plac\u00e9e en garde \u00e0 vue, a-t-on appris dimanche aupr\u00e8s du parquet de la ville.<\/p>\n<p class=\"fig-paragraph\">\u00abLa suspecte n&rsquo;a pas encore \u00e9t\u00e9 entendue et la t\u00e9moin, qui est la m\u00e8re de la victime, \u00e9tait trop choqu\u00e9e pour l&rsquo;\u00eatre\u00bb, a pr\u00e9cis\u00e9 \u00e0 l&rsquo;AFP le procureur-adjoint Fran\u00e7ois Touret de Coucy, confirmant une information du quotidien r\u00e9gional Le Dauphin\u00e9 Lib\u00e9r\u00e9.<\/p>\n<p>                                    <a class=\"fig-a11y-skip a11y-hidden\" href=\"#fig-a11y-skip-main-inarticle\"><br \/>\n        Passer la publicit\u00e9<br \/>\n    <\/a><\/p>\n<p class=\"fig-paragraph\">Alert\u00e9s vers 20H30 samedi, les pompiers ont retrouv\u00e9 la victime gisante dans un appartement situ\u00e9 dans le quartier Chorier-Berriat, \u00e0 l&rsquo;ouest de la ville, gravement bless\u00e9e avec\u00abune plaie au niveau du coeur et au moins une au visage\u00bb. La jeune femme d\u00e9c\u00e8de malgr\u00e9 les premiers soins des secouristes, a ajout\u00e9 le magistrat.<\/p>\n<p>Une victime connue des services de police<\/p>\n<p class=\"fig-paragraph\">Sur place, un couteau \u00e0 steak ensanglant\u00e9 a \u00e9t\u00e9 retrouv\u00e9 sur le plan de travail de la cuisine, a-t-il aussi pr\u00e9cis\u00e9 \u00e0 l&rsquo;AFP.<\/p>\n<p class=\"fig-paragraph\">Une voisine de la victime, \u00e2g\u00e9e de 20 ans et soup\u00e7onn\u00e9e d&rsquo;avoir port\u00e9 le ou les coups de couteau, a \u00e9t\u00e9 interpell\u00e9e par la police puis plac\u00e9e en garde \u00e0 vue, selon la m\u00eame source. Un litige entre deux familles dont celle de la victime, habitant le m\u00eame immeuble, pourrait \u00eatre \u00e0 l&rsquo;origine du diff\u00e9rend.<\/p>\n<p class=\"fig-paragraph\">La victime est connue de la justice apr\u00e8s une condamnation en 2020 \u00e0 une peine de sursis dans une affaire de sup\u00e9fiants tandis que la suspecte a fait l&rsquo;objet d&rsquo;un rappel \u00e0 la loi en 2021 pour violence sur mineur de 15 ans, selon la m\u00eame source.<\/p>\n","protected":false},"excerpt":{"rendered":"Alert\u00e9s samedi soir, les pompiers ont retrouv\u00e9 la victime gisante dans un appartement situ\u00e9 \u00e0 l\u2019ouest de la&hellip;\n","protected":false},"author":2,"featured_media":474731,"comment_status":"","ping_status":"","sticky":false,"template":"","format":"standard","meta":{"footnotes":""},"categories":[9566],"tags":[1111,11,14118,2430,1777,674,1011,27,2731,12,25],"class_list":{"0":"post-474730","1":"post","2":"type-post","3":"status-publish","4":"format-standard","5":"has-post-thumbnail","7":"category-grenoble","8":"tag-actu","9":"tag-actualites","10":"tag-attaque-au-couteau","11":"tag-auvergne-rhone-alpes","12":"tag-eu","13":"tag-europe","14":"tag-fr","15":"tag-france","16":"tag-grenoble","17":"tag-news","18":"tag-republique-francaise"},"share_on_mastodon":{"url":"https:\/\/pubeurope.com\/@fr\/115400744994794620","error":""},"_links":{"self":[{"href":"https:\/\/www.europesays.com\/fr\/wp-json\/wp\/v2\/posts\/474730","targetHints":{"allow":["GET"]}}],"collection":[{"href":"https:\/\/www.europesays.com\/fr\/wp-json\/wp\/v2\/posts"}],"about":[{"href":"https:\/\/www.europesays.com\/fr\/wp-json\/wp\/v2\/types\/post"}],"author":[{"embeddable":true,"href":"https:\/\/www.europesays.com\/fr\/wp-json\/wp\/v2\/users\/2"}],"replies":[{"embeddable":true,"href":"https:\/\/www.europesays.com\/fr\/wp-json\/wp\/v2\/comments?post=474730"}],"version-history":[{"count":0,"href":"https:\/\/www.europesays.com\/fr\/wp-json\/wp\/v2\/posts\/474730\/revisions"}],"wp:featuredmedia":[{"embeddable":true,"href":"https:\/\/www.europesays.com\/fr\/wp-json\/wp\/v2\/media\/474731"}],"wp:attachment":[{"href":"https:\/\/www.europesays.com\/fr\/wp-json\/wp\/v2\/media?parent=474730"}],"wp:term":[{"taxonomy":"category","embeddable":true,"href":"https:\/\/www.europesays.com\/fr\/wp-json\/wp\/v2\/categories?post=474730"},{"taxonomy":"post_tag","embeddable":true,"href":"https:\/\/www.europesays.com\/fr\/wp-json\/wp\/v2\/tags?post=474730"}],"curies":[{"name":"wp","href":"https:\/\/api.w.org\/{rel}","templated":true}]}}