{"id":474734,"date":"2025-10-19T12:07:15","date_gmt":"2025-10-19T12:07:15","guid":{"rendered":"https:\/\/www.europesays.com\/fr\/474734\/"},"modified":"2025-10-19T12:07:15","modified_gmt":"2025-10-19T12:07:15","slug":"a-rennes-4-700-danseurs-a-yaouank-le-plus-grand-fest-noz-du-monde","status":"publish","type":"post","link":"https:\/\/www.europesays.com\/fr\/474734\/","title":{"rendered":"\u00c0 Rennes, 4\u00a0700 danseurs \u00e0 Yaouank le plus grand fest-noz du monde"},"content":{"rendered":"<p>Une fois de plus c\u2019est son c\u00e9l\u00e8bre plus grand fest-noz du monde qui a cl\u00f4tur\u00e9 les festivit\u00e9s avec plus de 4 700 danseurs r\u00e9unis. Une 26e \u00e9dition qui se tenait comme l\u2019an pass\u00e9 au Libert\u00e9, pour cause de travaux dans la traditionnelle salle du MasikHall du parc des expos. Au total une quinzaine de groupes et d\u2019artistes ont anim\u00e9 ce fest-noz hors norme dont les Sonerien Du, Denez Prigent &amp; O\u2019Tridal ou encore Modkozmik &amp; le Bagad Cap Caval. De quoi faire vibrer les danseurs au son de la musique bretonne dans tous ses \u00e9tats jusqu\u2019au bout de ce marathon musical de plus de 12 heures.<\/p>\n<p><img decoding=\"async\" src=\"https:\/\/www.europesays.com\/fr\/wp-content\/uploads\/2025\/10\/68f4cf5cb51ee049c30482e8.1.jpeg\" width=\"480\" height=\"300\" class=\"web_golden_m\" loading=\"lazy\" alt=\"\u00c0 Rennes, 4\u00a0700 danseurs \u00e0 Yaouank le plus grand fest-noz du monde\"\/> (Le T\u00e9l\u00e9gramme\/Erwan Miloux)Une nouvelle forme pour Yaouank ?<\/p>\n<p>Malgr\u00e9 cette \u00ab r\u00e9ussite populaire et interg\u00e9n\u00e9rationnelle \u00bb, les organisateurs constatent \u00e9galement une l\u00e9g\u00e8re baisse de la fr\u00e9quentation (7 400 spectateurs du 6 au 18 octobre dont 4 700 pour le grand fest-noz, contre respectivement 9 000 et 5 400 spectateurs en 2024). Un retrait qui pourrait \u00eatre li\u00e9 au changement de date de l\u2019\u00e9v\u00e8nement avanc\u00e9 cette ann\u00e9e d\u2019un mois en raison des disponibilit\u00e9s de la salle de spectacle. Les responsables s\u2019interrogent aussi sur l\u2019avenir de ce rendez-vous de la culture bretonne : \u00ab Dans un contexte sociopolitique tendu, le festival n\u2019atteint que partiellement ses objectifs, questionnant sa forme pour les ann\u00e9es \u00e0 venir \u00bb. Alors une nouvelle formule en perspective ? En tout cas le nouveau rendez-vous est d\u00e9j\u00e0 pris pour la prochaine \u00e9dition de Yaouank en novembre 2026.<\/p>\n","protected":false},"excerpt":{"rendered":"Une fois de plus c\u2019est son c\u00e9l\u00e8bre plus grand fest-noz du monde qui a cl\u00f4tur\u00e9 les festivit\u00e9s avec&hellip;\n","protected":false},"author":2,"featured_media":474735,"comment_status":"","ping_status":"","sticky":false,"template":"","format":"standard","meta":{"footnotes":""},"categories":[2821],"tags":[1111,11,829,765,1777,674,1011,27,848,12,584,25],"class_list":{"0":"post-474734","1":"post","2":"type-post","3":"status-publish","4":"format-standard","5":"has-post-thumbnail","7":"category-rennes","8":"tag-actu","9":"tag-actualites","10":"tag-bretagne","11":"tag-en-continu","12":"tag-eu","13":"tag-europe","14":"tag-fr","15":"tag-france","16":"tag-ille-et-vilaine","17":"tag-news","18":"tag-rennes","19":"tag-republique-francaise"},"share_on_mastodon":{"url":"https:\/\/pubeurope.com\/@fr\/115400752738341201","error":""},"_links":{"self":[{"href":"https:\/\/www.europesays.com\/fr\/wp-json\/wp\/v2\/posts\/474734","targetHints":{"allow":["GET"]}}],"collection":[{"href":"https:\/\/www.europesays.com\/fr\/wp-json\/wp\/v2\/posts"}],"about":[{"href":"https:\/\/www.europesays.com\/fr\/wp-json\/wp\/v2\/types\/post"}],"author":[{"embeddable":true,"href":"https:\/\/www.europesays.com\/fr\/wp-json\/wp\/v2\/users\/2"}],"replies":[{"embeddable":true,"href":"https:\/\/www.europesays.com\/fr\/wp-json\/wp\/v2\/comments?post=474734"}],"version-history":[{"count":0,"href":"https:\/\/www.europesays.com\/fr\/wp-json\/wp\/v2\/posts\/474734\/revisions"}],"wp:featuredmedia":[{"embeddable":true,"href":"https:\/\/www.europesays.com\/fr\/wp-json\/wp\/v2\/media\/474735"}],"wp:attachment":[{"href":"https:\/\/www.europesays.com\/fr\/wp-json\/wp\/v2\/media?parent=474734"}],"wp:term":[{"taxonomy":"category","embeddable":true,"href":"https:\/\/www.europesays.com\/fr\/wp-json\/wp\/v2\/categories?post=474734"},{"taxonomy":"post_tag","embeddable":true,"href":"https:\/\/www.europesays.com\/fr\/wp-json\/wp\/v2\/tags?post=474734"}],"curies":[{"name":"wp","href":"https:\/\/api.w.org\/{rel}","templated":true}]}}