{"id":474736,"date":"2025-10-19T12:09:18","date_gmt":"2025-10-19T12:09:18","guid":{"rendered":"https:\/\/www.europesays.com\/fr\/474736\/"},"modified":"2025-10-19T12:09:18","modified_gmt":"2025-10-19T12:09:18","slug":"doue-barcola-ramos-les-chiffres-cles-apres-psg-rcsa","status":"publish","type":"post","link":"https:\/\/www.europesays.com\/fr\/474736\/","title":{"rendered":"Dou\u00e9, Barcola, Ramos&#8230; Les chiffres cl\u00e9s apr\u00e8s PSG \/ RCSA"},"content":{"rendered":"<p><img width=\"700\" height=\"350\" src=\"https:\/\/www.europesays.com\/fr\/wp-content\/uploads\/2025\/10\/PSG-Joie-3.jpg\" class=\"attachment-jannah-image-post size-jannah-image-post wp-post-image\" alt=\"Psg joie\" is_main_img=\"1\" decoding=\"async\" fetchpriority=\"high\"  \/><br \/>\n Image :<br \/>\nPSG.fr<\/p>\n<p>Vendredi soir, le PSG a conc\u00e9d\u00e9 un match nul spectaculaire<br \/>\ncontre Strasbourg au Parc des Princes (3-3). Retour en chiffres sur<br \/>\ncette rencontre contre les Alsaciens.<\/p>\n<p>Pour son retour \u00e0 la comp\u00e9tition, le <strong>PSG<\/strong><br \/>\nrecevait \u2013 au <strong>Parc des Princes<\/strong> \u2013<br \/>\n<strong>Strasbourg<\/strong> vendredi soir dans le cadre du choc de<br \/>\nla huiti\u00e8me journ\u00e9e de <strong>Ligue 1<\/strong>. Durant cette<br \/>\nrencontre, <strong>Bradley Barcola<\/strong> a ouvert le score.<br \/>\nDepuis son arriv\u00e9e \u00e0 <strong>Paris<\/strong>, l\u2019international<br \/>\nfran\u00e7ais est le joueur parisien actuel \u00e0 avoir le plus souvent<br \/>\nouvert le score toutes comp\u00e9titions confondues (12 fois), devant<br \/>\nson comp\u00e8re <strong>Ousmane Demb\u00e9l\u00e9<\/strong> (11), indique le club<br \/>\nde la capitale sur son <a href=\"https:\/\/www.psg.fr\/content\/stats-facts-retour-sur-la-folle-rencontre-face-au-rc-strasbourg-alsace-paris-saint-germain-ligue-1-20252026\" target=\"_blank\" rel=\"noopener nofollow\" title=\"\">site internet<\/a>.<\/p>\n<p>A voir aussi : <a href=\"https:\/\/canal-supporters.com\/dans-un-match-spectaculaire-le-psg-et-strasbourg-se-quittent-sur-un-nul-3-3\/\" title=\"\" rel=\"nofollow noopener\" target=\"_blank\">Dans un match spectaculaire, le PSG et Strasbourg se<br \/>\nquittent sur un nul (3-3)<\/a><\/p>\n<p><a href=\"https:\/\/x.com\/CanalSupporters\" target=\"_blank\" rel=\"noopener nofollow\" title=\"\">canalsupporters.com<\/a><\/p>\n<p>D\u00e9sir\u00e9 Dou\u00e9<br \/>\nimpliqu\u00e9 sur 25 buts en Ligue 1 avec le PSG<\/p>\n<p>De retour \u00e0 la comp\u00e9tition contre les<br \/>\nStrasbourgeois,\u00a0<strong><a href=\"https:\/\/canal-supporters.com\/patrick-vieira-desire-doue-est-le-meilleur-jeune-joueur-deurope\/\" rel=\"nofollow noopener\" target=\"_blank\">D\u00e9sir\u00e9<br \/>\nDou\u00e9<\/a><\/strong>\u00a0a \u00e9t\u00e9 passeur d\u00e9cisif sur le premier but du<br \/>\nPSG. Il est d\u00e9sormais impliqu\u00e9 sur 25 buts en Ligue 1 (13 buts, 12<br \/>\npasses).\u00a0L\u2019ancien Rennais est ainsi devenu le premier joueur<br \/>\nn\u00e9 en 2004 ou apr\u00e8s \u00e0 atteindre ce cap dans l\u2019\u00e9lite. Buteur sur<br \/>\npenalty, <strong><a href=\"https:\/\/canal-supporters.com\/psg-strasbourg-les-notes-des-parisiens-dans-la-presse-2\/\" title=\"\" rel=\"nofollow noopener\" target=\"_blank\">Gon\u00e7alo Ramos<\/a><\/strong> a marqu\u00e9 ses sept derniers buts<br \/>\nen <strong>Ligue 1<\/strong> en tant que titulaire. Le num\u00e9ro 9 du<br \/>\n<strong>PSG<\/strong> avait inscrit ses quatre derniers buts en tant<br \/>\nque rempla\u00e7ant. Enfin <strong>Senny Mayulu<\/strong>, auteur du but<br \/>\n\u00e9galisateur, a fait trembler les filets pour la neuvi\u00e8me fois avec<br \/>\nl\u2019\u00e9quipe premi\u00e8re du <strong>PSG<\/strong>. Il est devenu le second<br \/>\njoueur n\u00e9 en 2006 ou apr\u00e8s le plus prolifique avec un club du Top 5<br \/>\neurop\u00e9en.<\/p><\/p>\n","protected":false},"excerpt":{"rendered":"Image : PSG.fr Vendredi soir, le PSG a conc\u00e9d\u00e9 un match nul spectaculaire contre Strasbourg au Parc des&hellip;\n","protected":false},"author":2,"featured_media":471535,"comment_status":"","ping_status":"","sticky":false,"template":"","format":"standard","meta":{"footnotes":""},"categories":[2820],"tags":[57392,1111,11,12460,9707,81,787,1640,1643,1777,674,1011,27,86,775,57393,66,1611,1612,12,626,91,92,93,50653,57394,57395,20338,25,1615,640,96],"class_list":{"0":"post-474736","1":"post","2":"type-post","3":"status-publish","4":"format-standard","5":"has-post-thumbnail","7":"category-strasbourg","8":"tag-8e-journee","9":"tag-actu","10":"tag-actualites","11":"tag-barcola","12":"tag-bradley-barcola","13":"tag-canal-supporters","14":"tag-cs","15":"tag-desire-doue","16":"tag-doue","17":"tag-eu","18":"tag-europe","19":"tag-fr","20":"tag-france","21":"tag-goncalo-ramos","22":"tag-grand-est","23":"tag-huitieme-journee","24":"tag-ligue-1","25":"tag-ligue-1-macdonalds","26":"tag-mayulu","27":"tag-news","28":"tag-paris","29":"tag-paris-saint-germain","30":"tag-paris-sg","31":"tag-psg","32":"tag-psg-strasbourg","33":"tag-psg-rcsa","34":"tag-psgrcsa","35":"tag-ramos","36":"tag-republique-francaise","37":"tag-senny-mayulu","38":"tag-strasbourg","39":"tag-une"},"share_on_mastodon":{"url":"https:\/\/pubeurope.com\/@fr\/115400761178014610","error":""},"_links":{"self":[{"href":"https:\/\/www.europesays.com\/fr\/wp-json\/wp\/v2\/posts\/474736","targetHints":{"allow":["GET"]}}],"collection":[{"href":"https:\/\/www.europesays.com\/fr\/wp-json\/wp\/v2\/posts"}],"about":[{"href":"https:\/\/www.europesays.com\/fr\/wp-json\/wp\/v2\/types\/post"}],"author":[{"embeddable":true,"href":"https:\/\/www.europesays.com\/fr\/wp-json\/wp\/v2\/users\/2"}],"replies":[{"embeddable":true,"href":"https:\/\/www.europesays.com\/fr\/wp-json\/wp\/v2\/comments?post=474736"}],"version-history":[{"count":0,"href":"https:\/\/www.europesays.com\/fr\/wp-json\/wp\/v2\/posts\/474736\/revisions"}],"wp:featuredmedia":[{"embeddable":true,"href":"https:\/\/www.europesays.com\/fr\/wp-json\/wp\/v2\/media\/471535"}],"wp:attachment":[{"href":"https:\/\/www.europesays.com\/fr\/wp-json\/wp\/v2\/media?parent=474736"}],"wp:term":[{"taxonomy":"category","embeddable":true,"href":"https:\/\/www.europesays.com\/fr\/wp-json\/wp\/v2\/categories?post=474736"},{"taxonomy":"post_tag","embeddable":true,"href":"https:\/\/www.europesays.com\/fr\/wp-json\/wp\/v2\/tags?post=474736"}],"curies":[{"name":"wp","href":"https:\/\/api.w.org\/{rel}","templated":true}]}}