{"id":474741,"date":"2025-10-19T12:12:15","date_gmt":"2025-10-19T12:12:15","guid":{"rendered":"https:\/\/www.europesays.com\/fr\/474741\/"},"modified":"2025-10-19T12:12:15","modified_gmt":"2025-10-19T12:12:15","slug":"le-rugby-a-xiii-reunit-toutes-les-generations-et-les-genres-a-nantes-sport","status":"publish","type":"post","link":"https:\/\/www.europesays.com\/fr\/474741\/","title":{"rendered":"Le rugby \u00e0 XIII r\u00e9unit toutes les g\u00e9n\u00e9rations et les genres \u00e0 Nantes . Sport"},"content":{"rendered":"<p>Pour sa deuxi\u00e8me ann\u00e9e d\u2019existence, le club a d\u00e9cid\u00e9 d\u2019\u00e9tendre ses activit\u00e9s. Sp\u00e9cialiste du rugby \u00e0 XIII, le club proposait d\u00e9j\u00e0 des activit\u00e9s de Babyrugby (sport de motricit\u00e9 d\u00e8s 3\u00a0ans) et du Silver XIII.<\/p>\n<p>Sport adapt\u00e9 \u00e0 tous<\/p>\n<p>D\u00e9velopp\u00e9e en lien avec la maison de quartier Nant\u2019Est Botti\u00e8re Chenaie, cette proposition de sport adapt\u00e9 au plus de 57\u00a0ans a tout de suite rencontr\u00e9 son public. Permettant de travailler la motricit\u00e9, il permet aux seniors de se d\u00e9penser sans aucun choc.<\/p>\n<p>Pour compl\u00e9ter ces propositions, le club a \u00e9galement ouvert une section de rugby \u00e0 XIII Touch Mixte. \u00a0C\u2019est un concept qui vient d\u2019Australie\u00a0, expliquer Erwan Bonami, pr\u00e9sident du NLR. \u00a0Nous sommes le cinqui\u00e8me club de la r\u00e9gion \u00e0 proposer cette activit\u00e9. C\u2019est tr\u00e8s cardio et cela reprend quasiment toutes les r\u00e8gles du rugby \u00e0 XIII sauf le placage\u00a0.<\/p>\n<p>Jou\u00e9 en mixte<\/p>\n<p>Jou\u00e9e en mixte, cette activit\u00e9 a attir\u00e9 des adultes qui sont venus jouer avec leurs ados. \u00a0Arriv\u00e9s \u00e0 l\u2019adolescence, la diff\u00e9rence de force physique rend difficile le rugby \u00e0 XIII classique en format mixte notamment du fait du placage. Sans celui-ci, les jeunes filles continuent plus volontiers l\u2019activit\u00e9\u00a0\u00bb.<\/p>\n<p>Les matchs se jouent contre des \u00e9quipes de la r\u00e9gion et les entra\u00eenements ont lieu les mardis et samedis soirs.<\/p>\n<p>Complexe sportif de la No\u00e9 Lambert, Boulevard des Poilus, 44\u00a0000\u00a0NantesSecretariat.nlrxiii@gmail.com<\/p>\n<p>\u00a0<\/p>\n","protected":false},"excerpt":{"rendered":"Pour sa deuxi\u00e8me ann\u00e9e d\u2019existence, le club a d\u00e9cid\u00e9 d\u2019\u00e9tendre ses activit\u00e9s. Sp\u00e9cialiste du rugby \u00e0 XIII, le&hellip;\n","protected":false},"author":2,"featured_media":474742,"comment_status":"","ping_status":"","sticky":false,"template":"","format":"standard","meta":{"footnotes":""},"categories":[2818],"tags":[1111,11,3809,1465,1777,674,63,1011,27,1792,1922,766,12,2636,25,479,517,1470],"class_list":{"0":"post-474741","1":"post","2":"type-post","3":"status-publish","4":"format-standard","5":"has-post-thumbnail","7":"category-nantes","8":"tag-actu","9":"tag-actualites","10":"tag-ball","11":"tag-basket","12":"tag-eu","13":"tag-europe","14":"tag-football","15":"tag-fr","16":"tag-france","17":"tag-handball","18":"tag-info","19":"tag-nantes","20":"tag-news","21":"tag-pays-de-la-loire","22":"tag-republique-francaise","23":"tag-rugby","24":"tag-sport","25":"tag-volley"},"share_on_mastodon":{"url":"https:\/\/pubeurope.com\/@fr\/115400772573870666","error":""},"_links":{"self":[{"href":"https:\/\/www.europesays.com\/fr\/wp-json\/wp\/v2\/posts\/474741","targetHints":{"allow":["GET"]}}],"collection":[{"href":"https:\/\/www.europesays.com\/fr\/wp-json\/wp\/v2\/posts"}],"about":[{"href":"https:\/\/www.europesays.com\/fr\/wp-json\/wp\/v2\/types\/post"}],"author":[{"embeddable":true,"href":"https:\/\/www.europesays.com\/fr\/wp-json\/wp\/v2\/users\/2"}],"replies":[{"embeddable":true,"href":"https:\/\/www.europesays.com\/fr\/wp-json\/wp\/v2\/comments?post=474741"}],"version-history":[{"count":0,"href":"https:\/\/www.europesays.com\/fr\/wp-json\/wp\/v2\/posts\/474741\/revisions"}],"wp:featuredmedia":[{"embeddable":true,"href":"https:\/\/www.europesays.com\/fr\/wp-json\/wp\/v2\/media\/474742"}],"wp:attachment":[{"href":"https:\/\/www.europesays.com\/fr\/wp-json\/wp\/v2\/media?parent=474741"}],"wp:term":[{"taxonomy":"category","embeddable":true,"href":"https:\/\/www.europesays.com\/fr\/wp-json\/wp\/v2\/categories?post=474741"},{"taxonomy":"post_tag","embeddable":true,"href":"https:\/\/www.europesays.com\/fr\/wp-json\/wp\/v2\/tags?post=474741"}],"curies":[{"name":"wp","href":"https:\/\/api.w.org\/{rel}","templated":true}]}}