{"id":474749,"date":"2025-10-19T12:16:10","date_gmt":"2025-10-19T12:16:10","guid":{"rendered":"https:\/\/www.europesays.com\/fr\/474749\/"},"modified":"2025-10-19T12:16:10","modified_gmt":"2025-10-19T12:16:10","slug":"un-homme-entre-la-vie-et-la-mort-apres-une-agression-au-couteau-dans-ce-quartier-de-toulouse","status":"publish","type":"post","link":"https:\/\/www.europesays.com\/fr\/474749\/","title":{"rendered":"Un homme entre la vie et la mort apr\u00e8s une agression au couteau dans ce quartier de Toulouse"},"content":{"rendered":"<p>            Par<br \/>\n        <strong><br \/>\n            <a href=\"https:\/\/actu.fr\/auteur\/marie-lamarque\" title=\"Consulter tous les articles de Marie Lamarque\" target=\"_blank\" rel=\"noopener\">Marie Lamarque<\/a><br \/>\n        <\/strong><\/p>\n<p>        Publi\u00e9 le<\/p>\n<p>            19 oct. 2025 \u00e0 12h49        <\/p>\n<p>Les circonstances sont encore floues autour de cette<strong> rixe qui a \u00e9clat\u00e9 dans la nuit<\/strong> du samedi 18 au dimanche 19 octobre 2025 <a href=\"https:\/\/actu.fr\/toulouse\/\" target=\"_blank\" rel=\"noopener\">\u00e0 Toulouse<\/a>. <strong>Un homme a \u00e9t\u00e9 agress\u00e9 \u00e0 coup de couteau<\/strong> dans le quartier de Bagatelle. <strong>Gravement bless\u00e9<\/strong>, son pronostic vital est engag\u00e9.<\/p>\n<p>L\u2019auteur en fuite<\/p>\n<p class=\" wall-content\">L\u2019agression est survenue aux alentours de 22h. L\u2019homme, \u00e2g\u00e9 de 41 ans, a \u00e9t\u00e9 <strong>bless\u00e9 par \u00ab\u00a0au moins un coup de couteau au thorax\u00a0\u00bb<\/strong>, indique une source polici\u00e8re \u00e0 Actu Toulouse. Il a \u00e9t\u00e9 \u00e9vacu\u00e9 vers le centre hospitalier de Purpan et \u00ab\u00a0n\u2019est pas connu des services\u00a0\u00bb.<\/p>\n<p class=\" wall-content\">L\u2019auteur, pour le moment non identifi\u00e9, a pris la fuite. Les forces de l\u2019ordre proc\u00e8dent aux constatations sur les lieux, ainsi qu\u2019\u00e0 l\u2019audition de t\u00e9moins.\u00a0<\/p>\n<p class=\" wall-content\">Aucun \u00e9l\u00e9ment ne laisse encore \u00e0 penser que cette bagarre serait li\u00e9e aux trafics de drogue dont ce quartier toulousain est victime.<\/p>\n<p class=\" wall-content\">Plus d\u2019informations \u00e0 venir.<\/p>\n<p>    <a href=\"https:\/\/www.google.com\/maps\/embed?pb=!1m18!1m12!1m3!1d38886.79160026573!2d1.3813576467423223!3d43.57992386513964!2m3!1f0!2f0!3f0!3m2!1i1024!2i768!4f13.1!3m3!1m2!1s0x12aebbae0db81d21%3A0xbc22bdc02771cf06!2sBagatelle%2C%2031100%20Toulouse!5e0!3m2!1sfr!2sfr!4v1760869929698!5m2!1sfr!2sfr\" title=\"Ouvrie le lien\" target=\"_blank\" rel=\"noopener\">Cliquez ici pour visualiser le contenu<\/a><\/p>\n<p class=\" wall-content\">Personnalisez votre actualit\u00e9 en ajoutant vos villes et m\u00e9dias en favori avec <a href=\"https:\/\/moncompte.actu.fr\" title=\"D\u00e9couvez Mon Actu\" rel=\"nofollow noopener\" data-trk=\"{&quot;cta&quot;:{&quot;action&quot;:&quot;https:\\\/\\\/moncompte.actu.fr&quot;,&quot;category&quot;:&quot;mon compte&quot;,&quot;from&quot;:&quot;article footer&quot;,&quot;name&quot;:&quot;Mon actu&quot;,&quot;type&quot;:&quot;cta&quot;}}\" target=\"_blank\">Mon Actu<\/a>.<\/p>\n","protected":false},"excerpt":{"rendered":"Par Marie Lamarque Publi\u00e9 le 19 oct. 2025 \u00e0 12h49 Les circonstances sont encore floues autour de cette&hellip;\n","protected":false},"author":2,"featured_media":474750,"comment_status":"","ping_status":"","sticky":false,"template":"","format":"standard","meta":{"footnotes":""},"categories":[2816],"tags":[1111,11,1777,674,118,1011,27,12,2680,1072,25,2312],"class_list":{"0":"post-474749","1":"post","2":"type-post","3":"status-publish","4":"format-standard","5":"has-post-thumbnail","7":"category-toulouse","8":"tag-actu","9":"tag-actualites","10":"tag-eu","11":"tag-europe","12":"tag-faits-divers","13":"tag-fr","14":"tag-france","15":"tag-news","16":"tag-occitanie","17":"tag-police","18":"tag-republique-francaise","19":"tag-toulouse"},"share_on_mastodon":{"url":"https:\/\/pubeurope.com\/@fr\/115400788228853499","error":""},"_links":{"self":[{"href":"https:\/\/www.europesays.com\/fr\/wp-json\/wp\/v2\/posts\/474749","targetHints":{"allow":["GET"]}}],"collection":[{"href":"https:\/\/www.europesays.com\/fr\/wp-json\/wp\/v2\/posts"}],"about":[{"href":"https:\/\/www.europesays.com\/fr\/wp-json\/wp\/v2\/types\/post"}],"author":[{"embeddable":true,"href":"https:\/\/www.europesays.com\/fr\/wp-json\/wp\/v2\/users\/2"}],"replies":[{"embeddable":true,"href":"https:\/\/www.europesays.com\/fr\/wp-json\/wp\/v2\/comments?post=474749"}],"version-history":[{"count":0,"href":"https:\/\/www.europesays.com\/fr\/wp-json\/wp\/v2\/posts\/474749\/revisions"}],"wp:featuredmedia":[{"embeddable":true,"href":"https:\/\/www.europesays.com\/fr\/wp-json\/wp\/v2\/media\/474750"}],"wp:attachment":[{"href":"https:\/\/www.europesays.com\/fr\/wp-json\/wp\/v2\/media?parent=474749"}],"wp:term":[{"taxonomy":"category","embeddable":true,"href":"https:\/\/www.europesays.com\/fr\/wp-json\/wp\/v2\/categories?post=474749"},{"taxonomy":"post_tag","embeddable":true,"href":"https:\/\/www.europesays.com\/fr\/wp-json\/wp\/v2\/tags?post=474749"}],"curies":[{"name":"wp","href":"https:\/\/api.w.org\/{rel}","templated":true}]}}