{"id":47475,"date":"2025-04-23T20:40:12","date_gmt":"2025-04-23T20:40:12","guid":{"rendered":"https:\/\/www.europesays.com\/fr\/47475\/"},"modified":"2025-04-23T20:40:12","modified_gmt":"2025-04-23T20:40:12","slug":"un-documentaire-engage-sur-sainte-soline-et-notre-dame-des-landes-corealise-par-un-thouarsais","status":"publish","type":"post","link":"https:\/\/www.europesays.com\/fr\/47475\/","title":{"rendered":"un documentaire engag\u00e9 sur Sainte-Soline et Notre-Dame-des-Landes cor\u00e9alis\u00e9 par un Thouarsais"},"content":{"rendered":"<p>C\u2019est un moment rare que s\u2019appr\u00eate \u00e0 accueillir le cin\u00e9ma Le Kiosque de Thouars. Dimanche 11\u00a0mai, \u00e0 16\u00a0h, le film documentaire Direct Action (sorti en 2024), cor\u00e9alis\u00e9 par le Franco-Allemand Guillaume Cailleau et l\u2019Am\u00e9ricain Ben Russell, sera diffus\u00e9 sur l\u2019un des \u00e9crans du multiplexe thouarsais et suivi d\u2019un d\u00e9bat en pr\u00e9sence du premier nomm\u00e9.<\/p>\n<p>Un ours d\u2019argent au festival de Berlin<\/p>\n<p>Ce film, d\u2019une dur\u00e9e de 3\u00a0h\u00a030 et qui tire son titre d\u2019une strat\u00e9gie d\u2019action militante et contestataire, est issu d\u2019une immersion au c\u0153ur des luttes \u00e9cologistes les plus embl\u00e9matiques de ces derni\u00e8res ann\u00e9es, \u00e0 Notre-Dame-des-Landes et \u00e0 Sainte-Soline. Il s\u2019agit d\u2019un portrait de la plus importante communaut\u00e9 activiste et militante de France, selon l\u2019encyclop\u00e9die en ligne Wikip\u00e9dia.<\/p>\n<p>\u00c0 Thouars, Guillaume Cailleau ne sera pas en terre inconnue. N\u00e9 \u00e0 Saumur en 1978, il est en effet originaire du Thouarsais et a obtenu un dipl\u00f4me d\u2019ing\u00e9nieur \u00e0 Nantes avant de s\u2019installer en Allemagne, o\u00f9 il a poursuivi ses \u00e9tudes \u00e0 l\u2019universit\u00e9 des arts de Berlin. \u00c0 la fois artiste, r\u00e9alisateur et producteur, il a notamment obtenu un ours d\u2019argent en 2014 au c\u00e9l\u00e8bre festival du film de Berlin pour l\u2019un de ses nombreux courts m\u00e9trages, intitul\u00e9 Laborat.<\/p>\n","protected":false},"excerpt":{"rendered":"C\u2019est un moment rare que s\u2019appr\u00eate \u00e0 accueillir le cin\u00e9ma Le Kiosque de Thouars. Dimanche 11\u00a0mai, \u00e0 16\u00a0h,&hellip;\n","protected":false},"author":2,"featured_media":47476,"comment_status":"","ping_status":"","sticky":false,"template":"","format":"standard","meta":{"footnotes":""},"categories":[1354],"tags":[1392,650,2545,58,59,436,1346,1011,27,1393,500,1360,2665],"class_list":{"0":"post-47475","1":"post","2":"type-post","3":"status-publish","4":"format-standard","5":"has-post-thumbnail","7":"category-films","8":"tag-a-la-une-local","9":"tag-cinema","10":"tag-deux-sevres","11":"tag-divertissement","12":"tag-entertainment","13":"tag-environnement","14":"tag-films","15":"tag-fr","16":"tag-france","17":"tag-loisirs","18":"tag-medias","19":"tag-movies","20":"tag-thouars"},"share_on_mastodon":{"url":"https:\/\/pubeurope.com\/@fr\/114389216481755230","error":""},"_links":{"self":[{"href":"https:\/\/www.europesays.com\/fr\/wp-json\/wp\/v2\/posts\/47475","targetHints":{"allow":["GET"]}}],"collection":[{"href":"https:\/\/www.europesays.com\/fr\/wp-json\/wp\/v2\/posts"}],"about":[{"href":"https:\/\/www.europesays.com\/fr\/wp-json\/wp\/v2\/types\/post"}],"author":[{"embeddable":true,"href":"https:\/\/www.europesays.com\/fr\/wp-json\/wp\/v2\/users\/2"}],"replies":[{"embeddable":true,"href":"https:\/\/www.europesays.com\/fr\/wp-json\/wp\/v2\/comments?post=47475"}],"version-history":[{"count":0,"href":"https:\/\/www.europesays.com\/fr\/wp-json\/wp\/v2\/posts\/47475\/revisions"}],"wp:featuredmedia":[{"embeddable":true,"href":"https:\/\/www.europesays.com\/fr\/wp-json\/wp\/v2\/media\/47476"}],"wp:attachment":[{"href":"https:\/\/www.europesays.com\/fr\/wp-json\/wp\/v2\/media?parent=47475"}],"wp:term":[{"taxonomy":"category","embeddable":true,"href":"https:\/\/www.europesays.com\/fr\/wp-json\/wp\/v2\/categories?post=47475"},{"taxonomy":"post_tag","embeddable":true,"href":"https:\/\/www.europesays.com\/fr\/wp-json\/wp\/v2\/tags?post=47475"}],"curies":[{"name":"wp","href":"https:\/\/api.w.org\/{rel}","templated":true}]}}