{"id":474757,"date":"2025-10-19T12:21:12","date_gmt":"2025-10-19T12:21:12","guid":{"rendered":"https:\/\/www.europesays.com\/fr\/474757\/"},"modified":"2025-10-19T12:21:12","modified_gmt":"2025-10-19T12:21:12","slug":"meteo-dans-les-bouches-du-rhone-la-prefecture-met-en-garde-contre-ce-phenomene-dangereux","status":"publish","type":"post","link":"https:\/\/www.europesays.com\/fr\/474757\/","title":{"rendered":"M\u00e9t\u00e9o dans les Bouches-du-Rh\u00f4ne. La pr\u00e9fecture met en garde contre ce ph\u00e9nom\u00e8ne \u00ab\u2009dangereux\u2009\u00bb"},"content":{"rendered":"<p>            Par<br \/>\n        <strong><br \/>\n            <a href=\"https:\/\/actu.fr\/auteur\/fabien-binacchi\" title=\"Consulter tous les articles de Fabien Binacchi\" target=\"_blank\" rel=\"noopener\">Fabien Binacchi<\/a><br \/>\n        <\/strong><\/p>\n<p>        Publi\u00e9 le<\/p>\n<p>            19 oct. 2025 \u00e0 14h03        <\/p>\n<p>Un d\u00e9but des vacances de la Toussaint agit\u00e9 sur le front de la m\u00e9t\u00e9o. Alors que <a href=\"https:\/\/actu.fr\/provence-alpes-cote-d-azur\/marseille_13055\/meteo-dans-les-bouches-du-rhone-changement-de-temps-radical-pour-les-vacances-les-previsions_63306820.html\" target=\"_blank\" rel=\"noopener\">de la pluie est annonc\u00e9e,<\/a> notamment \u00e0 <a href=\"https:\/\/actu.fr\/marseille\/\" target=\"_blank\" rel=\"noopener\">Marseille,<\/a> dans les jours \u00e0 venir, la pr\u00e9fecture des <a href=\"https:\/\/actu.fr\/provence-alpes-cote-d-azur\/bouches-du-rhone_13\" target=\"_blank\" rel=\"noopener\">Bouches-du-Rh\u00f4ne<\/a> met \u00e9galement en garde contre un ph\u00e9nom\u00e8ne \u00ab\u2009dangereux\u2009\u00bb \u00e0 craindre <strong>d\u00e8s ce dimanche 19\u00a0octobre<\/strong> sur une partie du d\u00e9partement.<\/p>\n<p>Attention aux vagues<\/p>\n<p class=\" wall-content\">Une forte houle est attendue. \u00ab\u2009M\u00e9t\u00e9o-France annonce un ph\u00e9nom\u00e8ne de vagues dangereuses <strong>pouvant atteindre 1,5m<\/strong> d\u00e8s 20h ce dimanche 19\u00a0octobre et jusqu\u2019\u00e0 12h ce lundi 20\u00a0octobre\u2009\u00bb, font ainsi savoir les services de l\u2019\u00c9tat.<\/p>\n<p class=\" wall-content\">Et c\u2019est sur l\u2019ouest des Bouches-du-Rh\u00f4ne que les d\u00e9ferlantes seront le plus impressionnantes. Les autorit\u00e9s \u00e9voquent la partie du littoral comprise <strong>entre les Saintes-Maries-de-la-Mer et Port-Saint-Louis-du-Rh\u00f4ne.<\/strong><\/p>\n<p class=\" wall-content\">\n<p>Les recommandations de la pr\u00e9fecture<\/p>\n<p class=\" wall-content\">Dans ce secteur, et pour la s\u00e9curit\u00e9 de tous, la pr\u00e9fecture recommande\u2009:<\/p>\n<ul class=\" wall-content\">\n<li>\u00c9vitez de circuler en bord de mer \u00e0 pied ou en voiture,<\/li>\n<li>Ne vous engagez pas sur les routes expos\u00e9es \u00e0 la houle ou d\u00e9j\u00e0 inond\u00e9es,<\/li>\n<li>\u00c9vitez de pratiquer la plong\u00e9e et la baignade,<\/li>\n<li>\u00c9vitez de pratiquer des loisirs nautiques car une \u00e9l\u00e9vation temporaire du niveau de la mer ou de fortes vagues sont susceptibles de provoquer des envahissements c\u00f4tiers,<\/li>\n<li>\u00c9vitez de sortir en mer.<\/li>\n<\/ul>\n<p class=\" wall-content\">Personnalisez votre actualit\u00e9 en ajoutant vos villes et m\u00e9dias en favori avec <a href=\"https:\/\/moncompte.actu.fr\" title=\"D\u00e9couvez Mon Actu\" rel=\"nofollow noopener\" data-trk=\"{&quot;cta&quot;:{&quot;action&quot;:&quot;https:\\\/\\\/moncompte.actu.fr&quot;,&quot;category&quot;:&quot;mon compte&quot;,&quot;from&quot;:&quot;article footer&quot;,&quot;name&quot;:&quot;Mon actu&quot;,&quot;type&quot;:&quot;cta&quot;}}\" target=\"_blank\">Mon Actu<\/a>.<\/p>\n","protected":false},"excerpt":{"rendered":"Par Fabien Binacchi Publi\u00e9 le 19 oct. 2025 \u00e0 14h03 Un d\u00e9but des vacances de la Toussaint agit\u00e9&hellip;\n","protected":false},"author":2,"featured_media":474758,"comment_status":"","ping_status":"","sticky":false,"template":"","format":"standard","meta":{"footnotes":""},"categories":[2814],"tags":[1111,11,1777,674,1011,27,884,6127,2487,2357,12,8302,882,25],"class_list":{"0":"post-474757","1":"post","2":"type-post","3":"status-publish","4":"format-standard","5":"has-post-thumbnail","7":"category-marseille","8":"tag-actu","9":"tag-actualites","10":"tag-eu","11":"tag-europe","12":"tag-fr","13":"tag-france","14":"tag-marseille","15":"tag-mer","16":"tag-meteo","17":"tag-meteo-france","18":"tag-news","19":"tag-plages","20":"tag-provence-alpes-cote-dazur","21":"tag-republique-francaise"},"share_on_mastodon":{"url":"https:\/\/pubeurope.com\/@fr\/115400807836843365","error":""},"_links":{"self":[{"href":"https:\/\/www.europesays.com\/fr\/wp-json\/wp\/v2\/posts\/474757","targetHints":{"allow":["GET"]}}],"collection":[{"href":"https:\/\/www.europesays.com\/fr\/wp-json\/wp\/v2\/posts"}],"about":[{"href":"https:\/\/www.europesays.com\/fr\/wp-json\/wp\/v2\/types\/post"}],"author":[{"embeddable":true,"href":"https:\/\/www.europesays.com\/fr\/wp-json\/wp\/v2\/users\/2"}],"replies":[{"embeddable":true,"href":"https:\/\/www.europesays.com\/fr\/wp-json\/wp\/v2\/comments?post=474757"}],"version-history":[{"count":0,"href":"https:\/\/www.europesays.com\/fr\/wp-json\/wp\/v2\/posts\/474757\/revisions"}],"wp:featuredmedia":[{"embeddable":true,"href":"https:\/\/www.europesays.com\/fr\/wp-json\/wp\/v2\/media\/474758"}],"wp:attachment":[{"href":"https:\/\/www.europesays.com\/fr\/wp-json\/wp\/v2\/media?parent=474757"}],"wp:term":[{"taxonomy":"category","embeddable":true,"href":"https:\/\/www.europesays.com\/fr\/wp-json\/wp\/v2\/categories?post=474757"},{"taxonomy":"post_tag","embeddable":true,"href":"https:\/\/www.europesays.com\/fr\/wp-json\/wp\/v2\/tags?post=474757"}],"curies":[{"name":"wp","href":"https:\/\/api.w.org\/{rel}","templated":true}]}}