{"id":474759,"date":"2025-10-19T12:22:09","date_gmt":"2025-10-19T12:22:09","guid":{"rendered":"https:\/\/www.europesays.com\/fr\/474759\/"},"modified":"2025-10-19T12:22:09","modified_gmt":"2025-10-19T12:22:09","slug":"gardes-a-vue-levees-pour-les-cinq-algeriens-proches-du-suspect","status":"publish","type":"post","link":"https:\/\/www.europesays.com\/fr\/474759\/","title":{"rendered":"gardes \u00e0 vue lev\u00e9es pour les cinq Alg\u00e9riens proches du suspect"},"content":{"rendered":"<p itemprop=\"description\"><strong>Les auditions n&rsquo;ont rien donn\u00e9.<\/strong><\/p>\n<p>Interpell\u00e9es mercredi et plac\u00e9es en garde \u00e0 vue dans le cadre de l&rsquo;enqu\u00eate sur le meurtre d&rsquo;Ashur Sarnaya \u00e0 Lyon, les cinq personnes ont \u00e9t\u00e9 laiss\u00e9es libres sans poursuite.<\/p>\n<p>Ces individus, de nationalit\u00e9 alg\u00e9rienne et en situation irr\u00e9guli\u00e8re en France, avaient \u00e9t\u00e9 identifi\u00e9s comme \u00e9tant en lien avec le principal suspect de l&rsquo;affaire, un Alg\u00e9rien arr\u00eat\u00e9 en Italie le 2 octobre dernier.<\/p>\n<p>Les enqu\u00eateurs voulaient v\u00e9rifier s&rsquo;ils avaient pu l&rsquo;aider dans la r\u00e9alisation de son meurtre, ou dans sa cavale \u00e0 l&rsquo;\u00e9tranger, puisqu&rsquo;ils avaient d\u00e9termin\u00e9 qu&rsquo;ils avaient \u00e9chang\u00e9 avec lui autour du 10 septembre, date \u00e0 laquelle il aurait tu\u00e9 Ashur Sarnaya.<\/p>\n<p>Le motif exact de son passage \u00e0 l&rsquo;acte reste flou. Ashur Sarnaya, chr\u00e9tien irakien en fauteuil roulant, avait \u00e9t\u00e9 poignard\u00e9 au cou le 10 septembre dernier alors qu&rsquo;il \u00e9tait en live sur TikTok en bas de son immeuble de la rue Sergent Michel Berthet dans le 9e arrondissement de Lyon. Le quadrag\u00e9naire partageait sur les r\u00e9seaux sociaux des contenus en lien avec sa foi chr\u00e9tienne. Ce qui lui valait d&rsquo;\u00eatre parfois menac\u00e9 sur TikTok.<\/p>\n<p>Le suspect, toujours d\u00e9tenu en Italie, est au centre d&rsquo;une enqu\u00eate pour assassinat en relation avec une entreprise terroriste.<\/p>\n","protected":false},"excerpt":{"rendered":"Les auditions n&rsquo;ont rien donn\u00e9. Interpell\u00e9es mercredi et plac\u00e9es en garde \u00e0 vue dans le cadre de l&rsquo;enqu\u00eate&hellip;\n","protected":false},"author":2,"featured_media":474760,"comment_status":"","ping_status":"","sticky":false,"template":"","format":"standard","meta":{"footnotes":""},"categories":[1889],"tags":[1111,11,2813,2190,2430,1109,251,1112,2811,1777,674,118,1011,27,1922,1110,1114,2428,2810,12,241,316,25,2812,517,800],"class_list":{"0":"post-474759","1":"post","2":"type-post","3":"status-publish","4":"format-standard","5":"has-post-thumbnail","7":"category-lyon","8":"tag-actu","9":"tag-actualites","10":"tag-article","11":"tag-asvel","12":"tag-auvergne-rhone-alpes","13":"tag-breves","14":"tag-culture","15":"tag-depeches","16":"tag-economique","17":"tag-eu","18":"tag-europe","19":"tag-faits-divers","20":"tag-fr","21":"tag-france","22":"tag-info","23":"tag-informations","24":"tag-infos","25":"tag-lyon","26":"tag-lyonmag","27":"tag-news","28":"tag-ol","29":"tag-politique","30":"tag-republique-francaise","31":"tag-sociale","32":"tag-sport","33":"tag-transports"},"share_on_mastodon":{"url":"https:\/\/pubeurope.com\/@fr\/115400811877153721","error":""},"_links":{"self":[{"href":"https:\/\/www.europesays.com\/fr\/wp-json\/wp\/v2\/posts\/474759","targetHints":{"allow":["GET"]}}],"collection":[{"href":"https:\/\/www.europesays.com\/fr\/wp-json\/wp\/v2\/posts"}],"about":[{"href":"https:\/\/www.europesays.com\/fr\/wp-json\/wp\/v2\/types\/post"}],"author":[{"embeddable":true,"href":"https:\/\/www.europesays.com\/fr\/wp-json\/wp\/v2\/users\/2"}],"replies":[{"embeddable":true,"href":"https:\/\/www.europesays.com\/fr\/wp-json\/wp\/v2\/comments?post=474759"}],"version-history":[{"count":0,"href":"https:\/\/www.europesays.com\/fr\/wp-json\/wp\/v2\/posts\/474759\/revisions"}],"wp:featuredmedia":[{"embeddable":true,"href":"https:\/\/www.europesays.com\/fr\/wp-json\/wp\/v2\/media\/474760"}],"wp:attachment":[{"href":"https:\/\/www.europesays.com\/fr\/wp-json\/wp\/v2\/media?parent=474759"}],"wp:term":[{"taxonomy":"category","embeddable":true,"href":"https:\/\/www.europesays.com\/fr\/wp-json\/wp\/v2\/categories?post=474759"},{"taxonomy":"post_tag","embeddable":true,"href":"https:\/\/www.europesays.com\/fr\/wp-json\/wp\/v2\/tags?post=474759"}],"curies":[{"name":"wp","href":"https:\/\/api.w.org\/{rel}","templated":true}]}}