{"id":474768,"date":"2025-10-19T12:28:11","date_gmt":"2025-10-19T12:28:11","guid":{"rendered":"https:\/\/www.europesays.com\/fr\/474768\/"},"modified":"2025-10-19T12:28:11","modified_gmt":"2025-10-19T12:28:11","slug":"300-pannes-dascenseur-en-six-ans-a-paris-des-locataires-en-fauteuil-roulant-attaquent-leur-bailleur","status":"publish","type":"post","link":"https:\/\/www.europesays.com\/fr\/474768\/","title":{"rendered":"\u00ab\u00a0300 pannes d\u2019ascenseur en six ans\u00a0\u00bb\u00a0: \u00e0 Paris, des locataires en fauteuil roulant attaquent leur bailleur"},"content":{"rendered":"<p class=\"paragraph text_align_left lp-f-body-02\">Quatre d\u2019entre eux, tous porteurs de handicap et contraints de se d\u00e9placer en fauteuil roulant, disent vivre un calvaire en raison de <a href=\"https:\/\/www.leparisien.fr\/hauts-de-seine-92\/a-nanterre-le-combo-panne-dascenseur-et-canicule-epuise-les-habitants-le-sport-cest-dans-les-escaliers-03-07-2025-27ZH6EDLARFS3GDJLZ2W2C2TLQ.php\" target=\"_self\" rel=\"nofollow noopener\">pannes \u00e0 r\u00e9p\u00e9tition<\/a>. \u00ab Il y en a eu environ 300 en six ans \u00bb, comptabilise Otto, 36 ans, un locataire du premier \u00e9tage atteint de t\u00e9trapl\u00e9gie. \u00ab Avant chaque rendez-vous ou quand je dois prendre le train, je suis envahi par le stress \u00e0 l\u2019id\u00e9e de ne pas pouvoir descendre ou de rester coinc\u00e9 \u00bb, t\u00e9moigne Paul, 56 ans, habitant du troisi\u00e8me \u00e9tage.<\/p>\n","protected":false},"excerpt":{"rendered":"Quatre d\u2019entre eux, tous porteurs de handicap et contraints de se d\u00e9placer en fauteuil roulant, disent vivre un&hellip;\n","protected":false},"author":2,"featured_media":474769,"comment_status":"","ping_status":"","sticky":false,"template":"","format":"standard","meta":{"footnotes":""},"categories":[1888],"tags":[11,1777,674,1011,27,1944,12,626,25],"class_list":{"0":"post-474768","1":"post","2":"type-post","3":"status-publish","4":"format-standard","5":"has-post-thumbnail","7":"category-paris","8":"tag-actualites","9":"tag-eu","10":"tag-europe","11":"tag-fr","12":"tag-france","13":"tag-ma-ville","14":"tag-news","15":"tag-paris","16":"tag-republique-francaise"},"share_on_mastodon":{"url":"https:\/\/pubeurope.com\/@fr\/115400835528672549","error":""},"_links":{"self":[{"href":"https:\/\/www.europesays.com\/fr\/wp-json\/wp\/v2\/posts\/474768","targetHints":{"allow":["GET"]}}],"collection":[{"href":"https:\/\/www.europesays.com\/fr\/wp-json\/wp\/v2\/posts"}],"about":[{"href":"https:\/\/www.europesays.com\/fr\/wp-json\/wp\/v2\/types\/post"}],"author":[{"embeddable":true,"href":"https:\/\/www.europesays.com\/fr\/wp-json\/wp\/v2\/users\/2"}],"replies":[{"embeddable":true,"href":"https:\/\/www.europesays.com\/fr\/wp-json\/wp\/v2\/comments?post=474768"}],"version-history":[{"count":0,"href":"https:\/\/www.europesays.com\/fr\/wp-json\/wp\/v2\/posts\/474768\/revisions"}],"wp:featuredmedia":[{"embeddable":true,"href":"https:\/\/www.europesays.com\/fr\/wp-json\/wp\/v2\/media\/474769"}],"wp:attachment":[{"href":"https:\/\/www.europesays.com\/fr\/wp-json\/wp\/v2\/media?parent=474768"}],"wp:term":[{"taxonomy":"category","embeddable":true,"href":"https:\/\/www.europesays.com\/fr\/wp-json\/wp\/v2\/categories?post=474768"},{"taxonomy":"post_tag","embeddable":true,"href":"https:\/\/www.europesays.com\/fr\/wp-json\/wp\/v2\/tags?post=474768"}],"curies":[{"name":"wp","href":"https:\/\/api.w.org\/{rel}","templated":true}]}}