{"id":474786,"date":"2025-10-19T12:39:15","date_gmt":"2025-10-19T12:39:15","guid":{"rendered":"https:\/\/www.europesays.com\/fr\/474786\/"},"modified":"2025-10-19T12:39:15","modified_gmt":"2025-10-19T12:39:15","slug":"mort-de-sam-rivers-fondateur-et-bassiste-du-groupe-a-lage-de-48-ans","status":"publish","type":"post","link":"https:\/\/www.europesays.com\/fr\/474786\/","title":{"rendered":"mort de Sam Rivers, fondateur et bassiste du groupe, \u00e0 l\u2019\u00e2ge de 48\u00a0ans"},"content":{"rendered":"<p>        <img decoding=\"async\" loading=\"lazy\" src=\"https:\/\/www.europesays.com\/fr\/wp-content\/uploads\/2025\/10\/2eb8c40_upload-1-ha4gchvvea9o-afp-20100506-gyi0060366999-v1-highres-limpbizkitinconcert.jpg\"  width=\"728\" height=\"409\" alt=\"Sam Rivers, fondateur et bassiste de Limp Bizkit (\u00e0 gauche), est mort \u00e0 l\u2019\u00e2ge de 48\u00a0ans (photo d\u2019illustration lors d\u2019un concert \u00e0 New York en 2010)\"\/>  <\/p>\n<p>NEILSON BARNARD \/ Getty Images via AFP<\/p>\n<p>Sam Rivers, fondateur et bassiste de Limp Bizkit (\u00e0 gauche), est mort \u00e0 l\u2019\u00e2ge de 48\u00a0ans (photo d\u2019illustration lors d\u2019un concert \u00e0 New York en 2010)<\/p>\n<p class=\"asset asset-text\">MUSIQUE &#8211; \u00ab\u00a0Aujourd\u2019hui nous avons perdu notre fr\u00e8re.\u00a0\u00bb Le groupe de nu <a href=\"https:\/\/www.huffingtonpost.fr\/culture\/article\/gojira-nous-explique-comment-se-mettre-au-metal-quand-on-n-y-connait-rien-clx1_251401.html\" rel=\"nofollow noopener\" target=\"_blank\">metal<\/a> <a href=\"https:\/\/www.huffingtonpost.fr\/actualites\/article\/system-of-a-down-korn-slipknot-limp-bizkit-le-neo-metal-n-est-pas-mort-voici-pourquoi_54432.html\" rel=\"nofollow noopener\" target=\"_blank\">Limp Bizkit<\/a> a annonc\u00e9, samedi 18\u00a0octobre sur son compte Instagram, la disparition de son membre fondateur Sam Rivers. Le bassiste \u00e9tait \u00e2g\u00e9 de seulement 48\u00a0ans.<\/p>\n<p class=\"asset asset-text\">\u00ab\u00a0Sam Rivers n\u2019\u00e9tait pas seulement notre bassiste \u2013 il \u00e9tait de la pure magie\u00a0\u00bb, \u00e9crivent le chanteur du groupe Fred Durst, le guitariste Wes Borland, le batteur John Otto et DJ Lethal. \u00ab\u00a0Le pouls sous chaque chanson, le calme dans le chaos, l\u2019\u00e2me dans le son.\u00a0\u00bb<\/p>\n<p class=\"asset asset-text\">\u00ab\u00a0D\u00e8s la premi\u00e8re note que nous avons jou\u00e9e ensemble, Sam a apport\u00e9 une lumi\u00e8re et un rythme qui ne pourraient jamais \u00eatre remplac\u00e9s. Son talent \u00e9tait naturel, sa pr\u00e9sence inoubliable, son c\u0153ur \u00e9norme\u00a0\u00bb, ajoutent les membres de la formation qui ne r\u00e9v\u00e8lent pas les causes de la mort. \u00ab\u00a0Son esprit vivra \u00e9ternellement dans chaque groove, chaque \u00e9tape, chaque souvenir.\u00a0\u00bb<\/p>\n<p> La lecture de ce contenu est susceptible d\u2019entra\u00eener un d\u00e9p\u00f4t de cookies de la part de l\u2019op\u00e9rateur tiers qui l\u2019h\u00e9berge. Compte-tenu des choix que vous avez exprim\u00e9s en mati\u00e8re de d\u00e9p\u00f4t de cookies, nous avons bloqu\u00e9 l\u2019affichage de ce contenu. Si vous souhaitez y acc\u00e9der, vous devez accepter la cat\u00e9gorie de cookies \u201cContenus tiers\u201d en cliquant sur le bouton ci-dessous. <\/p>\n<p> Lire la Vid\u00e9o        <\/p>\n<p class=\"asset asset-text\">Le groupe Limp Bizkit a \u00e9t\u00e9 cr\u00e9\u00e9 en 1994\u00a0en Floride, par Fred Durst et Sam Rivers. Ce dernier pr\u00e9sente \u00e0 Fred son cousin John Otto qui devient le batteur de la nouvelle formation, tandis que Rob Waters est recrut\u00e9 comme guitariste. Ils seront rejoints deux ans plus tard par DJ Lethal et conna\u00eetront leurs premiers succ\u00e8s avec leur deuxi\u00e8me album Significant Other en 1999.<\/p>\n<p class=\"asset asset-text\">Tr\u00e8s populaire au tournant des ann\u00e9es 2000, Limp Bizkit est repr\u00e9sentant embl\u00e9matique du nu metal, m\u00e9lange de hip-hop et de metal.<\/p>\n<p class=\"asset asset-text\">\u00ab\u00a0Nous avons partag\u00e9 tant de moments &#8211; sauvages, silencieux, beaux &#8211; et chacun d\u2019entre eux comptait plus parce que Sam \u00e9tait l\u00e0 [\u2026]. Son esprit vivra \u00e9ternellement dans chaque groove, chaque \u00e9tape, chaque souvenir\u00a0\u00bb, ajoutent les quatre membres du groupe. \u00ab\u00a0On t\u2019aime Sam [\u2026]. Ta musique ne finit jamais.\u00a0\u00bb<\/p>\n","protected":false},"excerpt":{"rendered":"NEILSON BARNARD \/ Getty Images via AFP Sam Rivers, fondateur et bassiste de Limp Bizkit (\u00e0 gauche), est&hellip;\n","protected":false},"author":2,"featured_media":474787,"comment_status":"","ping_status":"","sticky":false,"template":"","format":"standard","meta":{"footnotes":""},"categories":[2],"tags":[11,251,1011,27,28629,4849,873,12,25],"class_list":{"0":"post-474786","1":"post","2":"type-post","3":"status-publish","4":"format-standard","5":"has-post-thumbnail","7":"category-actualites","8":"tag-actualites","9":"tag-culture","10":"tag-fr","11":"tag-france","12":"tag-metal","13":"tag-morts-en-2025","14":"tag-musique","15":"tag-news","16":"tag-republique-francaise"},"share_on_mastodon":{"url":"https:\/\/pubeurope.com\/@fr\/115400879136986149","error":""},"_links":{"self":[{"href":"https:\/\/www.europesays.com\/fr\/wp-json\/wp\/v2\/posts\/474786","targetHints":{"allow":["GET"]}}],"collection":[{"href":"https:\/\/www.europesays.com\/fr\/wp-json\/wp\/v2\/posts"}],"about":[{"href":"https:\/\/www.europesays.com\/fr\/wp-json\/wp\/v2\/types\/post"}],"author":[{"embeddable":true,"href":"https:\/\/www.europesays.com\/fr\/wp-json\/wp\/v2\/users\/2"}],"replies":[{"embeddable":true,"href":"https:\/\/www.europesays.com\/fr\/wp-json\/wp\/v2\/comments?post=474786"}],"version-history":[{"count":0,"href":"https:\/\/www.europesays.com\/fr\/wp-json\/wp\/v2\/posts\/474786\/revisions"}],"wp:featuredmedia":[{"embeddable":true,"href":"https:\/\/www.europesays.com\/fr\/wp-json\/wp\/v2\/media\/474787"}],"wp:attachment":[{"href":"https:\/\/www.europesays.com\/fr\/wp-json\/wp\/v2\/media?parent=474786"}],"wp:term":[{"taxonomy":"category","embeddable":true,"href":"https:\/\/www.europesays.com\/fr\/wp-json\/wp\/v2\/categories?post=474786"},{"taxonomy":"post_tag","embeddable":true,"href":"https:\/\/www.europesays.com\/fr\/wp-json\/wp\/v2\/tags?post=474786"}],"curies":[{"name":"wp","href":"https:\/\/api.w.org\/{rel}","templated":true}]}}