{"id":474798,"date":"2025-10-19T12:48:12","date_gmt":"2025-10-19T12:48:12","guid":{"rendered":"https:\/\/www.europesays.com\/fr\/474798\/"},"modified":"2025-10-19T12:48:12","modified_gmt":"2025-10-19T12:48:12","slug":"noemie-abgrall-de-retour-chez-les-pros-actualite","status":"publish","type":"post","link":"https:\/\/www.europesays.com\/fr\/474798\/","title":{"rendered":"No\u00e9mie Abgrall de retour chez les pros &#8211; Actualit\u00e9"},"content":{"rendered":"<p style=\"text-align: justify;\">Apr\u00e8s une ann\u00e9e dans la N1\u00a0de Ladynamips RVC,<strong>\u00a0<a href=\"https:\/\/www.directvelo.com\/coureur\/18109\/noemie-abgrall\" target=\"_blank\" rel=\"noopener\">No\u00e9mie Abgrall<\/a><\/strong> va retrouver le peloton pro en 2026. L&rsquo;ancienne soci\u00e9taire de Winspace s&rsquo;est engag\u00e9e avec la nouvelle formation Ma Petite Entreprise.\u00a0<\/p>\n<p>La Bretonne de 25 ans a remport\u00e9\u00a0cette ann\u00e9e le titre de Championne de France Amateurs. Elle a aussi gagn\u00e9 la\u00a0Classique du Val de Morteau, les Reines de la Cisse et une \u00e9tape du\u00a0Tour de Charente-Maritime o\u00f9 elle a fini 4e du g\u00e9n\u00e9ral.\u00a0<\/p>\n<p>Elle s&rsquo;est\u00a0par ailleurs class\u00e9e 2e de l&rsquo;Altitude Tour, de Paris-Bourges, du Grand Prix du Mont Pujols, de la Montoirienne, des Boucles de Seine-et-Marne et d&rsquo;une manche du Circuit des Plages Vend\u00e9ennes.<\/p>\n<p>En UCI, elle a fini 5e du R\u00e9gion Pays de la Loire Tour, 12e de la Mirabelle Classic, 15e de l&rsquo;Alpes Gr\u00e9sivaudan Classic, 19e du Kreiz Breizh Elites et de la Pointe du Raz Classic.<\/p>\n<p>No\u00e9mie Abgrall <strong><a href=\"https:\/\/www.directvelo.com\/equipe\/11164\/ma-petite-entreprise\" target=\"_blank\" rel=\"noopener\">est la sixi\u00e8me recrue de Ma Petite Entreprise<\/a>.\u00a0<\/strong><\/p>\n<p>Retrouvez tous les transferts f\u00e9minins de l&rsquo;intersaison 2025-2026\u00a0<a href=\"https:\/\/www.directvelo.com\/mutations\/2026#teams-women\" target=\"_blank\" rel=\"noopener\"><strong>en cliquant ici<\/strong><\/a>.<\/p>\n","protected":false},"excerpt":{"rendered":"Apr\u00e8s une ann\u00e9e dans la N1\u00a0de Ladynamips RVC,\u00a0No\u00e9mie Abgrall va retrouver le peloton pro en 2026. L&rsquo;ancienne soci\u00e9taire&hellip;\n","protected":false},"author":2,"featured_media":474799,"comment_status":"","ping_status":"","sticky":false,"template":"","format":"standard","meta":{"footnotes":""},"categories":[1411],"tags":[834,828,836,829,837,827,83,826,824,823,1154,207,814,817,815,816,822,821,832,211,839,1011,27,820,818,819,835,831,830,833,838,60,212,208,825],"class_list":{"0":"post-474798","1":"post","2":"type-post","3":"status-publish","4":"format-standard","5":"has-post-thumbnail","7":"category-cyclisme","8":"tag-attaque","9":"tag-belgique","10":"tag-braquet","11":"tag-bretagne","12":"tag-chute","13":"tag-competition","14":"tag-coupe-de-france","15":"tag-coureur","16":"tag-course-cyclisme","17":"tag-course-cycliste","18":"tag-cycling","19":"tag-cyclisme","20":"tag-direct","21":"tag-direct-velo","22":"tag-directvelo","23":"tag-directvelo-com","24":"tag-epreuve","25":"tag-epreuve-cycliste","26":"tag-federation-francaise-de-cyclisme","27":"tag-ffc","28":"tag-flandres","29":"tag-fr","30":"tag-france","31":"tag-live","32":"tag-live-course","33":"tag-live-epreuve","34":"tag-peloton","35":"tag-radio-peloton","36":"tag-radio-tour","37":"tag-ravitaillement","38":"tag-relance","39":"tag-sports","40":"tag-uci","41":"tag-velo","42":"tag-velos"},"share_on_mastodon":{"url":"https:\/\/pubeurope.com\/@fr\/115400913981313895","error":""},"_links":{"self":[{"href":"https:\/\/www.europesays.com\/fr\/wp-json\/wp\/v2\/posts\/474798","targetHints":{"allow":["GET"]}}],"collection":[{"href":"https:\/\/www.europesays.com\/fr\/wp-json\/wp\/v2\/posts"}],"about":[{"href":"https:\/\/www.europesays.com\/fr\/wp-json\/wp\/v2\/types\/post"}],"author":[{"embeddable":true,"href":"https:\/\/www.europesays.com\/fr\/wp-json\/wp\/v2\/users\/2"}],"replies":[{"embeddable":true,"href":"https:\/\/www.europesays.com\/fr\/wp-json\/wp\/v2\/comments?post=474798"}],"version-history":[{"count":0,"href":"https:\/\/www.europesays.com\/fr\/wp-json\/wp\/v2\/posts\/474798\/revisions"}],"wp:featuredmedia":[{"embeddable":true,"href":"https:\/\/www.europesays.com\/fr\/wp-json\/wp\/v2\/media\/474799"}],"wp:attachment":[{"href":"https:\/\/www.europesays.com\/fr\/wp-json\/wp\/v2\/media?parent=474798"}],"wp:term":[{"taxonomy":"category","embeddable":true,"href":"https:\/\/www.europesays.com\/fr\/wp-json\/wp\/v2\/categories?post=474798"},{"taxonomy":"post_tag","embeddable":true,"href":"https:\/\/www.europesays.com\/fr\/wp-json\/wp\/v2\/tags?post=474798"}],"curies":[{"name":"wp","href":"https:\/\/api.w.org\/{rel}","templated":true}]}}