{"id":474804,"date":"2025-10-19T12:51:13","date_gmt":"2025-10-19T12:51:13","guid":{"rendered":"https:\/\/www.europesays.com\/fr\/474804\/"},"modified":"2025-10-19T12:51:13","modified_gmt":"2025-10-19T12:51:13","slug":"cest-exceptionnel-la-halle-ouverte-de-plouye-en-lice-pour-le-prix-architecture-et-maitres-douvrage","status":"publish","type":"post","link":"https:\/\/www.europesays.com\/fr\/474804\/","title":{"rendered":"\u00ab\u00a0C\u2019est exceptionnel\u00a0\u00bb\u00a0: la halle ouverte de Plouy\u00e9 en lice pour le prix Architecture et Ma\u00eetres d\u2019Ouvrage"},"content":{"rendered":"<p>\u00ab\u00a0C\u2019est exceptionnel pour une commune comme Plouy\u00e9 d\u2019\u00eatre en concurrence avec des villes comme Paris ou Montpellier\u00a0!\u00a0\u00bb. Gr\u00e9gory Le Guillou, maire, ne cache pas joie et sa fiert\u00e9. La transformation de l\u2019ancienne \u00e9cole des filles en halle ouverte, figure en effet, parmi les quatre finalistes en lice pour le prix Architecture et Ma\u00eetres d\u2019Ouvrage (AMO) 2025, dans la cat\u00e9gorie de la \u00ab\u00a0plus belle m\u00e9tamorphose\u00a0\u00bb, qui distingue un projet de transformation architectural exceptionnel. Ses trois concurrents sont des projets port\u00e9s par de m\u00e9tropoles, b\u00e9n\u00e9ficiant de budgets incomparables (am\u00e9nagement du site de la Tour Eiffel, transformation d\u2018un garage en 63 logements collectifs \u00e0 Paris, transformation de l\u2019ancien conservatoire de musique de Montpellier).<\/p>\n<p>Redonner de l\u2019utilit\u00e9 \u00e0 l\u2019existant<\/p>\n<p>Port\u00e9 par l\u2019association Architecture et Ma\u00eetres d\u2019Ouvrage (AMO), le prix \u00e9ponyme valorise, chaque ann\u00e9e, des projets \u00ab\u00a0o\u00f9 la collaboration exemplaire entre architecte et ma\u00eetre d\u2019ouvrage sert activement les grandes transitions environnementales, sociale et territoriale\u00a0\u00bb. \u00ab\u00a0Le chantier a \u00e9t\u00e9 confi\u00e9 au cabinet BRA de Rennes tandis que la commune a assur\u00e9 la ma\u00eetrise d\u2019ouvrage. Ce sont les architectes qui ont candidat\u00e9\u00a0\u00bb, pr\u00e9cise Gr\u00e9gory Le Guillou.<\/p>\n<p><img decoding=\"async\" src=\"https:\/\/www.europesays.com\/fr\/wp-content\/uploads\/2025\/10\/68f49de00231c7826002b702.1.jpeg\" width=\"480\" height=\"300\" class=\"web_golden_m\" loading=\"lazy\" alt=\"\u00ab\u00a0C\u2019est d\u00e9j\u00e0 un exploit que d\u2019\u00eatre nomin\u00e9\u00a0\u00bb, souligne, avec enthousiasme Gr\u00e9gory Le Guillou, maire de Plouy\u00e9.\"\/>\u00ab\u00a0C\u2019est d\u00e9j\u00e0 un exploit que d\u2019\u00eatre nomin\u00e9\u00a0\u00bb, souligne, avec enthousiasme Gr\u00e9gory Le Guillou, maire de Plouy\u00e9. (Photo N.\u00a0C.)<\/p>\n<p>Le prix de la plus belle m\u00e9tamorphose, l\u2019un des six projets remarquables qui seront distingu\u00e9s par un jury d\u2019experts, salue la capacit\u00e9 \u00e0 redonner de l\u2019utilit\u00e9 \u00e0 l\u2019existant. \u00ab\u00a0Transformer plut\u00f4t que d\u00e9molir. R\u00e9v\u00e9ler plut\u00f4t qu\u2019effacer. Adapter, prolonger, magnifier l\u2019existant pour l\u2019inscrire dans une nouvelle \u00e9poque\u00a0\u00bb, d\u00e9taille l\u2019association sur son site internet.<\/p>\n<p>\u00ab\u00a0D\u00e9j\u00e0 un exploit que d\u2019\u00eatre nomin\u00e9\u00a0\u00bb<\/p>\n<p>C\u2019\u00e9tait pr\u00e9cis\u00e9ment l\u2019objectif de la r\u00e9habilitation de l\u2019ancienne \u00e9cole des filles et de sa transformation en une halle ouverte multifonctions destin\u00e9e, notamment, \u00e0 abriter les \u00e9v\u00e9nements festifs. Au-del\u00e0 de la pr\u00e9servation du patrimoine, le projet, conjugue valorisation de l\u2019ancien et innovation. Pour adapter le b\u00e2timent aux usages d\u2019un lieu culturel, l\u2019int\u00e9rieur a \u00e9t\u00e9 d\u00e9nud\u00e9 de ses cloisonnements et planchers, offrant un espace libre.<\/p>\n<p><a href=\"https:\/\/www.letelegramme.fr\/finistere\/plouye-29690\/a-plouye-lancienne-ecole-des-filles-qui-a-laisse-place-a-la-halle-ouverte-a-ete-inauguree-6685633.php\" target=\"_blank\" rel=\"noopener\">L\u2019inauguration a eu lieu il y a un an, le 18 octobre 2024<\/a>. \u00ab\u00a0Gr\u00e2ce \u00e0 la halle ouverte, nous disposons d\u2019un repli en cas de pluie. C\u2019est une tente en dur qui a accueilli deux fois le pardon, o\u00f9 pourront s\u2019installer le march\u00e9 de No\u00ebl et la kermesse de l\u2019\u00e9cole\u00a0\u00bb, indique l\u2019\u00e9dile.<\/p>\n<p>Si la r\u00e9alisation a d\u00e9j\u00e0 fait ses preuves, recevoir une distinction nationale serait \u00ab\u00a0la cerise sur le g\u00e2teau\u00a0\u00bb pour Plouy\u00e9, estime le maire, qui se rendra \u00e0 Paris le 3 novembre pour la r\u00e9v\u00e9lation des laur\u00e9ats. \u00ab\u00a0Peut-\u00eatre aurons-nous une bonne surprise. Mais c\u2019est d\u00e9j\u00e0 un exploit que d\u2019\u00eatre nomin\u00e9\u00a0\u00bb, souligne, avec enthousiasme, Gr\u00e9gory Le Guillou.<\/p>\n","protected":false},"excerpt":{"rendered":"\u00ab\u00a0C\u2019est exceptionnel pour une commune comme Plouy\u00e9 d\u2019\u00eatre en concurrence avec des villes comme Paris ou Montpellier\u00a0!\u00a0\u00bb. Gr\u00e9gory&hellip;\n","protected":false},"author":2,"featured_media":474805,"comment_status":"","ping_status":"","sticky":false,"template":"","format":"standard","meta":{"footnotes":""},"categories":[1358],"tags":[1350,1348,1384,1385,829,1386,58,59,1011,27,26041,59815,1352],"class_list":{"0":"post-474804","1":"post","2":"type-post","3":"status-publish","4":"format-standard","5":"has-post-thumbnail","7":"category-arts-et-design","8":"tag-architecture","9":"tag-arts","10":"tag-arts-and-design","11":"tag-arts-et-design","12":"tag-bretagne","13":"tag-design","14":"tag-divertissement","15":"tag-entertainment","16":"tag-fr","17":"tag-france","18":"tag-huelgoat","19":"tag-plouye","20":"tag-urbanisme"},"share_on_mastodon":{"url":"https:\/\/pubeurope.com\/@fr\/115400926286554054","error":""},"_links":{"self":[{"href":"https:\/\/www.europesays.com\/fr\/wp-json\/wp\/v2\/posts\/474804","targetHints":{"allow":["GET"]}}],"collection":[{"href":"https:\/\/www.europesays.com\/fr\/wp-json\/wp\/v2\/posts"}],"about":[{"href":"https:\/\/www.europesays.com\/fr\/wp-json\/wp\/v2\/types\/post"}],"author":[{"embeddable":true,"href":"https:\/\/www.europesays.com\/fr\/wp-json\/wp\/v2\/users\/2"}],"replies":[{"embeddable":true,"href":"https:\/\/www.europesays.com\/fr\/wp-json\/wp\/v2\/comments?post=474804"}],"version-history":[{"count":0,"href":"https:\/\/www.europesays.com\/fr\/wp-json\/wp\/v2\/posts\/474804\/revisions"}],"wp:featuredmedia":[{"embeddable":true,"href":"https:\/\/www.europesays.com\/fr\/wp-json\/wp\/v2\/media\/474805"}],"wp:attachment":[{"href":"https:\/\/www.europesays.com\/fr\/wp-json\/wp\/v2\/media?parent=474804"}],"wp:term":[{"taxonomy":"category","embeddable":true,"href":"https:\/\/www.europesays.com\/fr\/wp-json\/wp\/v2\/categories?post=474804"},{"taxonomy":"post_tag","embeddable":true,"href":"https:\/\/www.europesays.com\/fr\/wp-json\/wp\/v2\/tags?post=474804"}],"curies":[{"name":"wp","href":"https:\/\/api.w.org\/{rel}","templated":true}]}}