{"id":474806,"date":"2025-10-19T12:52:10","date_gmt":"2025-10-19T12:52:10","guid":{"rendered":"https:\/\/www.europesays.com\/fr\/474806\/"},"modified":"2025-10-19T12:52:10","modified_gmt":"2025-10-19T12:52:10","slug":"arudy-une-semaine-riche-en-evenements-a-la-librairie-la-curieuse","status":"publish","type":"post","link":"https:\/\/www.europesays.com\/fr\/474806\/","title":{"rendered":"Arudy\u00a0: une semaine riche en \u00e9v\u00e9nements \u00e0 la librairie La Curieuse"},"content":{"rendered":"<p>La librairie La Curieuse \u00e0 Arudy, toujours dynamique, s\u2019appr\u00eate \u00e0 vivre une semaine riche de plusieurs \u00e9v\u00e9nements, \u00e0 destination de diff\u00e9rents publics.<\/p>\n<p>Les amoureux de litt\u00e9rature et d\u2019histoire sont invit\u00e9s \u00e0 rencontrer l\u2019auteur Adrien Genoudet ce mercredi 22\u00a0octobre, \u00e0 partir de 18h30, pour son magnifique roman \u00ab\u00a0Nancy-Sa\u00efgon\u00a0\u00bb, paru au Seuil et coup de c\u0153ur de la libraire Marianne Lassus. L\u2019auteur, historien de formation, y raconte dans une tr\u00e8s belle \u00e9criture une histoire d\u2019amour et de famille, sur fond de guerre d\u2019Indochine, qui interroge la question centrale de la violence et fait la part belle aux \u00ab\u00a0fant\u00f4mes de l\u2019histoire et de la m\u00e9moire\u00a0\u00bb.<\/p>\n<p>Au chapitre BD, et pour f\u00eater la sortie du nouveau \u00ab\u00a0Ast\u00e9rix en Lusitanie\u00a0\u00bb, La Curieuse offre une d\u00e9gustation de \u00ab\u00a0pasteis de nata\u00a0\u00bb, confectionn\u00e9s par la boulangerie Pais \u00e0 Arudy. Rendez-vous le jeudi 23\u00a0octobre \u00e0 partir de 17h.<\/p>\n<p>Montagne et pastoralisme<\/p>\n<p>Les passionn\u00e9s de montagne se donneront \u00e0 leur tour rendez-vous vendredi 24\u00a0octobre, \u00e0 partir de 18h30, pour une s\u00e9ance de d\u00e9dicace avec Mariano de Gracia autour de son ouvrage \u00ab\u00a0Mes plus belles sorties montagne dans les Pyr\u00e9n\u00e9es\u00a0\u00bb, tout r\u00e9cemment publi\u00e9 par les \u00c9ditions MonH\u00e9lios. L\u2019occasion de rencontrer en chair et en os celui qui permet \u00e0 bon nombre de randonneurs de sillonner les sommets pyr\u00e9n\u00e9ens gr\u00e2ce \u00e0 ses topos.<\/p>\n<p>Enfin, le samedi 25\u00a0octobre, dans le cadre du tout nouveau festival Visions pastorales, une rencontre est organis\u00e9e \u00e0 la librairie avec l\u2019autrice et berg\u00e8re Florence Debove, autour du livre \u00ab\u00a0Pastorales\u00a0\u00bb (co\u00e9crit avec Violaine B\u00e9rot et Jean-Christophe Cavallin), publi\u00e9 par les \u00c9ditions Wildproject.<\/p>\n<p>Ces rencontres s\u2019inscrivent dans le cadre de L\u2019Entracte, programmation culturelle de la communaut\u00e9 de communes de la vall\u00e9e d\u2019Ossau.<\/p>\n<p>Pour tout renseignement, contacter La Curieuse au 05\u00a059\u00a012\u00a029\u00a003.<\/p>\n","protected":false},"excerpt":{"rendered":"La librairie La Curieuse \u00e0 Arudy, toujours dynamique, s\u2019appr\u00eate \u00e0 vivre une semaine riche de plusieurs \u00e9v\u00e9nements, \u00e0&hellip;\n","protected":false},"author":2,"featured_media":474807,"comment_status":"","ping_status":"","sticky":false,"template":"","format":"standard","meta":{"footnotes":""},"categories":[1357],"tags":[1379,58,59,1011,27,1380],"class_list":{"0":"post-474806","1":"post","2":"type-post","3":"status-publish","4":"format-standard","5":"has-post-thumbnail","7":"category-livres","8":"tag-books","9":"tag-divertissement","10":"tag-entertainment","11":"tag-fr","12":"tag-france","13":"tag-livres"},"share_on_mastodon":{"url":"https:\/\/pubeurope.com\/@fr\/115400929784079484","error":""},"_links":{"self":[{"href":"https:\/\/www.europesays.com\/fr\/wp-json\/wp\/v2\/posts\/474806","targetHints":{"allow":["GET"]}}],"collection":[{"href":"https:\/\/www.europesays.com\/fr\/wp-json\/wp\/v2\/posts"}],"about":[{"href":"https:\/\/www.europesays.com\/fr\/wp-json\/wp\/v2\/types\/post"}],"author":[{"embeddable":true,"href":"https:\/\/www.europesays.com\/fr\/wp-json\/wp\/v2\/users\/2"}],"replies":[{"embeddable":true,"href":"https:\/\/www.europesays.com\/fr\/wp-json\/wp\/v2\/comments?post=474806"}],"version-history":[{"count":0,"href":"https:\/\/www.europesays.com\/fr\/wp-json\/wp\/v2\/posts\/474806\/revisions"}],"wp:featuredmedia":[{"embeddable":true,"href":"https:\/\/www.europesays.com\/fr\/wp-json\/wp\/v2\/media\/474807"}],"wp:attachment":[{"href":"https:\/\/www.europesays.com\/fr\/wp-json\/wp\/v2\/media?parent=474806"}],"wp:term":[{"taxonomy":"category","embeddable":true,"href":"https:\/\/www.europesays.com\/fr\/wp-json\/wp\/v2\/categories?post=474806"},{"taxonomy":"post_tag","embeddable":true,"href":"https:\/\/www.europesays.com\/fr\/wp-json\/wp\/v2\/tags?post=474806"}],"curies":[{"name":"wp","href":"https:\/\/api.w.org\/{rel}","templated":true}]}}