{"id":474820,"date":"2025-10-19T12:59:12","date_gmt":"2025-10-19T12:59:12","guid":{"rendered":"https:\/\/www.europesays.com\/fr\/474820\/"},"modified":"2025-10-19T12:59:12","modified_gmt":"2025-10-19T12:59:12","slug":"sans-un-bruit-le-concurrent-francais-de-vinted-seteint-apres-10-ans-de-succes","status":"publish","type":"post","link":"https:\/\/www.europesays.com\/fr\/474820\/","title":{"rendered":"Sans un bruit, le concurrent fran\u00e7ais de Vinted s&rsquo;\u00e9teint apr\u00e8s 10\u00a0ans de succ\u00e8s"},"content":{"rendered":"<p>\n                C\u00f4t\u00e9 mode, la seconde main subit autant la crise que l&rsquo;industrie du pr\u00eat-\u00e0-porter. Silencieusement, le concurrent fran\u00e7ais de Vinted a ainsi ferm\u00e9 et personne ne le sait&#8230;            <\/p>\n<p>Tandis que les d\u00e9boires financiers des marques de mode font couler beaucoup d&rsquo;encre ; cet \u00e9t\u00e9, une p\u00e9pite de la seconde main made in France s&rsquo;est \u00e9teinte presque dans l&rsquo;indiff\u00e9rence. Rivale du g\u00e9ant <a href=\"https:\/\/www.journaldesfemmes.fr\/mode\/conseils-mode\/2575467-vinted-achat-vente-comment-ca-marche\/\" title=\"Appli Vinted\" rel=\"nofollow noopener\" target=\"_blank\">Vinted<\/a>, elle\u00a0a d\u00e9finitivement ferm\u00e9 ses portes le 24\u00a0juillet, quelque temps apr\u00e8s avoir \u00e9t\u00e9 plac\u00e9e en redressement judiciaire car incapable d&rsquo;honorer ses cr\u00e9ances.\u00a0<\/p>\n<p>Sp\u00e9cialis\u00e9e dans\u00a0la revente de sacs haut de gamme, la marque disposait d&rsquo;une force de frappe digitale non n\u00e9gligeable\u00a0:\u00a0252\u00a0000\u00a0abonn\u00e9s sur Instagram\u00a0&#8211; soit plus d&rsquo;1\/3 de l&rsquo;audience de son rival lituanien. Au summum de sa gloire, elle a m\u00eame \u00e9t\u00e9 approch\u00e9e par le grand magasin Printemps\u00a0et peut se targuer d&rsquo;avoir collabor\u00e9, sous forme d&rsquo;un corner permanent, avec les Galeries Lafayette &#8211; rien que \u00e7a.<\/p>\n<p>Depuis sa naissance en 2015, ce d\u00e9p\u00f4t-vente au mod\u00e8le phygital\u00a0a\u00a0fait la Une de nombreux m\u00e9dias, sur \u00e9crans de t\u00e9l\u00e9vision et d&rsquo;ordinateurs, avec des reportages\u00a0flatteurs l&rsquo;\u00e9rigeant\u00a0comme\u00a0Success Story \u00e0 suivre\u00a0:\u00a0Forbes, 50\u00a0Min Inside\u2026 En 2023, l&rsquo;entreprise r\u00e9ussit \u00e0 soulever 3\u00a0millions d&rsquo;euros &#8211; signal fort indiquant une bonne sant\u00e9 financi\u00e8re. Ce sp\u00e9cialiste de la seconde main de luxe n&rsquo;est autre que Monogram Paris.\u00a0<\/p>\n<p><img decoding=\"async\" alt=\"\" src=\"https:\/\/www.europesays.com\/fr\/wp-content\/uploads\/2025\/10\/40050719.jpg\"\/><br \/>\n\u00a9\u00a0Monogram x Galeries Lafayette<\/p>\n<p>Les clients d\u00e9posaient jadis leur sac de luxe aux sp\u00e9cialistes qui les authentifiaient puis les revendaient soit dans le\u00a0magasin du 16e arrondissement, soit dans le\u00a0stand des Galeries Lafayette, soit sur le\u00a0site.\u00a0<\/p>\n<p>Sans un bruit dans la presse g\u00e9n\u00e9raliste, mais \u00e0 coups d&rsquo;innombrables story et de publications en ligne\u00a0de la part de la fondatrice, l&rsquo;entreprise qui revendait des Birkin\u00a0et tout le toutim a\u00a0mis la cl\u00e9 sous la porte. Si elle affichait une r\u00e9ussite sans l&rsquo;ombre d&rsquo;un nuage, \u00e0 travers\u00a0un\u00a0storytelling d\u00e9peignant une glorieuse image ; en coulisses, c&rsquo;\u00e9tait en fait le naufrage. Elle \u00e9tait en d\u00e9ficit depuis 2021, avec un r\u00e9sultat net passant\u00a0de <a href=\"https:\/\/www.pappers.fr\/entreprise\/by-luxe-811445667\" target=\"_blank\" rel=\"nofollow noopener\">-57\u00a0109\u00a0euros en 2021\u00a0\u00e0 -1,5\u00a0million en 2023<\/a>.\u00a0Mais le drame ne s&rsquo;arr\u00eate pas l\u00e0\u00a0: s&rsquo;il affecte\u00a0la fondatrice et les employ\u00e9s, il y a aussi les clients &#8211; victimes collat\u00e9rales de l&rsquo;histoire.<\/p>\n<p>Certains se plaignent de n&rsquo;avoir jamais r\u00e9cup\u00e9r\u00e9\u00a0le sac d\u00e9pos\u00e9\u00a0ou l&rsquo;argent issu de la revente. Sur Instagram, ils n&rsquo;h\u00e9sitent pas \u00e0 vider leur sac. Parmi eux, @marieluvpink, suivie par plus de 55\u00a0000\u00a0abonn\u00e9s, qui a d\u00e9di\u00e9 un post entier \u00e0 ce sujet. Et les remboursements attendus comptent souvent\u00a0quatre chiffres, rapporte\u00a0<a href=\"https:\/\/www.glitz.paris\/fr\/entourage\/2025\/07\/31\/liquidation-et-plaintes-en-serie--monodrame-chez-monogram,110496836-gra\" target=\"_blank\" rel=\"nofollow noopener\">Glitz<\/a>.*<\/p>\n<p>Face aux questions de @Isabellecolin86,\u00a0le liquidateur explique\u00a0qu'\u00a0\u00bbil n&rsquo;existe plus aucun actif pour pouvoir d\u00e9dommager les clientes (&#8230;)\u00a0la soci\u00e9t\u00e9 ne dispose plus du moindre centime sur les comptes.\u00a0\u00bb\u00a0En ce sens, Monogram indique que \u00ab\u00a0toutes les demandes [des cr\u00e9anciers] ne pourront \u00eatre satisfaites.\u00a0\u00bb*\u00a0<\/p>\n","protected":false},"excerpt":{"rendered":"C\u00f4t\u00e9 mode, la seconde main subit autant la crise que l&rsquo;industrie du pr\u00eat-\u00e0-porter. Silencieusement, le concurrent fran\u00e7ais de&hellip;\n","protected":false},"author":2,"featured_media":474821,"comment_status":"","ping_status":"","sticky":false,"template":"","format":"standard","meta":{"footnotes":""},"categories":[7],"tags":[59816,51761,51763,1011,27,51766,54077,51767,43,40,41,39,42,44],"class_list":{"0":"post-474820","1":"post","2":"type-post","3":"status-publish","4":"format-standard","5":"has-post-thumbnail","7":"category-sciences-et-technologies","8":"tag-cms-journaldesfemmes-3244602","9":"tag-controller-content","10":"tag-format-papier","11":"tag-fr","12":"tag-france","13":"tag-les-histoires-du-jdf","14":"tag-magazine-mode","15":"tag-parallaxeinfeed","16":"tag-science","17":"tag-science-and-technology","18":"tag-sciences","19":"tag-sciences-et-technologies","20":"tag-technologies","21":"tag-technology"},"share_on_mastodon":{"url":"https:\/\/pubeurope.com\/@fr\/115400957925544835","error":""},"_links":{"self":[{"href":"https:\/\/www.europesays.com\/fr\/wp-json\/wp\/v2\/posts\/474820","targetHints":{"allow":["GET"]}}],"collection":[{"href":"https:\/\/www.europesays.com\/fr\/wp-json\/wp\/v2\/posts"}],"about":[{"href":"https:\/\/www.europesays.com\/fr\/wp-json\/wp\/v2\/types\/post"}],"author":[{"embeddable":true,"href":"https:\/\/www.europesays.com\/fr\/wp-json\/wp\/v2\/users\/2"}],"replies":[{"embeddable":true,"href":"https:\/\/www.europesays.com\/fr\/wp-json\/wp\/v2\/comments?post=474820"}],"version-history":[{"count":0,"href":"https:\/\/www.europesays.com\/fr\/wp-json\/wp\/v2\/posts\/474820\/revisions"}],"wp:featuredmedia":[{"embeddable":true,"href":"https:\/\/www.europesays.com\/fr\/wp-json\/wp\/v2\/media\/474821"}],"wp:attachment":[{"href":"https:\/\/www.europesays.com\/fr\/wp-json\/wp\/v2\/media?parent=474820"}],"wp:term":[{"taxonomy":"category","embeddable":true,"href":"https:\/\/www.europesays.com\/fr\/wp-json\/wp\/v2\/categories?post=474820"},{"taxonomy":"post_tag","embeddable":true,"href":"https:\/\/www.europesays.com\/fr\/wp-json\/wp\/v2\/tags?post=474820"}],"curies":[{"name":"wp","href":"https:\/\/api.w.org\/{rel}","templated":true}]}}