{"id":474825,"date":"2025-10-19T13:02:14","date_gmt":"2025-10-19T13:02:14","guid":{"rendered":"https:\/\/www.europesays.com\/fr\/474825\/"},"modified":"2025-10-19T13:02:14","modified_gmt":"2025-10-19T13:02:14","slug":"quatre-jeunes-blesses-dont-un-ejecte-de-la-voiture-dans-un-accident-les-pompiers-et-le-samu-mobilises","status":"publish","type":"post","link":"https:\/\/www.europesays.com\/fr\/474825\/","title":{"rendered":"Quatre jeunes bless\u00e9s, dont un \u00e9ject\u00e9 de la voiture, dans un accident, les pompiers et le SAMU mobilis\u00e9s"},"content":{"rendered":"<p>            Par<br \/>\n        <strong><br \/>\n            <a href=\"https:\/\/actu.fr\/auteur\/redaction-pressemanche\" title=\"Consulter tous les articles de R\u00e9daction La Presse de la Manche\" target=\"_blank\" rel=\"noopener\">R\u00e9daction La Presse de la Manche<\/a><br \/>\n        <\/strong><\/p>\n<p>        Publi\u00e9 le<\/p>\n<p>            19 oct. 2025 \u00e0 10h59        <\/p>\n<p><b>Dix-huit sapeurs-pompiers et le SAMU 50 <\/b>sont intervenus samedi 18\u00a0octobre 2025 <b>vers 23\u2009h\u200955<\/b> sur un<b> accident<\/b> rue de la P\u00eacherie \u00e0<a href=\"https:\/\/actu.fr\/normandie\/ducey-les-cheris_50168\" target=\"_blank\" rel=\"noopener\"> Ducey-Les Ch\u00e9ris <\/a>(<a href=\"https:\/\/actu.fr\/normandie\/manche_50\" target=\"_blank\" rel=\"noopener\">Manche)<\/a>.<\/p>\n<p class=\" wall-content\"><b>Une seule voiture<\/b> est impliqu\u00e9e.<\/p>\n<p>Un bless\u00e9 grave<\/p>\n<p class=\" wall-content\"><b>Un homme de 19\u00a0ans<\/b> a \u00e9t\u00e9<b> \u00e9ject\u00e9<\/b> du v\u00e9hicule et <b>gri\u00e8vement bless\u00e9. <\/b>Il a \u00e9t\u00e9 transport\u00e9 \u00e0 l\u2019h\u00f4pital d\u2019Avranches, comme les trois autres victimes \u2013 <b>une adolescente de 16\u00a0ans, un ado du m\u00eame \u00e2ge et un homme de 18\u00a0ans <\/b>\u2013 qui sont, elles, en <b>\u00e9tat l\u00e9ger.<\/b><\/p>\n<p class=\" wall-content\">Personnalisez votre actualit\u00e9 en ajoutant vos villes et m\u00e9dias en favori avec <a href=\"https:\/\/moncompte.actu.fr\" title=\"D\u00e9couvez Mon Actu\" rel=\"nofollow noopener\" data-trk=\"{&quot;cta&quot;:{&quot;action&quot;:&quot;https:\\\/\\\/moncompte.actu.fr&quot;,&quot;category&quot;:&quot;mon compte&quot;,&quot;from&quot;:&quot;article footer&quot;,&quot;name&quot;:&quot;Mon actu&quot;,&quot;type&quot;:&quot;cta&quot;}}\" target=\"_blank\">Mon Actu<\/a>.<\/p>\n","protected":false},"excerpt":{"rendered":"Par R\u00e9daction La Presse de la Manche Publi\u00e9 le 19 oct. 2025 \u00e0 10h59 Dix-huit sapeurs-pompiers et le&hellip;\n","protected":false},"author":2,"featured_media":474826,"comment_status":"","ping_status":"","sticky":false,"template":"","format":"standard","meta":{"footnotes":""},"categories":[4],"tags":[119,11,118,1011,27,12,1311,25,23784],"class_list":{"0":"post-474825","1":"post","2":"type-post","3":"status-publish","4":"format-standard","5":"has-post-thumbnail","7":"category-france","8":"tag-accident","9":"tag-actualites","10":"tag-faits-divers","11":"tag-fr","12":"tag-france","13":"tag-news","14":"tag-pompiers","15":"tag-republique-francaise","16":"tag-sud-manche"},"share_on_mastodon":{"url":"https:\/\/pubeurope.com\/@fr\/115400969281082264","error":""},"_links":{"self":[{"href":"https:\/\/www.europesays.com\/fr\/wp-json\/wp\/v2\/posts\/474825","targetHints":{"allow":["GET"]}}],"collection":[{"href":"https:\/\/www.europesays.com\/fr\/wp-json\/wp\/v2\/posts"}],"about":[{"href":"https:\/\/www.europesays.com\/fr\/wp-json\/wp\/v2\/types\/post"}],"author":[{"embeddable":true,"href":"https:\/\/www.europesays.com\/fr\/wp-json\/wp\/v2\/users\/2"}],"replies":[{"embeddable":true,"href":"https:\/\/www.europesays.com\/fr\/wp-json\/wp\/v2\/comments?post=474825"}],"version-history":[{"count":0,"href":"https:\/\/www.europesays.com\/fr\/wp-json\/wp\/v2\/posts\/474825\/revisions"}],"wp:featuredmedia":[{"embeddable":true,"href":"https:\/\/www.europesays.com\/fr\/wp-json\/wp\/v2\/media\/474826"}],"wp:attachment":[{"href":"https:\/\/www.europesays.com\/fr\/wp-json\/wp\/v2\/media?parent=474825"}],"wp:term":[{"taxonomy":"category","embeddable":true,"href":"https:\/\/www.europesays.com\/fr\/wp-json\/wp\/v2\/categories?post=474825"},{"taxonomy":"post_tag","embeddable":true,"href":"https:\/\/www.europesays.com\/fr\/wp-json\/wp\/v2\/tags?post=474825"}],"curies":[{"name":"wp","href":"https:\/\/api.w.org\/{rel}","templated":true}]}}