{"id":474829,"date":"2025-10-19T13:05:23","date_gmt":"2025-10-19T13:05:23","guid":{"rendered":"https:\/\/www.europesays.com\/fr\/474829\/"},"modified":"2025-10-19T13:05:23","modified_gmt":"2025-10-19T13:05:23","slug":"tardieu-soffre-un-double-pour-rien-une-defense-encore-en-souffrance","status":"publish","type":"post","link":"https:\/\/www.europesays.com\/fr\/474829\/","title":{"rendered":"Tardieu s\u2019offre un doubl\u00e9 pour rien, une d\u00e9fense encore en souffrance"},"content":{"rendered":"<p><strong>Le top<\/strong><\/p>\n<p>\u00a0Tardieu, ma\u00eetre coup de pied arr\u00eat\u00e9<\/p>\n<p>Il r\u00e9ussit un doubl\u00e9, son premier en vert. Un doubl\u00e9 qui aurait pu et d\u00fb \u00eatre d\u00e9cisif si ces co\u00e9quipiers avaient \u00e9t\u00e9 \u00e0 l\u2019unisson. Il \u00e9galise d\u2019un somptueux coup-franc aux 25 m\u00e8tres, qui a nettoy\u00e9 la lucarne apr\u00e8s avoir heurt\u00e9 le poteau (28e), avant de r\u00e9duire ensuite le score \u00e0 2-3\u00a0 sur un penalty parfaitement frapp\u00e9 (80e).<\/p>\n<p>S\u2019il a eu un peu de d\u00e9chet, le trentenaire a \u00e9t\u00e9 un utile par ses relais et son placement. Il a \u00e9t\u00e9 l\u2019un des rares&#8230;<\/p>\n","protected":false},"excerpt":{"rendered":"Le top \u00a0Tardieu, ma\u00eetre coup de pied arr\u00eat\u00e9 Il r\u00e9ussit un doubl\u00e9, son premier en vert. Un doubl\u00e9&hellip;\n","protected":false},"author":2,"featured_media":474830,"comment_status":"","ping_status":"","sticky":false,"template":"","format":"standard","meta":{"footnotes":""},"categories":[9653],"tags":[1111,11,4000,2430,7539,1777,674,107,63,1011,27,4002,3367,12,25,4001,7538,517],"class_list":{"0":"post-474829","1":"post","2":"type-post","3":"status-publish","4":"format-standard","5":"has-post-thumbnail","7":"category-saint-etienne","8":"tag-actu","9":"tag-actualites","10":"tag-asse-as-saint-etienne-football","11":"tag-auvergne-rhone-alpes","12":"tag-edition-loire-sud","13":"tag-eu","14":"tag-europe","15":"tag-fil-info","16":"tag-football","17":"tag-fr","18":"tag-france","19":"tag-haute-loire","20":"tag-loire","21":"tag-news","22":"tag-republique-francaise","23":"tag-saint-etienne","24":"tag-saint-etienne-ville","25":"tag-sport"},"share_on_mastodon":{"url":"https:\/\/pubeurope.com\/@fr\/115400980773779360","error":""},"_links":{"self":[{"href":"https:\/\/www.europesays.com\/fr\/wp-json\/wp\/v2\/posts\/474829","targetHints":{"allow":["GET"]}}],"collection":[{"href":"https:\/\/www.europesays.com\/fr\/wp-json\/wp\/v2\/posts"}],"about":[{"href":"https:\/\/www.europesays.com\/fr\/wp-json\/wp\/v2\/types\/post"}],"author":[{"embeddable":true,"href":"https:\/\/www.europesays.com\/fr\/wp-json\/wp\/v2\/users\/2"}],"replies":[{"embeddable":true,"href":"https:\/\/www.europesays.com\/fr\/wp-json\/wp\/v2\/comments?post=474829"}],"version-history":[{"count":0,"href":"https:\/\/www.europesays.com\/fr\/wp-json\/wp\/v2\/posts\/474829\/revisions"}],"wp:featuredmedia":[{"embeddable":true,"href":"https:\/\/www.europesays.com\/fr\/wp-json\/wp\/v2\/media\/474830"}],"wp:attachment":[{"href":"https:\/\/www.europesays.com\/fr\/wp-json\/wp\/v2\/media?parent=474829"}],"wp:term":[{"taxonomy":"category","embeddable":true,"href":"https:\/\/www.europesays.com\/fr\/wp-json\/wp\/v2\/categories?post=474829"},{"taxonomy":"post_tag","embeddable":true,"href":"https:\/\/www.europesays.com\/fr\/wp-json\/wp\/v2\/tags?post=474829"}],"curies":[{"name":"wp","href":"https:\/\/api.w.org\/{rel}","templated":true}]}}