{"id":474831,"date":"2025-10-19T13:06:23","date_gmt":"2025-10-19T13:06:23","guid":{"rendered":"https:\/\/www.europesays.com\/fr\/474831\/"},"modified":"2025-10-19T13:06:23","modified_gmt":"2025-10-19T13:06:23","slug":"photos-hommage-a-jean-marie-pelt-et-aux-acteurs-de-lecologie-au-jardin-botanique-de-villers-les-nancy","status":"publish","type":"post","link":"https:\/\/www.europesays.com\/fr\/474831\/","title":{"rendered":"Photos . Hommage \u00e0 Jean-Marie Pelt et aux acteurs de l&rsquo;\u00e9cologie au Jardin Botanique de Villers-l\u00e8s-Nancy"},"content":{"rendered":"<p>Ce samedi, le Jardin Botanique de Villers-l\u00e8s-Nancy a accueilli une c\u00e9r\u00e9monie en hommage \u00e0 Jean-Marie Pelt (1933-2015), botaniste lorrain, \u00e9cologiste et \u00e9crivain, ainsi qu&rsquo;aux acteurs de l&rsquo;\u00e9cologie.\u00a0\u00c0 sa disparition, le jardin botanique du Montet a \u00e9t\u00e9 rebaptis\u00e9 en son nom. Pour perp\u00e9tuer sa m\u00e9moire, un buste r\u00e9alis\u00e9 par l&rsquo;artiste Th\u00e9ophile Montaigu, a \u00e9t\u00e9 install\u00e9 au jardin botanique. Au cours de cette c\u00e9r\u00e9monie, plusieurs remises de prix ont \u00e9galement \u00e9t\u00e9 effectu\u00e9es.\u00a0<\/p>\n","protected":false},"excerpt":{"rendered":"Ce samedi, le Jardin Botanique de Villers-l\u00e8s-Nancy a accueilli une c\u00e9r\u00e9monie en hommage \u00e0 Jean-Marie Pelt (1933-2015), botaniste&hellip;\n","protected":false},"author":2,"featured_media":474832,"comment_status":"","ping_status":"","sticky":false,"template":"","format":"standard","meta":{"footnotes":""},"categories":[9635],"tags":[1111,11,1704,1777,674,1795,1011,27,5325,2798,775,1702,12,25,104,10261],"class_list":{"0":"post-474831","1":"post","2":"type-post","3":"status-publish","4":"format-standard","5":"has-post-thumbnail","7":"category-nancy","8":"tag-actu","9":"tag-actualites","10":"tag-edition-nancy-et-agglomeration","11":"tag-eu","12":"tag-europe","13":"tag-fil-web","14":"tag-fr","15":"tag-france","16":"tag-galerie-media","17":"tag-galerie-photo","18":"tag-grand-est","19":"tag-nancy","20":"tag-news","21":"tag-republique-francaise","22":"tag-societe","23":"tag-villers-les-nancy"},"share_on_mastodon":{"url":"https:\/\/pubeurope.com\/@fr\/115400984825383689","error":""},"_links":{"self":[{"href":"https:\/\/www.europesays.com\/fr\/wp-json\/wp\/v2\/posts\/474831","targetHints":{"allow":["GET"]}}],"collection":[{"href":"https:\/\/www.europesays.com\/fr\/wp-json\/wp\/v2\/posts"}],"about":[{"href":"https:\/\/www.europesays.com\/fr\/wp-json\/wp\/v2\/types\/post"}],"author":[{"embeddable":true,"href":"https:\/\/www.europesays.com\/fr\/wp-json\/wp\/v2\/users\/2"}],"replies":[{"embeddable":true,"href":"https:\/\/www.europesays.com\/fr\/wp-json\/wp\/v2\/comments?post=474831"}],"version-history":[{"count":0,"href":"https:\/\/www.europesays.com\/fr\/wp-json\/wp\/v2\/posts\/474831\/revisions"}],"wp:featuredmedia":[{"embeddable":true,"href":"https:\/\/www.europesays.com\/fr\/wp-json\/wp\/v2\/media\/474832"}],"wp:attachment":[{"href":"https:\/\/www.europesays.com\/fr\/wp-json\/wp\/v2\/media?parent=474831"}],"wp:term":[{"taxonomy":"category","embeddable":true,"href":"https:\/\/www.europesays.com\/fr\/wp-json\/wp\/v2\/categories?post=474831"},{"taxonomy":"post_tag","embeddable":true,"href":"https:\/\/www.europesays.com\/fr\/wp-json\/wp\/v2\/tags?post=474831"}],"curies":[{"name":"wp","href":"https:\/\/api.w.org\/{rel}","templated":true}]}}